{"id":2909,"date":"2021-04-02T09:30:56","date_gmt":"2021-04-02T07:30:56","guid":{"rendered":"https:\/\/edublog.educastur.es\/ixuxu\/?p=2909"},"modified":"2021-04-03T16:38:53","modified_gmt":"2021-04-03T14:38:53","slug":"dia-internacional-del-llibru-infantil-2","status":"publish","type":"post","link":"https:\/\/edublog.educastur.es\/ixuxu\/2021\/04\/dia-internacional-del-llibru-infantil-2\/","title":{"rendered":"D\u00eda Internacional del Llibru Infantil"},"content":{"rendered":"<div class=\"j83agx80 cbu4d94t ew0dbk1b irj2b8pg\">\n<div class=\"qzhwtbm6 knvmm38d\">\n<div class=\"kvgmc6g5 cxmmr5t8 oygrvhab hcukyx3x c1et5uql ii04i59q\">\n<div dir=\"auto\"><img loading=\"lazy\" decoding=\"async\" class=\"size-full aligncenter\" src=\"https:\/\/www.childrensliteratureassembly.org\/uploads\/1\/1\/8\/6\/118631535\/usbby-logo_orig.jpg\" width=\"414\" height=\"122\" \/><\/div>\n<div dir=\"auto\"><\/div>\n<div dir=\"auto\">La secci\u00f3n <a href=\"https:\/\/www.usbby.org\/\"><strong>US IBBY USBBY<\/strong><\/a> ye&#8217;l patrocinador del<strong> D\u00eda Internacional del Llibru Infantil<\/strong> de 2021. Cada a\u00f1u, el <span style=\"color: #008080\">ICBD cel\u00e9brase&#8217;l 2 d&#8217;abril para inspirar un amor pola llectura ente los ne\u00f1os.<\/span> Angua\u00f1o, USBBY convid\u00f3 a l&#8217;autora Margarita Engle a escribir el mensaxe y escoy\u00f3 la m\u00fasica de les palabres\u00a0 como&#8217;l lema de 2021 <a href=\"https:\/\/www.ibby.org\/...\/internat...\/2021-icbd-united-states\"><strong><em><span style=\"text-decoration: underline;color: #008080\">Llee&#8217;l so maraviyosu poema na celebraci\u00f3n de les palabres equ\u00ed<\/span><\/em><\/strong><\/a><\/div>\n<div dir=\"auto\" style=\"text-align: center\"><a href=\"https:\/\/imgbox.es\/images\/2021\/04\/03\/llibru614e10becf8b7ac0.png\"><img loading=\"lazy\" decoding=\"async\" class=\"alignnone\" src=\"https:\/\/imgbox.es\/images\/2021\/04\/03\/llibru614e10becf8b7ac0.png\" alt=\"\" width=\"900\" height=\"318\" \/><\/a><\/div>\n<div dir=\"auto\" style=\"text-align: center\"><\/div>\n<blockquote>\n<div dir=\"auto\"><span style=\"font-size: 20px;color: #008080\"><strong><em>La vida ye en si&#8217;l m\u00e1s maraviyosu cuentu de faes (hades).<\/em>\u00a0 <\/strong><\/span>H. C. Andersen<\/div>\n<\/blockquote>\n<div dir=\"auto\"><\/div>\n<div dir=\"auto\">El ganador del <span style=\"color: #008080\"><strong>premiu Hans Christian Andersen<\/strong><\/span> 2014 Roger Esmornio<a href=\"https:\/\/www.usbby.org\/uploads\/1\/0\/7\/0\/107064867\/2021_icbd_poster.pdf\"> cre\u00f3&#8217;l cartelu exuberante de 2021<\/a><\/div>\n<div dir=\"auto\"><a href=\"https:\/\/l.facebook.com\/l.php?u=https%3A%2F%2Fwww.ibby.org%2Fawards-activities%2Factivities%2Finternational-childrens-book-day%3Ffbclid%3DIwAR123i2XY3YOGbKk_smgsaxFEOoqwYIQA6z6Ha6ulC7QYApgYtCH79BWhwA&amp;h=AT00odFwjGVJDnpNlFtv8MwW6kXx9yq7sMqbs4AGPh1Qvo4ZUKv_wlRgrikEhIlVQGjJ5s_BiSlL_Q0mYgsLrDmW1W88gfkgy4j3_CzMFVFlzsaotZjSmU3OEMC55PlegA&amp;__tn__=-UK-R&amp;c[0]=AT008tNW7rvEC61r9Gp4H-XynYzi13bu5573BAxeooh32sGtn8Nnvz6jaeZYgHsXBfRK1XlmEBafEQk-Gh6QAC2Y6jmgmOZkfDPTZvn-NZkjGLzqiNlg9i7KOYUNnZWlAYeoxIBjgbG7MidwKgYXjwJrwHCCYfarObueYxJkxklDYow\">Puedes atopar los \u00faltimos mensaxes y cartelos de ICBD equ\u00ed.<\/a><\/div>\n<\/div>\n<div class=\"o9v6fnle cxmmr5t8 oygrvhab hcukyx3x c1et5uql ii04i59q\">\n<ul>\n<li><a href=\"https:\/\/www.facebook.com\/ibby.international\">P\u00e1xina facebook<\/a><\/li>\n<li><a href=\"https:\/\/www.usbby.org\/\">USBBY<\/a><\/li>\n<li><a href=\"https:\/\/www.usbby.org\/uploads\/1\/0\/7\/0\/107064867\/2021_icbd_poster.pdf\">PDF<\/a><\/li>\n<\/ul>\n<p><!--more--><\/p>\n<p style=\"text-align: center\">\n<!-- iframe plugin v.6.0 wordpress.org\/plugins\/iframe\/ -->\n<iframe loading=\"lazy\" src=\"https:\/\/www.facebook.com\/plugins\/video.php?height=420&#038;href=https%3A%2F%2Fwww.facebook.com%2Floqueleosantillanaspain%2Fvideos%2F831474083693511%2F&#038;show_text=true&#038;width=560\" width=\"560\" height=\"535\" style=\"border:none;overflow:hidden\" scrolling=\"no\" frameborder=\"0\" allowfullscreen=\"true\" allow=\"autoplay; clipboard-write; encrypted-media; picture-in-picture; web-share\" 0=\"\/iframe\" class=\"iframe-class\"><\/iframe>\n<\/p>\n<p style=\"text-align: center\"><a href=\"https:\/\/www.ibby.org.uk\/wp-content\/uploads\/2021\/01\/csm_Poster_2021_94a3d9b183.png\"><img loading=\"lazy\" decoding=\"async\" class=\"alignnone\" src=\"https:\/\/www.ibby.org.uk\/wp-content\/uploads\/2021\/01\/csm_Poster_2021_94a3d9b183.png\" alt=\"\" width=\"423\" height=\"564\" \/><\/a><\/p>\n<p>&nbsp;<\/p>\n<\/div>\n<\/div>\n<\/div>\n","protected":false},"excerpt":{"rendered":"<p>La secci\u00f3n US IBBY USBBY ye&#8217;l patrocinador del D\u00eda Internacional del Llibru Infantil de 2021. Cada a\u00f1u, el ICBD cel\u00e9brase&#8217;l 2 d&#8217;abril para inspirar un amor pola llectura ente los ne\u00f1os. Angua\u00f1o, USBBY convid\u00f3 a l&#8217;autora Margarita Engle a escribir el mensaxe y escoy\u00f3 la m\u00fasica de les palabres\u00a0 como&#8217;l lema de 2021 Llee&#8217;l so [&hellip;]<\/p>\n","protected":false},"author":117,"featured_media":0,"comment_status":"closed","ping_status":"open","sticky":false,"template":"","format":"standard","meta":{"footnotes":""},"categories":[6,10],"tags":[],"class_list":["post-2909","post","type-post","status-publish","format-standard","hentry","category-dia-de","category-llibros-reciella"],"_links":{"self":[{"href":"https:\/\/edublog.educastur.es\/ixuxu\/wp-json\/wp\/v2\/posts\/2909","targetHints":{"allow":["GET"]}}],"collection":[{"href":"https:\/\/edublog.educastur.es\/ixuxu\/wp-json\/wp\/v2\/posts"}],"about":[{"href":"https:\/\/edublog.educastur.es\/ixuxu\/wp-json\/wp\/v2\/types\/post"}],"author":[{"embeddable":true,"href":"https:\/\/edublog.educastur.es\/ixuxu\/wp-json\/wp\/v2\/users\/117"}],"replies":[{"embeddable":true,"href":"https:\/\/edublog.educastur.es\/ixuxu\/wp-json\/wp\/v2\/comments?post=2909"}],"version-history":[{"count":7,"href":"https:\/\/edublog.educastur.es\/ixuxu\/wp-json\/wp\/v2\/posts\/2909\/revisions"}],"predecessor-version":[{"id":4993,"href":"https:\/\/edublog.educastur.es\/ixuxu\/wp-json\/wp\/v2\/posts\/2909\/revisions\/4993"}],"wp:attachment":[{"href":"https:\/\/edublog.educastur.es\/ixuxu\/wp-json\/wp\/v2\/media?parent=2909"}],"wp:term":[{"taxonomy":"category","embeddable":true,"href":"https:\/\/edublog.educastur.es\/ixuxu\/wp-json\/wp\/v2\/categories?post=2909"},{"taxonomy":"post_tag","embeddable":true,"href":"https:\/\/edublog.educastur.es\/ixuxu\/wp-json\/wp\/v2\/tags?post=2909"}],"curies":[{"name":"wp","href":"https:\/\/api.w.org\/{rel}","templated":true}]}}