{"id":29102,"date":"2024-08-08T21:25:15","date_gmt":"2024-08-08T19:25:15","guid":{"rendered":"https:\/\/edublog.educastur.es\/ixuxu\/?p=29102"},"modified":"2024-08-08T21:28:21","modified_gmt":"2024-08-08T19:28:21","slug":"salu-va-activar-mananal-maximu-nivel-dalerta-por-altes-temperatures-nasturies","status":"publish","type":"post","link":"https:\/\/edublog.educastur.es\/ixuxu\/2024\/08\/salu-va-activar-mananal-maximu-nivel-dalerta-por-altes-temperatures-nasturies\/","title":{"rendered":"Sal\u00fa va activar ma\u00f1ana&#8217;l m\u00e1ximu nivel d&#8217;alerta por altes temperatures n&#8217;Asturies"},"content":{"rendered":"<div id=\"main-content\" class=\"columns-1\" role=\"main\">\n<div class=\"portlet-layout row\">\n<div id=\"column-1\" class=\"col-md-12 portlet-column portlet-column-only\">\n<div id=\"layout-column_column-1\" class=\"portlet-dropzone portlet-column-content portlet-column-content-only\">\n<div id=\"p_p_id_com_liferay_asset_publisher_web_portlet_AssetPublisherPortlet_INSTANCE_DSnKSBdGDt7q_\" class=\"portlet-boundary portlet-boundary_com_liferay_asset_publisher_web_portlet_AssetPublisherPortlet_ portlet-static portlet-static-end portlet-barebone portlet-asset-publisher nota-detalle\">\n<section id=\"portlet_com_liferay_asset_publisher_web_portlet_AssetPublisherPortlet_INSTANCE_DSnKSBdGDt7q\" class=\"portlet\">\n<div class=\"portlet-content\">\n<div class=\" portlet-content-container\">\n<div class=\"portlet-body\">\n<div>\n<div class=\"asset-full-content clearfix default-asset-publisher show-asset-title\">\n<div id=\"_com_liferay_asset_publisher_web_portlet_AssetPublisherPortlet_INSTANCE_DSnKSBdGDt7q_2030902\" class=\"asset-content\">\n<div class=\"clearfix journal-content-article\" data-analytics-asset-id=\"2030889\" data-analytics-asset-title=\"Salud activar\u00e1 ma\u00f1ana el m\u00e1ximo nivel de alerta por altas temperaturas en Asturias\" data-analytics-asset-type=\"web-content\">\n<div class=\"nota\">\n<div class=\"date\">\n<p>L&#8217;Aemet agora que nos pr\u00f3ximos d\u00edes van algamase los 35 graos en delles zones del Princip\u00e1u. Les autoridaes sanitaries encamienten protexese de les radiaciones solares, hidratarse y evitar el consumu de b\u00e9bores alcoh\u00f3liques. <a href=\"https:\/\/actualidad.asturias.es\/-\/salud-activar%C3%A1-ma%C3%B1ana-el-m%C3%A1ximo-nivel-de-alerta-por-altas-temperaturas-en-asturias?redirect=%2F\">Fonte: Actualid\u00e1 Asturies<\/a><\/p>\n<ul>\n<li><a href=\"https:\/\/obsaludasturias.com\/obsa\/actuaciones-preventivas-por-altas-temperaturas\/\">https:\/\/obsaludasturias.com\/obsa\/actuaciones-preventivas-por-altas-temperaturas\/<\/a><\/li>\n<\/ul>\n<p style=\"text-align: center\"><a href=\"https:\/\/actualidad.asturias.es\/documents\/537115\/2030892\/2024_08_08+Salud+Alerta+Calor.jpeg\/1f80bb07-cd28-ae40-b0c8-a2fc33edcb2c?t=1723117364997\"><img loading=\"lazy\" decoding=\"async\" class=\"aligncenter size-full\" src=\"https:\/\/actualidad.asturias.es\/documents\/537115\/2030892\/2024_08_08+Salud+Alerta+Calor.jpeg\/1f80bb07-cd28-ae40-b0c8-a2fc33edcb2c?t=1723117364997\" width=\"1413\" height=\"926\" \/><\/a><\/p>\n<p><!--more--><\/p>\n<\/div>\n<div class=\"imagen-principal\">\n<p>La Conseyer\u00eda de Sal\u00fa va activar ma\u00f1ana&#8217;l nivel d&#8217;alerta 3 (riesgu m\u00e1ximo) del Plan Nacional d&#8217;Actuaciones Preventives de los Efectos de los Escesos de Temperatura sobro la Sal\u00fa 2024 \u00e9nte les previsiones de l&#8217;<strong>Axencia Estatal de Meteorolox\u00eda (Aemet)<\/strong>, qu&#8217;agora que nos pr\u00f3ximos d\u00edes<strong> van algamase temperatures cimeres a los 35 graos en delles zones del Princip\u00e1u.<\/strong><\/p>\n<p>Les autoridaes sanitaries aconseyen a la ciudadan\u00eda protexese de les radiaciones solares, s&#8217;hidrate y evite el consumu de b\u00e9bores alcoh\u00f3liques. Am\u00e1s, aportunen na importancia de curiar de la poblaci\u00f3n m\u00e1s vulnerable al calor, esto ye, quien sufren enfermedaes cr\u00f3niques o trabayen al campu y ne\u00f1es y ne\u00f1os.<\/p>\n<p>Tami\u00e9n encamienten que se caltengan en fr\u00edu los alimentos, y\u00e1 que col calor aumenta&#8217;l riesgu d&#8217;infecciones alimentaries.<\/p>\n<p>La Direcci\u00f3n Xeneral de Sal\u00fa P\u00fablica y\u00e1 unvi\u00f3 a los centros sanitarios, a la Conseyer\u00eda de Derechos Sociales y Bienestar y a la Federaci\u00f3n Asturiana de Conceyos (FACC) la documentaci\u00f3n, qu&#8217;incl\u00fai los siguientes encamientos sanitarios \u00e9nte esta situaci\u00f3n d&#8217;altes temperatures:<\/p>\n<ul>\n<li><span style=\"color: #008080\"><em>Beber agua y l\u00edquidos con frecuencia, anque nun se sienta sei y con independencia de l&#8217;activid\u00e1 f\u00edsica que se realice.<\/em><\/span><\/li>\n<li><span style=\"color: #008080\"><em>Evitar les b\u00e9bores con cafe\u00edna, alcohol o bien azucaraes, y\u00e1 que pueden favorecer la deshidrataci\u00f3n.<\/em><\/span><\/li>\n<li><span style=\"color: #008080\"><em>Emprestar especial atenci\u00f3n a \u00f1\u00e1caros y menores, lactantes y muyeres xestantes, seg\u00fan a persones mayores o con enfermedaes que puedan agravase col calor (patolox\u00edes cardiaques, renales, diabetes, hipertensi\u00f3n, obesid\u00e1, c\u00e1ncer, patolox\u00edes qu&#8217;enzanquen la movilid\u00e1, llocura y otres enfermedaes mentales, seg\u00fan l&#8217;abusu de drogues o alcohol).<\/em><\/span><\/li>\n<li><span style=\"color: #008080\"><em>Permanecer el mayor tiempu posible en llugares frescos, a la solombra o climatizaos, y enfrescase cada vez que s\u00eda necesariu.<\/em><\/span><br \/>\n<span style=\"color: #008080\"><em>Amenorgar l&#8217;activid\u00e1 f\u00edsica y evitar deportes al campu nes hores centrales del d\u00eda.<\/em><\/span><\/li>\n<li><span style=\"color: #008080\"><em>Usar ropa llixero, folgosa y que dexe transpirar.<\/em><\/span><\/li>\n<li><span style=\"color: #008080\"><em>Evitar dexar a cualquier persona en veh\u00edculos aparcaos y zarraos (especialmente a persones menores d&#8217;ed\u00e1, mayores o con enfermedaes cr\u00f3niques).<\/em><\/span><\/li>\n<li><span style=\"color: #008080\"><em>Consultar a profesionales sanitarios \u00e9nte s\u00edntomes que s&#8217;enllarguen m\u00e1s d&#8217;una hora y que puedan tar rellacionaos coles altes temperatures.<\/em><\/span><\/li>\n<li><span style=\"color: #008080\"><em>Caltener les medicines nun llugar frescu, cuidao que el calor puede alteriar la so composici\u00f3n y los sos efectos.<\/em><\/span><\/li>\n<li><span style=\"color: #008080\"><em>Faer com\u00edes llixeres qu&#8217;ayuden a reponer los sales perd\u00edos pol sudu (ensalaes, frutes, verdures, zusmios, etc.)<\/em><\/span><\/li>\n<\/ul>\n<p><strong>Plan Nacional contra&#8217;l Calor 2024<\/strong><\/p>\n<p>El Plan Nacional d&#8217;Actuaciones Preventives de los Efectos de los Escesos de Temperatura sobro la Sal\u00fa<strong> act\u00edvase tolos branos ente mayu y setiembre ya incl\u00fai<\/strong>, ente otres mid\u00edes, la monitorizaci\u00f3n de les previsiones de temperatures p&#8217;Asturies, ellaboraes pola Aemet y l&#8217;espardimientu d&#8217;alertes rellacionaes col calor cuando estes previsiones superen niveles de riesgu pa la sal\u00fa, estrem\u00e1u ente situaciones de riesgu baxo, mediu y alto.<\/p>\n<p>El plan busca menguar la morbilid\u00e1 y la mortalid\u00e1 acomu\u00f1ada a temperatures elevaes, y\u00e1 que se repar\u00f3 que tr\u00e9s o m\u00e1s d\u00edes consecutivos de temperatures altes y non habituales pueden dir acompa\u00f1aos d&#8217;una medr\u00eda neses cifres.<\/p>\n<p>L&#8217;asignaci\u00f3n de los niveles d&#8217;alerta real\u00edzase teniendo en cuenta los estragales establec\u00edos pal Princip\u00e1u, qu&#8217;asitien les temperatures m\u00e1ximes nos 25 graos.<\/p>\n<\/div>\n<div class=\"description\">\n<p>&nbsp;<\/p>\n<\/div>\n<\/div>\n<\/div>\n<\/div>\n<\/div>\n<\/div>\n<\/div>\n<\/div>\n<\/div>\n<\/section>\n<\/div>\n<\/div>\n<\/div>\n<\/div>\n<\/div>\n<p>&nbsp;<\/p>\n","protected":false},"excerpt":{"rendered":"<p>L&#8217;Aemet agora que nos pr\u00f3ximos d\u00edes van algamase los 35 graos en delles zones del Princip\u00e1u. Les autoridaes sanitaries encamienten protexese de les radiaciones solares, hidratarse y evitar el consumu de b\u00e9bores alcoh\u00f3liques. Fonte: Actualid\u00e1 Asturies https:\/\/obsaludasturias.com\/obsa\/actuaciones-preventivas-por-altas-temperaturas\/<\/p>\n","protected":false},"author":117,"featured_media":0,"comment_status":"open","ping_status":"open","sticky":false,"template":"","format":"standard","meta":{"footnotes":""},"categories":[48,5],"tags":[],"class_list":["post-29102","post","type-post","status-publish","format-standard","hentry","category-salu","category-tiempu"],"_links":{"self":[{"href":"https:\/\/edublog.educastur.es\/ixuxu\/wp-json\/wp\/v2\/posts\/29102","targetHints":{"allow":["GET"]}}],"collection":[{"href":"https:\/\/edublog.educastur.es\/ixuxu\/wp-json\/wp\/v2\/posts"}],"about":[{"href":"https:\/\/edublog.educastur.es\/ixuxu\/wp-json\/wp\/v2\/types\/post"}],"author":[{"embeddable":true,"href":"https:\/\/edublog.educastur.es\/ixuxu\/wp-json\/wp\/v2\/users\/117"}],"replies":[{"embeddable":true,"href":"https:\/\/edublog.educastur.es\/ixuxu\/wp-json\/wp\/v2\/comments?post=29102"}],"version-history":[{"count":3,"href":"https:\/\/edublog.educastur.es\/ixuxu\/wp-json\/wp\/v2\/posts\/29102\/revisions"}],"predecessor-version":[{"id":29105,"href":"https:\/\/edublog.educastur.es\/ixuxu\/wp-json\/wp\/v2\/posts\/29102\/revisions\/29105"}],"wp:attachment":[{"href":"https:\/\/edublog.educastur.es\/ixuxu\/wp-json\/wp\/v2\/media?parent=29102"}],"wp:term":[{"taxonomy":"category","embeddable":true,"href":"https:\/\/edublog.educastur.es\/ixuxu\/wp-json\/wp\/v2\/categories?post=29102"},{"taxonomy":"post_tag","embeddable":true,"href":"https:\/\/edublog.educastur.es\/ixuxu\/wp-json\/wp\/v2\/tags?post=29102"}],"curies":[{"name":"wp","href":"https:\/\/api.w.org\/{rel}","templated":true}]}}