{"id":29106,"date":"2024-08-07T11:00:01","date_gmt":"2024-08-07T09:00:01","guid":{"rendered":"https:\/\/edublog.educastur.es\/ixuxu\/?p=29106"},"modified":"2024-08-08T21:36:33","modified_gmt":"2024-08-08T19:36:33","slug":"29106","status":"publish","type":"post","link":"https:\/\/edublog.educastur.es\/ixuxu\/2024\/08\/29106\/","title":{"rendered":"Va 140 a\u00f1os naz Fern\u00e1n Coronas, el Padre Galo."},"content":{"rendered":"<ul>\n<li><a href=\"https:\/\/www.facebook.com\/photo\/?fbid=999935675472970&amp;set=a.439982131468330\">Cartelu\u00a0<\/a> \/<span class=\"x193iq5w xeuugli x13faqbe x1vvkbs x1xmvt09 x1f6kntn xvq8zen xo1l8bm xi81zsa\"><span class=\"xt0psk2\"><a class=\"x1i10hfl xjbqb8w x1ejq31n xd10rxx x1sy0etr x17r0tee x972fbf xcfux6l x1qhh985 xm0m39n x9f619 x1ypdohk xt0psk2 xe8uvvx xdj266r x11i5rnm xat24cr x1mh8g0r xexx8yu x4uap5 x18d9i69 xkhd6sd x16tdsg8 x1hl2dhg xggy1nq x1a2a7pz x1sur9pj xkrqix3 xzsf02u x1s688f\" role=\"link\" href=\"https:\/\/www.facebook.com\/Inaciugalan?__cft__[0]=AZXd9uoUDD1qylTt0u6Qv4CkLLaS_7P3FRXQaTJGwRD4Hk8uJ45-nQR3XREi0aot8FQHQIq8mavTf2B9kOZRo3mLBhY5_tlvRNWRVKaYuZr1UmRajK9esuTZWJ_L2PB1jwNTiTJpI1a83FSMmmJ5VoA_Z8cSyd9oAiKDRzNPBY57uxIA8Tt4-EbUz2G6t0Yas4Wm_zuHzUef-IrBpTyhn_8AIUDe-e3nBe4iZn-AhMuiHnt5SD_ZEstoihiWk8gfV_U&amp;__tn__=-UC*F\">Inaciu Gal\u00e1n<\/a><\/span><\/span><\/li>\n<\/ul>\n<p><span class=\"x193iq5w xeuugli x13faqbe x1vvkbs x1xmvt09 x1lliihq x1s928wv xhkezso x1gmr53x x1cpjm7i x1fgarty x1943h6x xudqn12 x3x7a5m x1f6kntn xvq8zen xo1l8bm xzsf02u\" dir=\"auto\">Un d\u00eda como g\u00fcei, va 140 a\u00f1os, naz Fern\u00e1n Coronas, el <a href=\"https:\/\/www.valdes.es\/padre-galo\"><strong>Padre Galo.<\/strong><\/a> G\u00fcei en Cadav\u00e9u vamos fallar el premiu de poes\u00eda que dende va 30 a\u00f1os lleva\u2019l so nome.<\/span><\/p>\n<p style=\"text-align: center\">\n<!-- iframe plugin v.6.0 wordpress.org\/plugins\/iframe\/ -->\n<iframe loading=\"lazy\" src=\"https:\/\/www.facebook.com\/plugins\/post.php?href=https%3A%2F%2Fwww.facebook.com%2FInaciugalan%2Fposts%2Fpfbid0oZBtMFo2kJnvwDJHgyUMZY8iZg1DnpuAXyNoHkNCTVekrrq2W3mMCq3LiSuEPAChl&#038;show_text=false&#038;width=500\" width=\"500\" height=\"498\" style=\"border:none;overflow:hidden\" scrolling=\"no\" frameborder=\"0\" allowfullscreen=\"true\" allow=\"autoplay; clipboard-write; encrypted-media; picture-in-picture; web-share\" 0=\"\/iframe\" class=\"iframe-class\"><\/iframe>\n<\/p>\n","protected":false},"excerpt":{"rendered":"<p>Cartelu\u00a0 \/Inaciu Gal\u00e1n Un d\u00eda como g\u00fcei, va 140 a\u00f1os, naz Fern\u00e1n Coronas, el Padre Galo. G\u00fcei en Cadav\u00e9u vamos fallar el premiu de poes\u00eda que dende va 30 a\u00f1os lleva\u2019l so nome.<\/p>\n","protected":false},"author":117,"featured_media":0,"comment_status":"open","ping_status":"open","sticky":false,"template":"","format":"standard","meta":{"footnotes":""},"categories":[264,322],"tags":[],"class_list":["post-29106","post","type-post","status-publish","format-standard","hentry","category-efemerides","category-inaciu-galan"],"_links":{"self":[{"href":"https:\/\/edublog.educastur.es\/ixuxu\/wp-json\/wp\/v2\/posts\/29106","targetHints":{"allow":["GET"]}}],"collection":[{"href":"https:\/\/edublog.educastur.es\/ixuxu\/wp-json\/wp\/v2\/posts"}],"about":[{"href":"https:\/\/edublog.educastur.es\/ixuxu\/wp-json\/wp\/v2\/types\/post"}],"author":[{"embeddable":true,"href":"https:\/\/edublog.educastur.es\/ixuxu\/wp-json\/wp\/v2\/users\/117"}],"replies":[{"embeddable":true,"href":"https:\/\/edublog.educastur.es\/ixuxu\/wp-json\/wp\/v2\/comments?post=29106"}],"version-history":[{"count":5,"href":"https:\/\/edublog.educastur.es\/ixuxu\/wp-json\/wp\/v2\/posts\/29106\/revisions"}],"predecessor-version":[{"id":29111,"href":"https:\/\/edublog.educastur.es\/ixuxu\/wp-json\/wp\/v2\/posts\/29106\/revisions\/29111"}],"wp:attachment":[{"href":"https:\/\/edublog.educastur.es\/ixuxu\/wp-json\/wp\/v2\/media?parent=29106"}],"wp:term":[{"taxonomy":"category","embeddable":true,"href":"https:\/\/edublog.educastur.es\/ixuxu\/wp-json\/wp\/v2\/categories?post=29106"},{"taxonomy":"post_tag","embeddable":true,"href":"https:\/\/edublog.educastur.es\/ixuxu\/wp-json\/wp\/v2\/tags?post=29106"}],"curies":[{"name":"wp","href":"https:\/\/api.w.org\/{rel}","templated":true}]}}