{"id":29136,"date":"2024-08-09T12:59:22","date_gmt":"2024-08-09T10:59:22","guid":{"rendered":"https:\/\/edublog.educastur.es\/ixuxu\/?p=29136"},"modified":"2024-08-09T13:13:56","modified_gmt":"2024-08-09T11:13:56","slug":"v-concursu-de-sidre-caseru-donis","status":"publish","type":"post","link":"https:\/\/edublog.educastur.es\/ixuxu\/2024\/08\/v-concursu-de-sidre-caseru-donis\/","title":{"rendered":"V Concursu de Sidre Caseru d\u2019On\u00eds"},"content":{"rendered":"<header class=\"entry-header\">\n<ul>\n<li class=\"entry-title\">\n<h3>Fonte: <span class=\"author vcard\"><a class=\"url fn n\" href=\"https:\/\/www.lasidra.as\/author\/lasidra\/\">Lasidra_<\/a><\/span><span class=\"posted-on\"><a href=\"https:\/\/www.lasidra.as\/v-concursu-de-sidre-caseru-donis\/\" rel=\"bookmark\">7 Agostu, 2024<\/a><\/span><\/h3>\n<\/li>\n<\/ul>\n<\/header>\n<div class=\"entry-thumb\" style=\"text-align: center\"><a href=\"https:\/\/www.lasidra.as\/wp-content\/uploads\/2024\/08\/Cartel-concurso-Sidra-Caseru-Onis-2024-480x679-1-300x424.jpg\"><img loading=\"lazy\" decoding=\"async\" class=\"aligncenter \" src=\"https:\/\/www.lasidra.as\/wp-content\/uploads\/2024\/08\/Cartel-concurso-Sidra-Caseru-Onis-2024-480x679-1-300x424.jpg\" width=\"340\" height=\"481\" \/><\/a><\/div>\n<div class=\"entry-content\">\n<p><strong>Cellebrar\u00e1se\u2019l s\u00e1badu 24 d\u2019agostu en Benia, tres el cual va haber una prueba popular de les distintes sidres presentaes.<\/strong><\/p>\n<p>LA SIDRA.-\u00a0 Entam\u00e1u por La Ruta de Pep\u00edn, y el Conceyu d\u2019On\u00eds, el\u00a0 vienres 23 van tener llugar les semifinales nel Chigre del Mol\u00edn de Tullidi, y el s\u00e1badu va tener llugar la Preba popular de la sidre casero presentada a concursu (12:00 h.). y la final coles sidres seleccionaes el d\u00edi enantes, procedi\u00e9ndose darr\u00e9u a la entrega de premios a los gallardonaos.<\/p>\n<p><!--more--><\/p>\n<p>BASES CONCURSU SIDRE:<\/p>\n<p>Participaci\u00f3n abierta a cualisquier productor de sidre caseru d\u2019Asturies<\/p>\n<ul>\n<li>Cada participante tendr\u00e1 d\u2019apurrir caxa y media de sidre a lo llargo de los d\u00edes 20, 21 y 22 d\u2019agostu en Sirviella (Ruta de Pep\u00edn), n\u2019horariu de 19 a 21h. Tf. Pep\u00edn 608 784 763. Indicando nome, apell\u00edu, pueblu, conceyu y tel\u00e9fonu. En eeng\u00fan casu almitir\u00e1n sidres fuera del plazu d\u2019entrega.<\/li>\n<li>La sidra va tar en botella verde tradicional, ensin etiquetes y los corchos ensin denguna identificaci\u00f3n personalizada.<\/li>\n<li>Los 3 meyores clasificaos del Conceyu d\u2019On\u00eds opten a participar na final asturiana de sidre casero.<\/li>\n<\/ul>\n<p>&nbsp;<\/p>\n<\/div>\n<p>&nbsp;<\/p>\n","protected":false},"excerpt":{"rendered":"<p>Fonte: Lasidra_7 Agostu, 2024 Cellebrar\u00e1se\u2019l s\u00e1badu 24 d\u2019agostu en Benia, tres el cual va haber una prueba popular de les distintes sidres presentaes. LA SIDRA.-\u00a0 Entam\u00e1u por La Ruta de Pep\u00edn, y el Conceyu d\u2019On\u00eds, el\u00a0 vienres 23 van tener llugar les semifinales nel Chigre del Mol\u00edn de Tullidi, y el s\u00e1badu va tener llugar [&hellip;]<\/p>\n","protected":false},"author":117,"featured_media":0,"comment_status":"open","ping_status":"open","sticky":false,"template":"","format":"standard","meta":{"footnotes":""},"categories":[61,156],"tags":[],"class_list":["post-29136","post","type-post","status-publish","format-standard","hentry","category-concursu","category-sidre"],"_links":{"self":[{"href":"https:\/\/edublog.educastur.es\/ixuxu\/wp-json\/wp\/v2\/posts\/29136","targetHints":{"allow":["GET"]}}],"collection":[{"href":"https:\/\/edublog.educastur.es\/ixuxu\/wp-json\/wp\/v2\/posts"}],"about":[{"href":"https:\/\/edublog.educastur.es\/ixuxu\/wp-json\/wp\/v2\/types\/post"}],"author":[{"embeddable":true,"href":"https:\/\/edublog.educastur.es\/ixuxu\/wp-json\/wp\/v2\/users\/117"}],"replies":[{"embeddable":true,"href":"https:\/\/edublog.educastur.es\/ixuxu\/wp-json\/wp\/v2\/comments?post=29136"}],"version-history":[{"count":3,"href":"https:\/\/edublog.educastur.es\/ixuxu\/wp-json\/wp\/v2\/posts\/29136\/revisions"}],"predecessor-version":[{"id":29142,"href":"https:\/\/edublog.educastur.es\/ixuxu\/wp-json\/wp\/v2\/posts\/29136\/revisions\/29142"}],"wp:attachment":[{"href":"https:\/\/edublog.educastur.es\/ixuxu\/wp-json\/wp\/v2\/media?parent=29136"}],"wp:term":[{"taxonomy":"category","embeddable":true,"href":"https:\/\/edublog.educastur.es\/ixuxu\/wp-json\/wp\/v2\/categories?post=29136"},{"taxonomy":"post_tag","embeddable":true,"href":"https:\/\/edublog.educastur.es\/ixuxu\/wp-json\/wp\/v2\/tags?post=29136"}],"curies":[{"name":"wp","href":"https:\/\/api.w.org\/{rel}","templated":true}]}}