{"id":29158,"date":"2024-08-13T18:05:13","date_gmt":"2024-08-13T16:05:13","guid":{"rendered":"https:\/\/edublog.educastur.es\/ixuxu\/?p=29158"},"modified":"2024-08-13T18:24:59","modified_gmt":"2024-08-13T16:24:59","slug":"manana-entamal-festival-interceltique-de-lorient","status":"publish","type":"post","link":"https:\/\/edublog.educastur.es\/ixuxu\/2024\/08\/manana-entamal-festival-interceltique-de-lorient\/","title":{"rendered":"53\u00aa Festival Interceltic 2024 centra l&#8217;atenci\u00f3n na moced\u00e1 celta del 12 al 18 d&#8217;agostu."},"content":{"rendered":"<div class=\"html-div xdj266r x11i5rnm xat24cr x1mh8g0r xexx8yu x4uap5 x18d9i69 xkhd6sd\" dir=\"auto\">\n<div id=\":r15i:\" class=\"x1iorvi4 x1pi30zi x1l90r2v x1swvt13\" data-ad-comet-preview=\"message\" data-ad-preview=\"message\">\n<div class=\"x78zum5 xdt5ytf xz62fqu x16ldp7u\">\n<div class=\"xu06os2 x1ok221b\">\n<div class=\"xdj266r x11i5rnm xat24cr x1mh8g0r x1vvkbs x126k92a\">\n<ul>\n<li dir=\"auto\"><span class=\"html-span xdj266r x11i5rnm xat24cr x1mh8g0r xexx8yu x4uap5 x18d9i69 xkhd6sd x1hl2dhg x16tdsg8 x1vvkbs\"><a class=\"x1i10hfl xjbqb8w x1ejq31n xd10rxx x1sy0etr x17r0tee x972fbf xcfux6l x1qhh985 xm0m39n x9f619 x1ypdohk xt0psk2 xe8uvvx xdj266r x11i5rnm xat24cr x1mh8g0r xexx8yu x4uap5 x18d9i69 xkhd6sd x16tdsg8 x1hl2dhg xggy1nq x1a2a7pz x1sur9pj xkrqix3 x1fey0fg xo1l8bm\" role=\"link\" href=\"https:\/\/www.facebook.com\/festival.interceltique.lorient?__cft__[0]=AZUnAaYTR-kKZZyQ6I9v6QDol29k3wy6AS8gU2nr4ZUeafO6mz9IMx_KVtg5XYKgr3MJxRcUNHStjhQuGtm03z5hRVLe3f4-KW4H5TA8HC_Gr1SBd6u0jR9jxOkIhW4uwa4Pl4hVXhR1IytM1Ha4N-6UZ_kEmqKlHORXOx9HIiBuAQ8BxSt0pIgYkrqMX1ujaZM&amp;__tn__=-]K-R\"><span class=\"xt0psk2\">Festival Interceltique de Lorient<\/span><\/a><\/span><span class=\"html-span xexx8yu x4uap5 x18d9i69 xkhd6sd x1hl2dhg x16tdsg8 x1vvkbs x3nfvp2 x1j61x8r x1fcty0u xdj266r xat24cr xgzva0m xhhsvwb xxymvpz xlup9mm x1kky2od\"><span class=\"html-span xexx8yu x4uap5 x18d9i69 xkhd6sd x1hl2dhg x16tdsg8 x1vvkbs x3nfvp2 x1j61x8r x1fcty0u xdj266r xat24cr xgzva0m xhhsvwb xxymvpz xlup9mm x1kky2od\"><img loading=\"lazy\" decoding=\"async\" class=\"xz74otr\" src=\"https:\/\/static.xx.fbcdn.net\/images\/emoji.php\/v9\/t50\/1\/16\/2757.png\" alt=\"\u2757\" width=\"16\" height=\"16\" \/>\/ <a href=\"https:\/\/www.festival-interceltique.bzh\/espanol-festival-interceltico-lorient\/\">web<\/a> \/<br \/>\n<\/span><\/span><\/p>\n<div class=\"x9f619 x1n2onr6 x1ja2u2z x78zum5 xdt5ytf x2lah0s x193iq5w xeuugli xsyo7zv x16hj40l x10b6aqq x1yrsyyn\"><\/div>\n<\/li>\n<li dir=\"auto\">\n<div class=\"html-div xdj266r x11i5rnm xat24cr x1mh8g0r xexx8yu x4uap5 x18d9i69 xkhd6sd\">\n<div class=\"x78zum5 xdt5ytf xz62fqu x16ldp7u\">\n<div class=\"xu06os2 x1ok221b\"><span class=\"x1lliihq x6ikm8r x10wlt62 x1n2onr6\"><span class=\"xt0psk2\"><a class=\"x1i10hfl xjbqb8w x1ejq31n xd10rxx x1sy0etr x17r0tee x972fbf xcfux6l x1qhh985 xm0m39n x9f619 x1ypdohk xt0psk2 xe8uvvx xdj266r x11i5rnm xat24cr x1mh8g0r xexx8yu x4uap5 x18d9i69 xkhd6sd x16tdsg8 x1hl2dhg xggy1nq x1a2a7pz x1sur9pj xkrqix3 xzsf02u x1s688f\" role=\"link\" href=\"https:\/\/www.facebook.com\/festival.interceltique.lorient?__cft__[0]=AZVQBL3yT0ywAEQXKaIFSlBMCGXTEerNaajh8yhuoQjppfoTYDVV9zeIsexToF1p29BgGLBroeofsZ6Dl5VY9_UAk67EGpq_7evC6qY6rIYAEbOoz24H0VnKyrY8GR860CFSLeHO2pJrh9h2HYA48u5calLIITULEUHwhR_0tN_-ppnCtUDhZip2kup1mu-JSS5lEXY-DpaauY3YVBcM1OuNXt6NdSV25m5LjSavvVPTZVCXIq4qit7gmfbOUVimQ3k&amp;__tn__=-UC%2CP-y-R\"><strong class=\"html-strong xdj266r x11i5rnm xat24cr x1mh8g0r xexx8yu x4uap5 x18d9i69 xkhd6sd x1hl2dhg x16tdsg8 x1vvkbs x1s688f\"><span class=\"html-span xdj266r x11i5rnm xat24cr x1mh8g0r xexx8yu x4uap5 x18d9i69 xkhd6sd x1hl2dhg x16tdsg8 x1vvkbs\">Festival Interceltique de Lorient<\/span><\/strong><\/a><\/span><span class=\"html-span xdj266r x11i5rnm xat24cr x1mh8g0r xexx8yu x4uap5 x18d9i69 xkhd6sd x1hl2dhg x16tdsg8 x1vvkbs x1dor1uw x1n2onr6\"> \/ <\/span><\/span>Semeyes del equipu de fot\u00f3grafos voluntarios <span class=\"html-span xexx8yu x4uap5 x18d9i69 xkhd6sd x1hl2dhg x16tdsg8 x1vvkbs x3nfvp2 x1j61x8r x1fcty0u xdj266r xat24cr xgzva0m xhhsvwb xxymvpz xlup9mm x1kky2od\"><img loading=\"lazy\" decoding=\"async\" class=\"xz74otr\" src=\"https:\/\/static.xx.fbcdn.net\/images\/emoji.php\/v9\/t51\/1\/16\/1f449.png\" alt=\"?\" width=\"16\" height=\"16\" \/><\/span> <span class=\"html-span xdj266r x11i5rnm xat24cr x1mh8g0r xexx8yu x4uap5 x18d9i69 xkhd6sd x1hl2dhg x16tdsg8 x1vvkbs\"><a class=\"x1i10hfl xjbqb8w x1ejq31n xd10rxx x1sy0etr x17r0tee x972fbf xcfux6l x1qhh985 xm0m39n x9f619 x1ypdohk xt0psk2 xe8uvvx xdj266r x11i5rnm xat24cr x1mh8g0r xexx8yu x4uap5 x18d9i69 xkhd6sd x16tdsg8 x1hl2dhg xggy1nq x1a2a7pz x1sur9pj xkrqix3 x1fey0fg\" role=\"link\" href=\"https:\/\/bit.ly\/3SJHmOf?fbclid=IwZXh0bgNhZW0CMTAAAR26-1GhY9zci9vImaa-xmXOLGGnZAGcL3jIvlrQCm5FdTR_4kF6oyQtM78_aem_wsww8K6Fb2XymWCWzEzlCA\" target=\"_blank\" rel=\"nofollow noopener noreferrer\">https:\/\/bit.ly\/3SJHmOf<\/a><\/span><\/div>\n<\/div>\n<\/div>\n<blockquote class=\"html-blockquote xexx8yu x18d9i69 xckqwgs x26u7qi x7g060r x1gslohp x11i5rnm xieb3on x1pi30zi x1swvt13 x1d52u69\">\n<div class=\"x78zum5 xdt5ytf xz62fqu x16ldp7u\">\n<div class=\"xu06os2 x1ok221b\"><\/div>\n<\/div>\n<\/blockquote>\n<\/li>\n<\/ul>\n<p style=\"text-align: center\"><a href=\"https:\/\/www.festival-interceltique.bzh\/wp-content\/uploads\/2024\/01\/FIL-AFF-40x60-2024-simple-ESPAGNOL.png\"><img loading=\"lazy\" decoding=\"async\" class=\"aligncenter \" src=\"https:\/\/www.festival-interceltique.bzh\/wp-content\/uploads\/2024\/01\/FIL-AFF-40x60-2024-simple-ESPAGNOL.png\" width=\"373\" height=\"560\" \/><\/a><!--more--><\/p>\n<p style=\"text-align: center\"><a href=\"https:\/\/www.festival-interceltique.bzh\/wp-content\/uploads\/2023\/10\/Fond-2024-hiver.jpg\"><img loading=\"lazy\" decoding=\"async\" class=\"aligncenter size-full\" src=\"https:\/\/www.festival-interceltique.bzh\/wp-content\/uploads\/2023\/10\/Fond-2024-hiver.jpg\" width=\"1920\" height=\"1080\" \/><\/a><\/p>\n<p>El Festival Interc\u00e9lticu de Lorient, el mayor alcuentru celta del mundu, ye unu de los mayores acontecimientos de Breta\u00f1a, Francia y Europa y atrai a m\u00e1s de 950.000 visitantes y espectadores cada a\u00f1u, a principios d&#8217;agostu, l&#8217;eventu axunta a munches naciones celtes para celebrar festividaes en tola ciud\u00e1. Dellos n\u00famberos:<\/p>\n<ul>\n<li>10 d\u00edes y 10 nueches de conciertos, espect\u00e1culos, actividaes y muncho m\u00e1s cada a\u00f1u a principios d&#8217;agostu<\/li>\n<li>M\u00e1s de 5.000 m\u00fasicos, cantantes, baillarinos, artistes visuales, acad\u00e9micos, cineastes d&#8217;Escocia, Irlanda, Gales, Cornualles, la Isla de Man, Galicia, Asturies, Breta\u00f1a, lo mesmo que de la di\u00e1spora celta en tol mundu (EE.XX., Acadia, Australia, Nueva Zelanda, etc.)<\/li>\n<li>Un Grande Parade deas Nations Celtes qu&#8217;atrai a m\u00e1s de 90.000 espectadores a les cais de Lorient el primer domingu<\/li>\n<li>M\u00e1s de 1600 voluntarios<\/li>\n<li>Alredor de 300 espect\u00e1culos y actividaes propuestes en 12 escenarios<\/li>\n<li>Fest\u00f9-noz, conferencies, conciertos diarios n&#8217;escenarios y chigres de la ciud\u00e1, clases maxistrales de preseos celtes, desfiles diarios, concursos de gaita, gaita, acordi\u00f3n y m\u00fasica. Arpa celta, tambores, bandes de gaites, un Espace D\u00e9couvertes,\u2026<\/li>\n<li>Un merc\u00e1u del llibru, un merc\u00e1u artesanal acorde cola tem\u00e1tica del festival.<\/li>\n<li>Deportes: gouren (llucha bretona), xuegos atl\u00e9ticos bretones, rugby, llucha celta, etc.<\/li>\n<li>Esposiciones d&#8217;obres d&#8217;arte de los pa\u00edses celtes.<\/li>\n<\/ul>\n<p style=\"text-align: center\"><a href=\"https:\/\/www.festival-interceltique.bzh\/wp-content\/uploads\/2024\/03\/plan-FIL-2024-WEB.jpg\"><img loading=\"lazy\" decoding=\"async\" class=\"aligncenter size-full\" src=\"https:\/\/www.festival-interceltique.bzh\/wp-content\/uploads\/2024\/03\/plan-FIL-2024-WEB.jpg\" width=\"1591\" height=\"1067\" \/><\/a><\/p>\n<p style=\"text-align: center\">\n<!-- iframe plugin v.6.0 wordpress.org\/plugins\/iframe\/ -->\n<iframe loading=\"lazy\" width=\"574\" height=\"323\" src=\"https:\/\/www.youtube.com\/embed\/YWt4rNWPeVo\" title=\"Teaser 2024 - Festival Interceltique de Lorient 2024\" frameborder=\"0\" allow=\"accelerometer; autoplay; clipboard-write; encrypted-media; gyroscope; picture-in-picture; web-share\" referrerpolicy=\"strict-origin-when-cross-origin\" 0=\"allowfullscreen\" 1=\"\/iframe\" scrolling=\"yes\" class=\"iframe-class\"><\/iframe>\n<\/p>\n<\/div>\n<\/div>\n<\/div>\n<\/div>\n<\/div>\n<p style=\"text-align: center\">\n<!-- iframe plugin v.6.0 wordpress.org\/plugins\/iframe\/ -->\n<iframe loading=\"lazy\" src=\"https:\/\/www.facebook.com\/plugins\/post.php?href=https%3A%2F%2Fwww.facebook.com%2Fphoto.php%3Ffbid%3D1106963530799502%26set%3Da.1107037660792089%26type%3D3&#038;show_text=false&#038;width=500\" width=\"500\" height=\"651\" style=\"border:none;overflow:hidden\" scrolling=\"no\" frameborder=\"0\" allowfullscreen=\"true\" allow=\"autoplay; clipboard-write; encrypted-media; picture-in-picture; web-share\" 0=\"\/iframe\" class=\"iframe-class\"><\/iframe>\n<\/p>\n","protected":false},"excerpt":{"rendered":"<p>Festival Interceltique de Lorient\/ web \/ Festival Interceltique de Lorient \/ Semeyes del equipu de fot\u00f3grafos voluntarios https:\/\/bit.ly\/3SJHmOf<\/p>\n","protected":false},"author":117,"featured_media":0,"comment_status":"open","ping_status":"open","sticky":false,"template":"","format":"standard","meta":{"footnotes":""},"categories":[204,35],"tags":[],"class_list":["post-29158","post","type-post","status-publish","format-standard","hentry","category-festivales","category-musica"],"_links":{"self":[{"href":"https:\/\/edublog.educastur.es\/ixuxu\/wp-json\/wp\/v2\/posts\/29158","targetHints":{"allow":["GET"]}}],"collection":[{"href":"https:\/\/edublog.educastur.es\/ixuxu\/wp-json\/wp\/v2\/posts"}],"about":[{"href":"https:\/\/edublog.educastur.es\/ixuxu\/wp-json\/wp\/v2\/types\/post"}],"author":[{"embeddable":true,"href":"https:\/\/edublog.educastur.es\/ixuxu\/wp-json\/wp\/v2\/users\/117"}],"replies":[{"embeddable":true,"href":"https:\/\/edublog.educastur.es\/ixuxu\/wp-json\/wp\/v2\/comments?post=29158"}],"version-history":[{"count":7,"href":"https:\/\/edublog.educastur.es\/ixuxu\/wp-json\/wp\/v2\/posts\/29158\/revisions"}],"predecessor-version":[{"id":29315,"href":"https:\/\/edublog.educastur.es\/ixuxu\/wp-json\/wp\/v2\/posts\/29158\/revisions\/29315"}],"wp:attachment":[{"href":"https:\/\/edublog.educastur.es\/ixuxu\/wp-json\/wp\/v2\/media?parent=29158"}],"wp:term":[{"taxonomy":"category","embeddable":true,"href":"https:\/\/edublog.educastur.es\/ixuxu\/wp-json\/wp\/v2\/categories?post=29158"},{"taxonomy":"post_tag","embeddable":true,"href":"https:\/\/edublog.educastur.es\/ixuxu\/wp-json\/wp\/v2\/tags?post=29158"}],"curies":[{"name":"wp","href":"https:\/\/api.w.org\/{rel}","templated":true}]}}