{"id":29165,"date":"2024-09-29T10:00:46","date_gmt":"2024-09-29T08:00:46","guid":{"rendered":"https:\/\/edublog.educastur.es\/ixuxu\/?p=29165"},"modified":"2024-10-03T14:16:28","modified_gmt":"2024-10-03T12:16:28","slug":"29165","status":"publish","type":"post","link":"https:\/\/edublog.educastur.es\/ixuxu\/2024\/09\/29165\/","title":{"rendered":"Mafalda public\u00f3se&#8217;l 29 de setiembre de 1964"},"content":{"rendered":"<p>El 29 de setiembre 1964, Quino empez\u00f3 a publicar les tires de Mafalda na revista <strong>Primera Plana<\/strong> n&#8217;Arxentina dende ent\u00f3s la historieta llatinoamericana nunca m\u00e1s foi la mesma, y les nueses vides tampoco<strong> \u00a1Feliz\u00a0 cumplea\u00f1os, Mafalda!<\/strong><\/p>\n<p style=\"text-align: center\">\n<!-- iframe plugin v.6.0 wordpress.org\/plugins\/iframe\/ -->\n<iframe loading=\"lazy\" src=\"https:\/\/www.facebook.com\/plugins\/post.php?href=https%3A%2F%2Fwww.facebook.com%2Frrrudagt%2Fposts%2Fpfbid0VxS5UKd3QRv8jETeVhqTV5iQX7hHnfFuutvP2mdtADC8sc3LKUVhTD9nQp7oxJgYl&#038;show_text=false&#038;width=500\" width=\"500\" height=\"415\" style=\"border:none;overflow:hidden\" scrolling=\"no\" frameborder=\"0\" allowfullscreen=\"true\" allow=\"autoplay; clipboard-write; encrypted-media; picture-in-picture; web-share\" 0=\"\/iframe\" class=\"iframe-class\"><\/iframe>\n<\/p>\n<p><!--more--><\/p>\n<p style=\"text-align: center\">\n<!-- iframe plugin v.6.0 wordpress.org\/plugins\/iframe\/ -->\n<iframe loading=\"lazy\" src=\"https:\/\/www.facebook.com\/plugins\/post.php?href=https%3A%2F%2Fwww.facebook.com%2Ffpa%2Fphotos%2Fa.305866552866269%2F958221637630754%2F%3Ftype%3D3&#038;show_text=false&#038;width=500\" width=\"500\" height=\"252\" style=\"border:none;overflow:hidden\" scrolling=\"no\" frameborder=\"0\" allowfullscreen=\"true\" allow=\"autoplay; clipboard-write; encrypted-media; picture-in-picture; web-share\" 0=\"\/iframe\" class=\"iframe-class\"><\/iframe>\n<\/p>\n<div class=\"html-div xdj266r x11i5rnm xat24cr x1mh8g0r xexx8yu x4uap5 x18d9i69 xkhd6sd\" dir=\"auto\">\n<div class=\"html-div xdj266r x11i5rnm xat24cr x1mh8g0r xexx8yu x4uap5 x18d9i69 xkhd6sd\" dir=\"auto\">\n<div class=\"x1l90r2v x1pi30zi x1swvt13 x1iorvi4\" data-ad-comet-preview=\"message\" data-ad-preview=\"message\">\n<div class=\"x78zum5 xdt5ytf xz62fqu x16ldp7u\">\n<div class=\"xu06os2 x1ok221b\">\n<div class=\"xdj266r x11i5rnm xat24cr x1mh8g0r x1vvkbs x126k92a\">\n<div dir=\"auto\"><span class=\"html-span xdj266r x11i5rnm xat24cr x1mh8g0r xexx8yu x4uap5 x18d9i69 xkhd6sd x1hl2dhg x16tdsg8 x1vvkbs\"><a class=\"x1i10hfl xjbqb8w x1ejq31n xd10rxx x1sy0etr x17r0tee x972fbf xcfux6l x1qhh985 xm0m39n x9f619 x1ypdohk xt0psk2 xe8uvvx xdj266r x11i5rnm xat24cr x1mh8g0r xexx8yu x4uap5 x18d9i69 xkhd6sd x16tdsg8 x1hl2dhg xggy1nq x1a2a7pz x1sur9pj xkrqix3 x1fey0fg x1s688f\" role=\"link\" href=\"https:\/\/www.facebook.com\/hashtag\/mafalda60a%C3%B1os?__eep__=6&amp;__cft__[0]=AZV9rsG0woPI4xLitHYnz_hRCq6YBUHIWJiXHD8h9bFEwmkKA9I6t6ZHBOu4gf9VuVPp_KLLPVvJGncOhpPwKSJnax8TSYMRwXoUcL2VwyIPa3B6j3rmFhk4IlO0EX21C6qZjT1-_k5R1WQLnv5B9LFxcyQ6kzgM3LTbE9VwZcKD2ceQazdlGQJvEO0aurJyAsY2dp_m-bnYP-CJZ_uLYTOm3LGBSOb5XGWtd0HCLIigog&amp;__tn__=*NK-y-R\">#Mafalda60A\u00f1os<\/a><\/span><\/div>\n<div dir=\"auto\"><\/div>\n<ul>\n<li dir=\"auto\">Feminista y pacifista, de pensamientu cr\u00edticu y ensin pelos na llingua.<\/li>\n<li dir=\"auto\">Fan de The Beatles y hater de les sopes. Mafalda tami\u00e9n ye amigu de la radio y la m\u00fasica, llectora empedernida.<\/li>\n<li dir=\"auto\">Protectora del mundu, al que pretende camudar pa beneficiu de la humanid\u00e1.<\/li>\n<\/ul>\n<p>Quino, galardon\u00e1u na categor\u00eda de Comunicaci\u00f3n y Humanidaes nel a\u00f1u 2014, dedicose a les historietes y al humor dende 1949, cuando dex\u00f3 los sos estudios de Belles Artes.\u00a0 Quino algam\u00f3 la fama coles historietes de <strong>Mafalda, la primer tira public\u00f3se&#8217;l 29 de setiembre de 1964<\/strong> nel selmanariu Primera Plana de Bonos Aires. Esti personaxe contestatariu, inconformista ya intelixente acompa\u00f1ase nes sos historietes d&#8217;otros personaxes: Felipe, Guille, Manolito, Llibert\u00e1, Miguelito, Susanita y los sos padres. \u00a9FPA<\/p>\n<\/div>\n<\/div>\n<\/div>\n<\/div>\n<\/div>\n<\/div>\n","protected":false},"excerpt":{"rendered":"<p>El 29 de setiembre 1964, Quino empez\u00f3 a publicar les tires de Mafalda na revista Primera Plana n&#8217;Arxentina dende ent\u00f3s la historieta llatinoamericana nunca m\u00e1s foi la mesma, y les nueses vides tampoco \u00a1Feliz\u00a0 cumplea\u00f1os, Mafalda!<\/p>\n","protected":false},"author":117,"featured_media":0,"comment_status":"open","ping_status":"open","sticky":false,"template":"","format":"standard","meta":{"footnotes":""},"categories":[250],"tags":[],"class_list":["post-29165","post","type-post","status-publish","format-standard","hentry","category-chiste"],"_links":{"self":[{"href":"https:\/\/edublog.educastur.es\/ixuxu\/wp-json\/wp\/v2\/posts\/29165","targetHints":{"allow":["GET"]}}],"collection":[{"href":"https:\/\/edublog.educastur.es\/ixuxu\/wp-json\/wp\/v2\/posts"}],"about":[{"href":"https:\/\/edublog.educastur.es\/ixuxu\/wp-json\/wp\/v2\/types\/post"}],"author":[{"embeddable":true,"href":"https:\/\/edublog.educastur.es\/ixuxu\/wp-json\/wp\/v2\/users\/117"}],"replies":[{"embeddable":true,"href":"https:\/\/edublog.educastur.es\/ixuxu\/wp-json\/wp\/v2\/comments?post=29165"}],"version-history":[{"count":8,"href":"https:\/\/edublog.educastur.es\/ixuxu\/wp-json\/wp\/v2\/posts\/29165\/revisions"}],"predecessor-version":[{"id":32243,"href":"https:\/\/edublog.educastur.es\/ixuxu\/wp-json\/wp\/v2\/posts\/29165\/revisions\/32243"}],"wp:attachment":[{"href":"https:\/\/edublog.educastur.es\/ixuxu\/wp-json\/wp\/v2\/media?parent=29165"}],"wp:term":[{"taxonomy":"category","embeddable":true,"href":"https:\/\/edublog.educastur.es\/ixuxu\/wp-json\/wp\/v2\/categories?post=29165"},{"taxonomy":"post_tag","embeddable":true,"href":"https:\/\/edublog.educastur.es\/ixuxu\/wp-json\/wp\/v2\/tags?post=29165"}],"curies":[{"name":"wp","href":"https:\/\/api.w.org\/{rel}","templated":true}]}}