{"id":29217,"date":"2024-08-09T20:32:28","date_gmt":"2024-08-09T18:32:28","guid":{"rendered":"https:\/\/edublog.educastur.es\/ixuxu\/?p=29217"},"modified":"2024-08-11T20:36:55","modified_gmt":"2024-08-11T18:36:55","slug":"el-piraguista-saul-craviotto-colgose-ayeri-la-so-sesta-medaya-olimpica","status":"publish","type":"post","link":"https:\/\/edublog.educastur.es\/ixuxu\/2024\/08\/el-piraguista-saul-craviotto-colgose-ayeri-la-so-sesta-medaya-olimpica\/","title":{"rendered":"El pirag\u00fcista Saul  Craviotto colg\u00f3se ayeri la so sesta medaya ol\u00edmpica"},"content":{"rendered":"<ul>\n<li>Fonte: <a href=\"https:\/\/www.elfielato.es\/articulo\/deportes\/gimena-llamedo-saul-craviotto-olimpiada-paris\/20240809103956068968.html?fbclid=IwY2xjawEl4wRleHRuA2FlbQIxMQABHXTEkVLDmBsumHouGXKN1jjnKyfyVUcDRp69Oqk1eZQNEpGIC32exTYW7g_aem_XKFeVspKAKAd3J4w_lA1bg\">El Fielato<\/a> \/<\/li>\n<\/ul>\n<p style=\"text-align: center\"><a href=\"https:\/\/www.elfielato.es\/asset\/thumbnail,1920,1080,center,center\/media\/elfielato\/images\/2024\/08\/09\/2024080910390667407.jpg\"><img loading=\"lazy\" decoding=\"async\" class=\"aligncenter size-full\" src=\"https:\/\/www.elfielato.es\/asset\/thumbnail,1920,1080,center,center\/media\/elfielato\/images\/2024\/08\/09\/2024080910390667407.jpg\" width=\"1000\" height=\"750\" \/><\/a><\/p>\n<p>Sa\u00fal Craviotto, el capital de la K4 espa\u00f1ola que se clasific\u00f3 na tercer posici\u00f3n de la final de K4 500m na Olimpiada de Par\u00eds 2024. Sa\u00fal Craviotto, Carlos Ar\u00e9valo, Marcus Cooper y Rodrigo Germade<strong> llograron la medaya de bronce na prueba reina del pirag\u00fcismu ol\u00edmpicu;<\/strong> el pagu a cuatro a\u00f1os de ciclu ol\u00edmpicu, de perduru trabayu nel banz\u00e1u de Trasona (Avil\u00e9s).<\/p>\n<p><!--more--><\/p>\n<p>Recibi\u00f3 les felicitaciones del Gobiernu del Princip\u00e1u y de tolos asturianos, na figura de la vicepresidenta, Gimena Llamedo, que t\u00e1n na capital francesa. Esta medaya, ye la sesta pa Craviotto, que se convierte nel deportista espa\u00f1ol con m\u00e1s medayes ol\u00edmpiques, seis en total:<\/p>\n<p><strong>Palmar\u00e9s Ol\u00edmpicu de Sa\u00fal Craviotto<\/strong><\/p>\n<ul>\n<li>Oru en K2 500 m nos Xuegos Ol\u00edmpicos de Beijing 2008<\/li>\n<li>Plata en K1 200 m nos Xuegos Ol\u00edmpicos de Londres 2012<\/li>\n<li>Oru en K2 200 m nos Xuegos Ol\u00edmpicos de R\u00edu 2016<\/li>\n<li>Bronce en K1 200 m nos Xuegos Ol\u00edmpicos de R\u00edu 2016<\/li>\n<li>Plata en K4 500 *m nos Xuegos Ol\u00edmpicos de Tokio 2020<\/li>\n<li>Bronce en K4 500 m nos Xuegos Ol\u00edmpicos de Par\u00eds 2024<\/li>\n<\/ul>\n<p>Am\u00e1s de la vicepresidenta del Princip\u00e1u d&#8217;Asturies, otru vec\u00edn del Oriente d&#8217;Asturies, el parragu\u00e9s, Javier Hernanz, presidente de la Real Federaci\u00f3n Espa\u00f1ola de Pirag\u00fcismu ta en Par\u00eds y felicitaba ayeri de primera mano a los medallistes.<\/p>\n","protected":false},"excerpt":{"rendered":"<p>Fonte: El Fielato \/ Sa\u00fal Craviotto, el capital de la K4 espa\u00f1ola que se clasific\u00f3 na tercer posici\u00f3n de la final de K4 500m na Olimpiada de Par\u00eds 2024. Sa\u00fal Craviotto, Carlos Ar\u00e9valo, Marcus Cooper y Rodrigo Germade llograron la medaya de bronce na prueba reina del pirag\u00fcismu ol\u00edmpicu; el pagu a cuatro a\u00f1os de [&hellip;]<\/p>\n","protected":false},"author":117,"featured_media":0,"comment_status":"open","ping_status":"open","sticky":false,"template":"","format":"standard","meta":{"footnotes":""},"categories":[133,186],"tags":[],"class_list":["post-29217","post","type-post","status-publish","format-standard","hentry","category-deportes","category-xuegos-olimpicos"],"_links":{"self":[{"href":"https:\/\/edublog.educastur.es\/ixuxu\/wp-json\/wp\/v2\/posts\/29217","targetHints":{"allow":["GET"]}}],"collection":[{"href":"https:\/\/edublog.educastur.es\/ixuxu\/wp-json\/wp\/v2\/posts"}],"about":[{"href":"https:\/\/edublog.educastur.es\/ixuxu\/wp-json\/wp\/v2\/types\/post"}],"author":[{"embeddable":true,"href":"https:\/\/edublog.educastur.es\/ixuxu\/wp-json\/wp\/v2\/users\/117"}],"replies":[{"embeddable":true,"href":"https:\/\/edublog.educastur.es\/ixuxu\/wp-json\/wp\/v2\/comments?post=29217"}],"version-history":[{"count":3,"href":"https:\/\/edublog.educastur.es\/ixuxu\/wp-json\/wp\/v2\/posts\/29217\/revisions"}],"predecessor-version":[{"id":29220,"href":"https:\/\/edublog.educastur.es\/ixuxu\/wp-json\/wp\/v2\/posts\/29217\/revisions\/29220"}],"wp:attachment":[{"href":"https:\/\/edublog.educastur.es\/ixuxu\/wp-json\/wp\/v2\/media?parent=29217"}],"wp:term":[{"taxonomy":"category","embeddable":true,"href":"https:\/\/edublog.educastur.es\/ixuxu\/wp-json\/wp\/v2\/categories?post=29217"},{"taxonomy":"post_tag","embeddable":true,"href":"https:\/\/edublog.educastur.es\/ixuxu\/wp-json\/wp\/v2\/tags?post=29217"}],"curies":[{"name":"wp","href":"https:\/\/api.w.org\/{rel}","templated":true}]}}