{"id":29251,"date":"2024-08-10T10:02:01","date_gmt":"2024-08-10T08:02:01","guid":{"rendered":"https:\/\/edublog.educastur.es\/ixuxu\/?p=29251"},"modified":"2024-08-11T21:26:30","modified_gmt":"2024-08-11T19:26:30","slug":"dia-mundial-del-llion","status":"publish","type":"post","link":"https:\/\/edublog.educastur.es\/ixuxu\/2024\/08\/dia-mundial-del-llion\/","title":{"rendered":"D\u00eda Mundial del lle\u00f3n"},"content":{"rendered":"<div class=\"html-div xdj266r x11i5rnm xat24cr x1mh8g0r xexx8yu x4uap5 x18d9i69 xkhd6sd x1iyjqo2\">\n<div class=\"x78zum5 xdt5ytf xz62fqu x16ldp7u\">\n<div class=\"xu06os2 x1ok221b\">\n<ul>\n<li id=\":r3f:\" class=\"html-h2 x11i5rnm xat24cr x1mh8g0r xexx8yu x4uap5 x18d9i69 xkhd6sd x1vvkbs x1heor9g x1qlqyl8 x1pd3egz x1a2a7pz x1gslohp x1yc453h\"><span class=\"xt0psk2\"><a class=\"x1i10hfl xjbqb8w x1ejq31n xd10rxx x1sy0etr x17r0tee x972fbf xcfux6l x1qhh985 xm0m39n x9f619 x1ypdohk xt0psk2 xe8uvvx xdj266r x11i5rnm xat24cr x1mh8g0r xexx8yu x4uap5 x18d9i69 xkhd6sd x16tdsg8 x1hl2dhg xggy1nq x1a2a7pz x1sur9pj xkrqix3 xzsf02u x1s688f\" role=\"link\" href=\"https:\/\/www.facebook.com\/fundacionbiodiversidad?__cft__[0]=AZV2L0kaeaJ6letcon1AXzMhN6XPSPlHWus9i6Kwl8gFbGujo9v7yWDOebeddsLli-_XiusbixmNQrcK4AzG5voFeJ9ia2nQqjOIdKd8PzskAlEDo7ZBlBsKv5qtU93QmSb7sOWTP6T4SDsE75dE4hAhThuzVarTLrFoPzb85BjpthrT2aMqBXnCtcxyPijBGdCk7sMHXxPEzBeRq_I8eDo3&amp;__tn__=-UC%2CP-R\"><strong class=\"html-strong xdj266r x11i5rnm xat24cr x1mh8g0r xexx8yu x4uap5 x18d9i69 xkhd6sd x1hl2dhg x16tdsg8 x1vvkbs x1s688f\"><span class=\"html-span xdj266r x11i5rnm xat24cr x1mh8g0r xexx8yu x4uap5 x18d9i69 xkhd6sd x1hl2dhg x16tdsg8 x1vvkbs\">Fundaci\u00f3n Biodiversidad<\/span><\/strong><\/a><\/span>\/ <a href=\"https:\/\/www.facebook.com\/photo?fbid=904557338376080&amp;set=a.658805532951263\">Imaxe<\/a><\/li>\n<\/ul>\n<\/div>\n<\/div>\n<\/div>\n<p style=\"text-align: center\"><a href=\"https:\/\/static.nationalgeographic.es\/files\/styles\/image_3200\/public\/fQYSUbVfts-T7odkrFJckdiFeHvab0GWOfzhj7tYdC0uglagsDNcZeyL4M3kG_1d8_fH89047KOQpb3WSS5Wpg7Ttdc84gIrbZ-2dxGg7plWAvcUjmcrY7DSj72t4-hKhaKJcvovQ6HRKxwMpmK1vNCTvbiIltmS4tZHnvPzOuPjjImQdg4D-mI8NCsnEaGO5ij9YaXUoflx7Jq3DtM3WAWxDF9QBww.jpg?w=1600&amp;h=900\"><img loading=\"lazy\" decoding=\"async\" class=\"aligncenter size-full\" src=\"https:\/\/static.nationalgeographic.es\/files\/styles\/image_3200\/public\/fQYSUbVfts-T7odkrFJckdiFeHvab0GWOfzhj7tYdC0uglagsDNcZeyL4M3kG_1d8_fH89047KOQpb3WSS5Wpg7Ttdc84gIrbZ-2dxGg7plWAvcUjmcrY7DSj72t4-hKhaKJcvovQ6HRKxwMpmK1vNCTvbiIltmS4tZHnvPzOuPjjImQdg4D-mI8NCsnEaGO5ij9YaXUoflx7Jq3DtM3WAWxDF9QBww.jpg?w=1600&amp;h=900\" width=\"1600\" height=\"900\" \/><\/a><\/p>\n<p><span class=\"x193iq5w xeuugli x13faqbe x1vvkbs x1xmvt09 x1lliihq x1s928wv xhkezso x1gmr53x x1cpjm7i x1fgarty x1943h6x x4zkp8e x676frb x1pg5gke x1sibtaa xo1l8bm xi81zsa x1yc453h\" dir=\"ltr\"><span class=\"html-span xdj266r x11i5rnm xat24cr x1mh8g0r xexx8yu x4uap5 x18d9i69 xkhd6sd x1hl2dhg x16tdsg8 x1vvkbs\">El lle\u00f3n ye unu de los mayores iconos de la vida selvaxe del nuesu planeta. Am\u00e1s, desempe\u00f1a un papel esencial nel equilibriu de la biodiversid\u00e1, calteniendo les poblaciones sanes d&#8217;herb\u00edvoros como les cebres, los \u00f1os, etc.<br \/>\n<\/span><\/span><\/p>\n<p><!--more--><\/p>\n<p style=\"text-align: center\">\n<!-- iframe plugin v.6.0 wordpress.org\/plugins\/iframe\/ -->\n<iframe loading=\"lazy\" width=\"100%\" height=\"395\" src=\"https:\/\/www.youtube.com\/embed\/gYlOzO7R_X4\" title=\"D\u00eda Mundial del Le\u00f3n\" frameborder=\"0\" allow=\"accelerometer; autoplay; clipboard-write; encrypted-media; gyroscope; picture-in-picture; web-share\" referrerpolicy=\"strict-origin-when-cross-origin\" 0=\"allowfullscreen\" 1=\"\/iframe\" scrolling=\"yes\" class=\"iframe-class\"><\/iframe>\n<\/p>\n<p>Esta fecha tami\u00e9n constit\u00fai un recordatoriu pol crime del lle\u00f3n Cecil nel a\u00f1u 2015 asoced\u00edu nel parque nacional Hwange, allug\u00e1u en Zimbabue, \u00c1frica. Caz\u00e1u fora de la so reserva natural y desollado, por encargu d&#8217;un dentista norteamericanu. Esti fechu caus\u00f3 una fonda indignaci\u00f3n y denuncies contra la caza furtiva en ciertes rexones d&#8217;\u00c1frica, xenerando fuertes manifestaciones nel mundu.<\/p>\n<p>D&#8217;alcuerdu a cifres reci\u00e9n, la poblaci\u00f3n de lleones africanos mengu\u00f3 nun 40% mientres los postreros 20 a\u00f1os, siendo catalogada como \u00abvulnerable\u00bb pola <strong>Uni\u00f3n Internacional para&#8217;l Caltenimientu de la Naturaleza<\/strong>. Esto ye motiv\u00e1u fundamentalmente pola caza furtiva ya indiscriminada de la especie, seg\u00fan l&#8217;afectaci\u00f3n del so h\u00e1bitat.<\/p>\n<ul>\n<li><em>L&#8217;indiscutible Rei de la Selva <\/em><\/li>\n<li><em>Les femes son les cazadores de la menada<\/em><\/li>\n<li><em>El lle\u00f3n ye unu de los animales m\u00e1s emblem\u00e1ticos por cuenta de la so pimpana figura, carisma y dominiu territorial.<\/em><\/li>\n<li><em>Son 100% carn\u00edvoros.<\/em><\/li>\n<li><em>Los machos independ\u00edcense al algamar el maduror, ente que les femes viven xuntes pa tola vida.<\/em><\/li>\n<li><em>Habita en pacionales y enllanaes.<\/em><\/li>\n<li><em>Viven en menaes, con un periodu de vida envalor\u00e1u de 15 a\u00f1os.<\/em><\/li>\n<li><em>El so fuerte rux\u00edu puede escuchase hasta una distancia de \u00a1ocho kil\u00f3metros!<\/em><\/li>\n<li><em>Marquen el so territoriu nun radiu de 250 kil\u00f3metros, con orina o ruxendo en se\u00f1al d&#8217;alvertencia.<\/em><\/li>\n<li><em>Les femes son les principales cazadores de la menada y los machos son los primeres en taramiar la presa.<\/em><\/li>\n<li><em>Los lleones ruxen para comunicase cola so menada a grandes distancies.<\/em><\/li>\n<li><em>En delles cultures representen s\u00edmbolos de fuerza y poder, lo mesmo que de protecci\u00f3n para caltener les influencies negatives a distancia.<\/em><\/li>\n<\/ul>\n<div class=\"xqcrz7y x78zum5 x1qx5ct2 x1y1aw1k x1sxyh0 xwib8y2 xurb0ha xw4jnvo\">\n<div><\/div>\n<\/div>\n<div class=\"html-div xdj266r x11i5rnm xat24cr x1mh8g0r xexx8yu x4uap5 x18d9i69 xkhd6sd\" dir=\"auto\">\n<div id=\":r3h:\" class=\"x1iorvi4 x1pi30zi x1l90r2v x1swvt13\" data-ad-comet-preview=\"message\" data-ad-preview=\"message\">\n<div class=\"x78zum5 xdt5ytf xz62fqu x16ldp7u\">\n<div class=\"xu06os2 x1ok221b\">\n<div class=\"xdj266r x11i5rnm xat24cr x1mh8g0r x1vvkbs x126k92a\"><\/div>\n<div class=\"x11i5rnm xat24cr x1mh8g0r x1vvkbs xtlvy1s x126k92a\">\n<div dir=\"auto\"><\/div>\n<\/div>\n<\/div>\n<\/div>\n<\/div>\n<\/div>\n","protected":false},"excerpt":{"rendered":"<p>Fundaci\u00f3n Biodiversidad\/ Imaxe El lle\u00f3n ye unu de los mayores iconos de la vida selvaxe del nuesu planeta. Am\u00e1s, desempe\u00f1a un papel esencial nel equilibriu de la biodiversid\u00e1, calteniendo les poblaciones sanes d&#8217;herb\u00edvoros como les cebres, los \u00f1os, etc.<\/p>\n","protected":false},"author":117,"featured_media":0,"comment_status":"open","ping_status":"open","sticky":false,"template":"","format":"standard","meta":{"footnotes":""},"categories":[6],"tags":[],"class_list":["post-29251","post","type-post","status-publish","format-standard","hentry","category-dia-de"],"_links":{"self":[{"href":"https:\/\/edublog.educastur.es\/ixuxu\/wp-json\/wp\/v2\/posts\/29251","targetHints":{"allow":["GET"]}}],"collection":[{"href":"https:\/\/edublog.educastur.es\/ixuxu\/wp-json\/wp\/v2\/posts"}],"about":[{"href":"https:\/\/edublog.educastur.es\/ixuxu\/wp-json\/wp\/v2\/types\/post"}],"author":[{"embeddable":true,"href":"https:\/\/edublog.educastur.es\/ixuxu\/wp-json\/wp\/v2\/users\/117"}],"replies":[{"embeddable":true,"href":"https:\/\/edublog.educastur.es\/ixuxu\/wp-json\/wp\/v2\/comments?post=29251"}],"version-history":[{"count":6,"href":"https:\/\/edublog.educastur.es\/ixuxu\/wp-json\/wp\/v2\/posts\/29251\/revisions"}],"predecessor-version":[{"id":29263,"href":"https:\/\/edublog.educastur.es\/ixuxu\/wp-json\/wp\/v2\/posts\/29251\/revisions\/29263"}],"wp:attachment":[{"href":"https:\/\/edublog.educastur.es\/ixuxu\/wp-json\/wp\/v2\/media?parent=29251"}],"wp:term":[{"taxonomy":"category","embeddable":true,"href":"https:\/\/edublog.educastur.es\/ixuxu\/wp-json\/wp\/v2\/categories?post=29251"},{"taxonomy":"post_tag","embeddable":true,"href":"https:\/\/edublog.educastur.es\/ixuxu\/wp-json\/wp\/v2\/tags?post=29251"}],"curies":[{"name":"wp","href":"https:\/\/api.w.org\/{rel}","templated":true}]}}