{"id":29310,"date":"2024-08-13T18:21:02","date_gmt":"2024-08-13T16:21:02","guid":{"rendered":"https:\/\/edublog.educastur.es\/ixuxu\/?p=29310"},"modified":"2024-08-13T18:22:35","modified_gmt":"2024-08-13T16:22:35","slug":"29310","status":"publish","type":"post","link":"https:\/\/edublog.educastur.es\/ixuxu\/2024\/08\/29310\/","title":{"rendered":"El gaiteru ayer\u00e1n Diego Lobo gana\u2019l Trof\u00e9u MacCrimmon de Lorient esti 2024"},"content":{"rendered":"<ul>\n<li class=\"latest_post_title entry_title\"><a href=\"https:\/\/musicasturiana.com\/el-gaiteru-ayeran-diego-lobo-ganal-trofeu-maccrimmon-de-lorient-esti-2024\/\">El gaiteru ayer\u00e1n Diego Lobo gana\u2019l Trof\u00e9u MacCrimmon de Lorient esti 2024<\/a><\/li>\n<li><a href=\"https:\/\/www.lne.es\/asturias\/n-asturianu\/2024\/08\/13\/gaiteru-ayeran-diego-lobo-ganal-106901240.html\">Fonte: LNE<\/a> \/<\/li>\n<\/ul>\n<p style=\"text-align: center\"><a href=\"https:\/\/estaticos-cdn.prensaiberica.es\/clip\/792a7c85-338a-4d57-8cab-548d1a41a9fd_16-9-aspect-ratio_default_0.webp\"><img loading=\"lazy\" decoding=\"async\" class=\"aligncenter size-full\" src=\"https:\/\/estaticos-cdn.prensaiberica.es\/clip\/792a7c85-338a-4d57-8cab-548d1a41a9fd_16-9-aspect-ratio_default_0.webp\" width=\"880\" height=\"495\" \/><\/a><span style=\"color: #008080\">Semeya y testu: <span class=\"ft-helper-fontWeight-800 ft-helper-text-transform-uppercase\">I\u00f1aki S\u00e1nchez Santianes<\/span><\/span><\/p>\n<p>Esti s\u00e1badu 10 d\u2019agostu celebr\u00f3se nel <strong>Festival Interc\u00e9lticu de Lorient<\/strong> (Breta\u00f1a) la 37 edici\u00f3n del trof\u00e9u <strong>MacCrimmon <\/strong>de gaita, consider\u00e1u como\u2019l m\u00e1s prestixosu del mundu celta y nel que compiten gaiteros d\u2019Asturies y Galicia. El gaiteru d\u2019Ayer <strong>Diego Lobo Tu\u00f1\u00f3n<\/strong> -de 29 a\u00f1os y director de les bandes de gaites El Gumial (Ayer), Saxum (Xix\u00f3n) y Garulla (Xix\u00f3n)-, foi\u2019l ganador del trof\u00e9u nesti 2024, algamando un premiu pol que y\u00e1 compitiera otres cuatro vegaes, \u00abun sua\u00f1u que ten\u00eda dende qu\u2019entam\u00e9 a tocar\u00bb, en pallabres d\u2019\u00e9l. D\u2019esta manera, l\u2019ayer\u00e1n a\u00f1ade esti trof\u00e9u al Memorial \u201cRemis Ovalle\u201d d\u2019Uvi\u00e9u, premiu col qu\u2019accedi\u00f3 al MacCrimmon.<\/p>\n<p><!--more--><\/p>\n<p class=\"ft-text\"><span style=\"color: #008080\">Lobo lleva tola vida tocando la gaita y angua\u00f1o g\u00e1nase la vida como director de bandes de gaites: \u00abLlevo 18 a\u00f1os tocando la gaita, dende los 11 a\u00f1os. Agora ded\u00edcome a dirixir bandes de gaites, en concretu, la banda \u2018El Gumial\u2019 d&#8217;Ayer, \u2018Sax\u00fan\u2019 de Xix\u00f3n y la banda de gaites \u2018Garulla\u2019, tami\u00e9n de Xix\u00f3n\u00bb.\u00a0<\/span><\/p>\n<p class=\"ft-text\"><span style=\"color: #008080\">Nun ye la primer vegada que se present\u00f3 al MacCrimon; y\u00e1 tien un llargu palmar\u00e9s nesti y otros concursos: \u00ab\u00c9sta ye la cuarta vegada que me presento. Qued\u00e9 dos a\u00f1os cuartu, otru terceru, y por fin lleg\u00f3&#8217;l premiu esti a\u00f1u. N&#8217;Asturies ganelo tou y tami\u00e9n fui primeru un a\u00f1u nel Memorial Rogelio Fern\u00e1ndez de Madrid\u00bb.\u00a0<\/span><\/p>\n<p class=\"ft-text\"><span style=\"color: #008080\">El ganador del trof\u00e9u MacCrimon d&#8217;esti a\u00f1u confiesa que cre\u00eda que y\u00e1 nun diba ser quien a consiguir la victoria en Lorient: \u00abTengo una ilusi\u00f3n pergrande. Yo con 29 a\u00f1os y\u00e1 voi de retirada, y \u00e9sta yera la \u00faltima bala. Y\u00e1 tengo alumnos m\u00edos que se presenten y nun me presta competir con ellos. Esti a\u00f1u nun daba un duru por ganar, porque foi un a\u00f1u mui complic\u00e1u, tuvi manc\u00e1u y tuvi que facer muncha rehabilitaci\u00f3n pa poder tar. Al a\u00f1u d&#8217;empezar cola gaita y\u00e1 me present\u00e9 al primer concursu. Yo creo que presentase a concursos ye la \u00fanica manera d&#8217;obligase a ensayar tolos d\u00edes, y animo a la xente qu&#8217;empieza tocar la gaita a que lo faiga\u00bb.<\/span><\/p>\n<p class=\"ft-text\"><span style=\"color: #008080\">El deleg\u00e1u asturianu nel Festival Interc\u00e9lticu de Lorient, <strong>I\u00f1aki S\u00e1nchez Santianes de Molenes<\/strong>, que tami\u00e9n ye xur\u00e1u del trof\u00e9u MacCrimmon, remarc\u00f3 la competitivid\u00e1 y el bon nivel del certame: \u00abEl primer premiu foi exaequo, Diego empat\u00f3 con <strong>Enrique S\u00e1nchez<\/strong>, y llev\u00f3&#8217;l premiu porque la normativa de Lorient diz qu&#8217;en casu d&#8217;empate gana&#8217;l participante m\u00e1s mozu. Esti a\u00f1u hubo un nivel mui altu. La xente mozo que se present\u00f3 per primer vegada dio la talla, y los veteranos, que y\u00e1 sab\u00eden a lo que ven\u00eden, nun defraudaron\u00bb.\u00a0\u00a0<\/span><\/p>\n<div class=\"wp-block-spacer\" aria-hidden=\"true\"><\/div>\n<p style=\"text-align: center\">\n","protected":false},"excerpt":{"rendered":"<p>El gaiteru ayer\u00e1n Diego Lobo gana\u2019l Trof\u00e9u MacCrimmon de Lorient esti 2024 Fonte: LNE \/ Semeya y testu: I\u00f1aki S\u00e1nchez Santianes Esti s\u00e1badu 10 d\u2019agostu celebr\u00f3se nel Festival Interc\u00e9lticu de Lorient (Breta\u00f1a) la 37 edici\u00f3n del trof\u00e9u MacCrimmon de gaita, consider\u00e1u como\u2019l m\u00e1s prestixosu del mundu celta y nel que compiten gaiteros d\u2019Asturies y Galicia. [&hellip;]<\/p>\n","protected":false},"author":117,"featured_media":0,"comment_status":"open","ping_status":"open","sticky":false,"template":"","format":"standard","meta":{"footnotes":""},"categories":[35,125],"tags":[],"class_list":["post-29310","post","type-post","status-publish","format-standard","hentry","category-musica","category-musicasturiana-com"],"_links":{"self":[{"href":"https:\/\/edublog.educastur.es\/ixuxu\/wp-json\/wp\/v2\/posts\/29310","targetHints":{"allow":["GET"]}}],"collection":[{"href":"https:\/\/edublog.educastur.es\/ixuxu\/wp-json\/wp\/v2\/posts"}],"about":[{"href":"https:\/\/edublog.educastur.es\/ixuxu\/wp-json\/wp\/v2\/types\/post"}],"author":[{"embeddable":true,"href":"https:\/\/edublog.educastur.es\/ixuxu\/wp-json\/wp\/v2\/users\/117"}],"replies":[{"embeddable":true,"href":"https:\/\/edublog.educastur.es\/ixuxu\/wp-json\/wp\/v2\/comments?post=29310"}],"version-history":[{"count":4,"href":"https:\/\/edublog.educastur.es\/ixuxu\/wp-json\/wp\/v2\/posts\/29310\/revisions"}],"predecessor-version":[{"id":29314,"href":"https:\/\/edublog.educastur.es\/ixuxu\/wp-json\/wp\/v2\/posts\/29310\/revisions\/29314"}],"wp:attachment":[{"href":"https:\/\/edublog.educastur.es\/ixuxu\/wp-json\/wp\/v2\/media?parent=29310"}],"wp:term":[{"taxonomy":"category","embeddable":true,"href":"https:\/\/edublog.educastur.es\/ixuxu\/wp-json\/wp\/v2\/categories?post=29310"},{"taxonomy":"post_tag","embeddable":true,"href":"https:\/\/edublog.educastur.es\/ixuxu\/wp-json\/wp\/v2\/tags?post=29310"}],"curies":[{"name":"wp","href":"https:\/\/api.w.org\/{rel}","templated":true}]}}