{"id":29377,"date":"2024-08-17T09:00:38","date_gmt":"2024-08-17T07:00:38","guid":{"rendered":"https:\/\/edublog.educastur.es\/ixuxu\/?p=29377"},"modified":"2024-08-17T18:43:06","modified_gmt":"2024-08-17T16:43:06","slug":"les-tiktokers-daniella-alumbreros-y-maguette-wade-pregoneres-del-iii-dia-de-la-llingua-asturiana-na-feria-de-muestres","status":"publish","type":"post","link":"https:\/\/edublog.educastur.es\/ixuxu\/2024\/08\/les-tiktokers-daniella-alumbreros-y-maguette-wade-pregoneres-del-iii-dia-de-la-llingua-asturiana-na-feria-de-muestres\/","title":{"rendered":"Les tiktokers Daniella A. y Maguette W. pregoneres del III D\u00eda de la Llingua A. na Feria de Muestres"},"content":{"rendered":"<div class=\"x78zum5 xdt5ytf xz62fqu x16ldp7u\">\n<div class=\"xu06os2 x1ok221b\">\n<ul>\n<li id=\":rfu:\" class=\"html-h4 x11i5rnm xat24cr x1mh8g0r xexx8yu x4uap5 x18d9i69 xkhd6sd x1vvkbs x1heor9g x1qlqyl8 x1pd3egz x1a2a7pz x1gslohp x1yc453h\"><span class=\"xt0psk2\"><a class=\"x1i10hfl xjbqb8w x1ejq31n xd10rxx x1sy0etr x17r0tee x972fbf xcfux6l x1qhh985 xm0m39n x9f619 x1ypdohk xt0psk2 xe8uvvx xdj266r x11i5rnm xat24cr x1mh8g0r xexx8yu x4uap5 x18d9i69 xkhd6sd x16tdsg8 x1hl2dhg xggy1nq x1a2a7pz x1sur9pj xkrqix3 xzsf02u x1s688f\" role=\"link\" href=\"https:\/\/www.facebook.com\/iniciativapolasturianu?__cft__[0]=AZX0DUZmAPmfXYC1binQmuoJksNqvGvhSja4tpw_gf25xF0mQJ_99NDfx4KOqWAFFeFaeCTONVWqHuvevxynlQQlQdkzeTgkX7jG1kRQ5GxghyCQtuFdAgAzSzq7N_iY1cFC4BB6KTyp2N_8kQuyNfzlxR3Ls62ZI9VwwWhpg2YJcyO7wDLXzwO08JZy9D37yavy5AOqmgU3byD20pw2WX-3&amp;__tn__=-UC%2CP-R\"><strong class=\"html-strong xdj266r x11i5rnm xat24cr x1mh8g0r xexx8yu x4uap5 x18d9i69 xkhd6sd x1hl2dhg x16tdsg8 x1vvkbs x1s688f\"><span class=\"html-span xdj266r x11i5rnm xat24cr x1mh8g0r xexx8yu x4uap5 x18d9i69 xkhd6sd x1hl2dhg x16tdsg8 x1vvkbs\">Iniciativa pol Asturianu<\/span><\/strong><\/a><\/span><\/li>\n<\/ul>\n<p style=\"text-align: center\"><a href=\"https:\/\/iniciativapolasturianu.org\/wp-content\/uploads\/2024\/08\/cartelu-iii-di%CC%81a-de-la-llingua-asturiana-na-fidma_page-0001.jpg\"><img loading=\"lazy\" decoding=\"async\" class=\"aligncenter \" src=\"https:\/\/iniciativapolasturianu.org\/wp-content\/uploads\/2024\/08\/cartelu-iii-di%CC%81a-de-la-llingua-asturiana-na-fidma_page-0001.jpg\" width=\"660\" height=\"932\" \/><\/a><\/p>\n<\/div>\n<\/div>\n<div class=\"html-div xdj266r x11i5rnm xat24cr x1mh8g0r xexx8yu x4uap5 x18d9i69 xkhd6sd\" dir=\"auto\">\n<div id=\":rg0:\" class=\"x1iorvi4 x1pi30zi x1l90r2v x1swvt13\" data-ad-comet-preview=\"message\" data-ad-preview=\"message\">\n<div class=\"x78zum5 xdt5ytf xz62fqu x16ldp7u\">\n<div class=\"xu06os2 x1ok221b\">\n<div class=\"xdj266r x11i5rnm xat24cr x1mh8g0r x1vvkbs x126k92a\">\n<div dir=\"auto\"><span class=\"html-span xexx8yu x4uap5 x18d9i69 xkhd6sd x1hl2dhg x16tdsg8 x1vvkbs x3nfvp2 x1j61x8r x1fcty0u xdj266r xat24cr xgzva0m xhhsvwb xxymvpz xlup9mm x1kky2od\"><img loading=\"lazy\" decoding=\"async\" class=\"xz74otr\" src=\"https:\/\/static.xx.fbcdn.net\/images\/emoji.php\/v9\/tfb\/1\/16\/1f5e3.png\" alt=\"?\ufe0f\" width=\"16\" height=\"16\" \/>G\u00fcei<\/span> na Feria de Muestres va celebr\u00e1se\u2019l III D\u00eda de la Llingua Asturiana. Tola informaci\u00f3n pa nun perdete nada d\u2019esta xornada dedicada al <span class=\"html-span xdj266r x11i5rnm xat24cr x1mh8g0r xexx8yu x4uap5 x18d9i69 xkhd6sd x1hl2dhg x16tdsg8 x1vvkbs\"><a class=\"x1i10hfl xjbqb8w x1ejq31n xd10rxx x1sy0etr x17r0tee x972fbf xcfux6l x1qhh985 xm0m39n x9f619 x1ypdohk xt0psk2 xe8uvvx xdj266r x11i5rnm xat24cr x1mh8g0r xexx8yu x4uap5 x18d9i69 xkhd6sd x16tdsg8 x1hl2dhg xggy1nq x1a2a7pz x1sur9pj xkrqix3 x1fey0fg xo1l8bm\" role=\"link\" href=\"https:\/\/www.facebook.com\/hashtag\/asturianu?__eep__=6&amp;__cft__[0]=AZX0DUZmAPmfXYC1binQmuoJksNqvGvhSja4tpw_gf25xF0mQJ_99NDfx4KOqWAFFeFaeCTONVWqHuvevxynlQQlQdkzeTgkX7jG1kRQ5GxghyCQtuFdAgAzSzq7N_iY1cFC4BB6KTyp2N_8kQuyNfzlxR3Ls62ZI9VwwWhpg2YJcyO7wDLXzwO08JZy9D37yavy5AOqmgU3byD20pw2WX-3&amp;__tn__=*NK-R\">#asturianu <\/a><\/span><span class=\"html-span xexx8yu x4uap5 x18d9i69 xkhd6sd x1hl2dhg x16tdsg8 x1vvkbs x3nfvp2 x1j61x8r x1fcty0u xdj266r xat24cr xgzva0m xhhsvwb xxymvpz xlup9mm x1kky2od\"><img loading=\"lazy\" decoding=\"async\" class=\"xz74otr\" src=\"https:\/\/static.xx.fbcdn.net\/images\/emoji.php\/v9\/td8\/1\/16\/1f4f2.png\" alt=\"?\" width=\"16\" height=\"16\" \/><\/span> Calca equ\u00ed <span class=\"html-span xexx8yu x4uap5 x18d9i69 xkhd6sd x1hl2dhg x16tdsg8 x1vvkbs x3nfvp2 x1j61x8r x1fcty0u xdj266r xat24cr xgzva0m xhhsvwb xxymvpz xlup9mm x1kky2od\"><img loading=\"lazy\" decoding=\"async\" class=\"xz74otr\" src=\"https:\/\/static.xx.fbcdn.net\/images\/emoji.php\/v9\/t92\/1\/16\/2935.png\" alt=\"\u2935\ufe0f\" width=\"16\" height=\"16\" \/><\/span><span class=\"html-span xdj266r x11i5rnm xat24cr x1mh8g0r xexx8yu x4uap5 x18d9i69 xkhd6sd x1hl2dhg x16tdsg8 x1vvkbs\"><a class=\"x1i10hfl xjbqb8w x1ejq31n xd10rxx x1sy0etr x17r0tee x972fbf xcfux6l x1qhh985 xm0m39n x9f619 x1ypdohk xt0psk2 xe8uvvx xdj266r x11i5rnm xat24cr x1mh8g0r xexx8yu x4uap5 x18d9i69 xkhd6sd x16tdsg8 x1hl2dhg xggy1nq x1a2a7pz x1sur9pj xkrqix3 x1fey0fg\" role=\"link\" href=\"https:\/\/iniciativapolasturianu.org\/les-tiktokers-daniella-alumbreros-y-maguette-wade-pregoneres-del-iii-dia-de-la-llingua-asturiana-na-feria-de-muestres\/?fbclid=IwZXh0bgNhZW0CMTAAAR28Jmn4uSVR6AwmQ58XPh3mGSo6wFXpsV-xw17Er-SWd746w-BjWKpEgdY_aem__oO_VJKqEr76Zye9pUbzng\" target=\"_blank\" rel=\"nofollow noopener noreferrer\">https:\/\/iniciativapolasturianu.org\/les-tiktokers&#8230;\/<\/a><\/span><\/div>\n<\/div>\n<div dir=\"auto\">\n<p class=\"td-post-sub-title\">Iniciativa pol Asturianu y la C\u00e1mara de Comerciu de Xix\u00f3n en collaboraci\u00f3n con una decena d\u2019entidaes entamen esta xornada de reivindicaci\u00f3n del idioma.<\/p>\n<p><!--more--><\/p>\n<p>La xornada va entamar a meud\u00eda cola inauguraci\u00f3n institucional, que va cuntar con una apertura musical con gaita asturiana y el preg\u00f3n de Daniella Alumbreros y Maguette Wade. Les tiktokers llangreanes sufrieron una campa\u00f1a d\u2019acosu en redes sociales por usar l\u2019asturianu nes sos publicaciones. Elles van ser les encargaes d\u2019abrir esta xornada de reivindicaci\u00f3n del idioma. Darr\u00e9u d\u2019ello, van tener llugar les intervenciones d\u2019\u00c1lvaro Alonso, secretariu xeneral de la C\u00e1mara de Comerciu de Xix\u00f3n y director de la Feria de Muestres; Ana Vanessa Guti\u00e9rrez, conseyera de Cultura, Pol\u00edtica Lling\u00fc\u00edstica y Deporte del Gobiernu del Princip\u00e1u d\u2019Asturies; y Arantza Margolles, vocal de Comunicaci\u00f3n d\u2019Iniciativa pol Asturianu. Darr\u00e9u la comitiva va facer una visita al puestu de l\u2019asociaci\u00f3n, qu\u2019abelluga a trece empreses que tienen l\u2019asturianu como se\u00f1a d\u2019identid\u00e1.<\/p>\n<p>Y\u00e1 pela tarde la conseyera de Cultura, Pol\u00edtica Lling\u00fc\u00edstica y Deporte va participar, xunto col alcalde de Samart\u00edn del Rei Aurelio, Xos\u00e9 Ram\u00f3n Mart\u00edn Ardines, na presentaci\u00f3n de la obra \u2018Lletres a les sombres de los castilletes\u2019. Tr\u00e1tase d\u2019una reedici\u00f3n del llibru espubliz\u00e1u pol Conceyu de Samart\u00edn del Rei Aurelio. L\u2019actu va tener llugar nel espaciu d\u2019Hunosa.<\/p>\n<p>De magar les cinco de la tarde, el Conceyu d\u2019Avil\u00e9s nel espaciu que comparte col Puertu d\u2019Avil\u00e9s va proyectar el videu \u2018El Ca\u00f1\u00f3n d\u2019Avil\u00e9s o Caladeru de Carrandi\u2019, en collaboraci\u00f3n cola Fundaci\u00f3n Diversid\u00e1 del Ministeriu de Transici\u00f3n Ecol\u00f3xica y Retu Demogr\u00e1ficu, afondando na tem\u00e1tica marinera del propiu stand del conceyu aviles\u00edn.<\/p>\n<p>Les actividaes van siguir a les seis de la tarde nel stand d\u2019Iniciativa pol Asturianu cola presentaci\u00f3n del pallabreru del rugbi a cargu de Xos\u00e9 Ram\u00f3n Matilla Rato; nesta activid\u00e1 collabora la Oficina de Normalizaci\u00f3n Lling\u00fc\u00edstica de Xix\u00f3n.<\/p>\n<p>A partir de les siete de la tarde, nel puestu de La Nueva Espa\u00f1a, va celebrase una presentaci\u00f3n de \u2018Surdiversu\u2019, una antolox\u00eda de 50 a\u00f1os de poes\u00eda asturiana\u2019 na que s\u2019amuesa una escoyeta de poemes de les obres espublizaes nel mediu sieglu \u00faltimu. L\u2019actu va tar present\u00e1u por Berto Garc\u00eda y van participar dellos poetes qu\u2019apaecen na obra.<\/p>\n<p>Nel espaciu de Llangr\u00e9u a les siete y media de la tarde, va desplic\u00e1se\u2019l procesu d\u2019ellaboraci\u00f3n de la sidra y va faer una tastia d\u2019esta bebida.<\/p>\n<p>Am\u00e1s, durante tola xornada habr\u00e1 actividaes pa tolos p\u00fablicos. Nel puestu d\u2019El Comercio los y les visitantes de la Feria de Muestres van poder proponer cu\u00e1la ye la pallabra m\u00e1s prestosa n\u2019asturianu. Toles semeyes van poder vese na p\u00e1xina web del decanu de la prensa asturiana. Per otru llau, l\u2019espaciu de Conceyos con Encantu va poner a prueba los conocimientos de la reciella. Tolos ne\u00f1os y ne\u00f1os que quieran van poder recoyer de baldre un mapa mudu d\u2019Asturies pa coloriar y llocalizar los conceyos. La Universid\u00e1 d\u2019Uvi\u00e9u y la Oficina de Normalizaci\u00f3n Lling\u00fc\u00edstica de Xix\u00f3n tami\u00e9n va participar d\u2019esta xornada con un repartu de materiales n\u2019asturianu.<\/p>\n<p>M\u00e1s d\u2019una decena d\u2019entidaes ente espositores, instituciones y empreses collaboren nel programa d\u2019actividaes con motivu del D\u00eda de la Llingua Asturiana. Toles actividaes son de baldre y tan abiertes a la participaci\u00f3n de los y les visitantes. Iniciativa pol Asturianu anima a la socied\u00e1 civil a participar nesta xornada de valoraci\u00f3n y reivindicaci\u00f3n del idioma.<\/p>\n<\/div>\n<\/div>\n<\/div>\n<\/div>\n<\/div>\n<p>&nbsp;<\/p>\n","protected":false},"excerpt":{"rendered":"<p>Iniciativa pol Asturianu G\u00fcei na Feria de Muestres va celebr\u00e1se\u2019l III D\u00eda de la Llingua Asturiana. Tola informaci\u00f3n pa nun perdete nada d\u2019esta xornada dedicada al #asturianu Calca equ\u00ed https:\/\/iniciativapolasturianu.org\/les-tiktokers&#8230;\/ Iniciativa pol Asturianu y la C\u00e1mara de Comerciu de Xix\u00f3n en collaboraci\u00f3n con una decena d\u2019entidaes entamen esta xornada de reivindicaci\u00f3n del idioma.<\/p>\n","protected":false},"author":117,"featured_media":0,"comment_status":"open","ping_status":"open","sticky":false,"template":"","format":"standard","meta":{"footnotes":""},"categories":[6,209,47],"tags":[],"class_list":["post-29377","post","type-post","status-publish","format-standard","hentry","category-dia-de","category-fidma-xixon","category-iniciativa-pol-asturianu"],"_links":{"self":[{"href":"https:\/\/edublog.educastur.es\/ixuxu\/wp-json\/wp\/v2\/posts\/29377","targetHints":{"allow":["GET"]}}],"collection":[{"href":"https:\/\/edublog.educastur.es\/ixuxu\/wp-json\/wp\/v2\/posts"}],"about":[{"href":"https:\/\/edublog.educastur.es\/ixuxu\/wp-json\/wp\/v2\/types\/post"}],"author":[{"embeddable":true,"href":"https:\/\/edublog.educastur.es\/ixuxu\/wp-json\/wp\/v2\/users\/117"}],"replies":[{"embeddable":true,"href":"https:\/\/edublog.educastur.es\/ixuxu\/wp-json\/wp\/v2\/comments?post=29377"}],"version-history":[{"count":4,"href":"https:\/\/edublog.educastur.es\/ixuxu\/wp-json\/wp\/v2\/posts\/29377\/revisions"}],"predecessor-version":[{"id":29381,"href":"https:\/\/edublog.educastur.es\/ixuxu\/wp-json\/wp\/v2\/posts\/29377\/revisions\/29381"}],"wp:attachment":[{"href":"https:\/\/edublog.educastur.es\/ixuxu\/wp-json\/wp\/v2\/media?parent=29377"}],"wp:term":[{"taxonomy":"category","embeddable":true,"href":"https:\/\/edublog.educastur.es\/ixuxu\/wp-json\/wp\/v2\/categories?post=29377"},{"taxonomy":"post_tag","embeddable":true,"href":"https:\/\/edublog.educastur.es\/ixuxu\/wp-json\/wp\/v2\/tags?post=29377"}],"curies":[{"name":"wp","href":"https:\/\/api.w.org\/{rel}","templated":true}]}}