{"id":29411,"date":"2024-08-17T19:00:32","date_gmt":"2024-08-17T17:00:32","guid":{"rendered":"https:\/\/edublog.educastur.es\/ixuxu\/?p=29411"},"modified":"2024-08-17T20:03:47","modified_gmt":"2024-08-17T18:03:47","slug":"29411","status":"publish","type":"post","link":"https:\/\/edublog.educastur.es\/ixuxu\/2024\/08\/29411\/","title":{"rendered":"\u00abSurdiversu\u00bb, una antolox\u00eda completa de poes\u00eda n\u2019asturianu"},"content":{"rendered":"<p><a href=\"https:\/\/www.facebook.com\/photo\/?fbid=10226482400347545&amp;set=a.1689632681921\">Cartelu<\/a> \/<\/p>\n<p style=\"text-align: center\">\n<!-- iframe plugin v.6.0 wordpress.org\/plugins\/iframe\/ -->\n<iframe loading=\"lazy\" src=\"https:\/\/www.facebook.com\/plugins\/post.php?href=https%3A%2F%2Fwww.facebook.com%2Fanxel.alvarezllano%2Fposts%2Fpfbid032apLHswcwUxNRPv7fjpapfEx1XaNfTFDManpzZGqGdikKRBdv6rsXj7NoXCCtwtgl&#038;show_text=false&#038;width=500\" width=\"500\" height=\"498\" style=\"border:none;overflow:hidden\" scrolling=\"no\" frameborder=\"0\" allowfullscreen=\"true\" allow=\"autoplay; clipboard-write; encrypted-media; picture-in-picture; web-share\" 0=\"\/iframe\" class=\"iframe-class\"><\/iframe>\n<\/p>\n<div class=\"entry-content\">\n<div class=\"padding-t-35\">\n<ul>\n<li class=\"font-size-xxl margin-b-5 font-weight-b color-b-050 letter-spacing--1 fuente-corporativa\"><a href=\"https:\/\/www.rtpa.es\/noticias-sociedad:Berto-Garcia-presenta-'Surdiversu',-una-antoloxia-completa-de-poesia-n'asturianu_111716115936.html?fbclid=IwZXh0bgNhZW0CMTEAAR2a14IU_Wk6Qy98hjyiMOaIg1B3MqpVvQ07bFl3ylToZdvS3Zf9QtQeV0M_aem_AWtoRSQpcxOqFULdzETXyjkcbQigb4DSYanvFmrWZzhS3QM_27KNzmqFodCxfk0kNFoLyaOlbmlscga0nsg4f-5l\">RTPA: Berto Garc\u00eda pres\u00e9nta \u2018Surdiversu\u2019, una antolox\u00eda completa de poes\u00eda n\u2019asturianu<\/a><\/li>\n<\/ul>\n<\/div>\n<div id=\"noticiacompleta\" class=\"parragraph-padding font-c-conent\">\n<p class=\"font-size-m padding-b-20 font-weight-b\">Un percorr\u00edu pel \u00faltimu mediu sieglu con poemes selecionaos de m\u00e1s d\u2019un centenar d\u2019autores. \u2018Surdiversu\u2019 ye una ventana abierta al cosmos completu de la poes\u00eda asturiana.<\/p>\n<p><!--more--><\/p>\n<p class=\"font-size-m padding-b-20 font-weight-b\">Un brinde pa conocer a los poetes dende\u2019l Surdimientu. Alfredo Garay, Xuan Xos\u00e9 S\u00e1nchez Vicente, Xuan Bello, Berta Pi\u00f1\u00e1n, Marta Mori, Ra\u00fal Alonso, una antolox\u00eda de 131 autores que reflexa la evoluci\u00f3n d\u2019esta m\u00fasica escrita.<\/p>\n<\/div>\n\n<!-- iframe plugin v.6.0 wordpress.org\/plugins\/iframe\/ -->\n<iframe loading=\"lazy\" src=\"https:\/\/www.facebook.com\/plugins\/post.php?href=https%3A%2F%2Fwww.facebook.com%2Fphoto.php%3Ffbid%3D8793439470672527%26set%3Da.899813976701822%26type%3D3&#038;show_text=false&#038;width=500\" width=\"500\" height=\"645\" style=\"border:none;overflow:hidden\" scrolling=\"no\" frameborder=\"0\" allowfullscreen=\"true\" allow=\"autoplay; clipboard-write; encrypted-media; picture-in-picture; web-share\" 0=\"\/iframe\" class=\"iframe-class\"><\/iframe>\n\n<\/div>\n<p>&nbsp;<\/p>\n<p>&nbsp;<\/p>\n","protected":false},"excerpt":{"rendered":"<p>Cartelu \/ RTPA: Berto Garc\u00eda pres\u00e9nta \u2018Surdiversu\u2019, una antolox\u00eda completa de poes\u00eda n\u2019asturianu Un percorr\u00edu pel \u00faltimu mediu sieglu con poemes selecionaos de m\u00e1s d\u2019un centenar d\u2019autores. \u2018Surdiversu\u2019 ye una ventana abierta al cosmos completu de la poes\u00eda asturiana.<\/p>\n","protected":false},"author":117,"featured_media":0,"comment_status":"open","ping_status":"open","sticky":false,"template":"","format":"standard","meta":{"footnotes":""},"categories":[209,39],"tags":[],"class_list":["post-29411","post","type-post","status-publish","format-standard","hentry","category-fidma-xixon","category-poesia"],"_links":{"self":[{"href":"https:\/\/edublog.educastur.es\/ixuxu\/wp-json\/wp\/v2\/posts\/29411","targetHints":{"allow":["GET"]}}],"collection":[{"href":"https:\/\/edublog.educastur.es\/ixuxu\/wp-json\/wp\/v2\/posts"}],"about":[{"href":"https:\/\/edublog.educastur.es\/ixuxu\/wp-json\/wp\/v2\/types\/post"}],"author":[{"embeddable":true,"href":"https:\/\/edublog.educastur.es\/ixuxu\/wp-json\/wp\/v2\/users\/117"}],"replies":[{"embeddable":true,"href":"https:\/\/edublog.educastur.es\/ixuxu\/wp-json\/wp\/v2\/comments?post=29411"}],"version-history":[{"count":8,"href":"https:\/\/edublog.educastur.es\/ixuxu\/wp-json\/wp\/v2\/posts\/29411\/revisions"}],"predecessor-version":[{"id":29423,"href":"https:\/\/edublog.educastur.es\/ixuxu\/wp-json\/wp\/v2\/posts\/29411\/revisions\/29423"}],"wp:attachment":[{"href":"https:\/\/edublog.educastur.es\/ixuxu\/wp-json\/wp\/v2\/media?parent=29411"}],"wp:term":[{"taxonomy":"category","embeddable":true,"href":"https:\/\/edublog.educastur.es\/ixuxu\/wp-json\/wp\/v2\/categories?post=29411"},{"taxonomy":"post_tag","embeddable":true,"href":"https:\/\/edublog.educastur.es\/ixuxu\/wp-json\/wp\/v2\/tags?post=29411"}],"curies":[{"name":"wp","href":"https:\/\/api.w.org\/{rel}","templated":true}]}}