{"id":29441,"date":"2024-08-16T22:00:07","date_gmt":"2024-08-16T20:00:07","guid":{"rendered":"https:\/\/edublog.educastur.es\/ixuxu\/?p=29441"},"modified":"2024-08-17T20:49:29","modified_gmt":"2024-08-17T18:49:29","slug":"fantastica-presentacion-de-plizcos-lultimu-poemariu-del-pixuetu-alfredo-garay","status":"publish","type":"post","link":"https:\/\/edublog.educastur.es\/ixuxu\/2024\/08\/fantastica-presentacion-de-plizcos-lultimu-poemariu-del-pixuetu-alfredo-garay\/","title":{"rendered":"Fant\u00e1stica presentaci\u00f3n de \u00abPlizcos\u00bb, l&#8217;ultimu poemariu del pixuetu Alfredo Garay"},"content":{"rendered":"<p style=\"text-align: center\">\n<!-- iframe plugin v.6.0 wordpress.org\/plugins\/iframe\/ -->\n<iframe loading=\"lazy\" src=\"https:\/\/www.facebook.com\/plugins\/post.php?href=https%3A%2F%2Fwww.facebook.com%2Fisa.lobo.35%2Fposts%2Fpfbid0PezLCNyoBpBckvuyCJD3RgQSwh8Lzj2UxFKbwS7JS8o4Q8g3dhSftPkKjUrs62rMl&#038;show_text=true&#038;width=500\" width=\"500\" height=\"722\" style=\"border:none;overflow:hidden\" scrolling=\"no\" frameborder=\"0\" allowfullscreen=\"true\" allow=\"autoplay; clipboard-write; encrypted-media; picture-in-picture; web-share\" 0=\"\/iframe\" class=\"iframe-class\"><\/iframe>\n<\/p>\n<p><span class=\"x193iq5w xeuugli x13faqbe x1vvkbs x1xmvt09 x1lliihq x1s928wv xhkezso x1gmr53x x1cpjm7i x1fgarty x1943h6x xudqn12 x3x7a5m x1f6kntn xvq8zen xo1l8bm xzsf02u x1yc453h\" dir=\"auto\">Fant\u00e1stica presentaci\u00f3n ayeri de Carlos Su\u00e1rez M. en Cuideiru de \u00abPlizcos\u00bb, l&#8217;ultimu poemariu espubliz\u00e1u por <span class=\"html-span xdj266r x11i5rnm xat24cr x1mh8g0r xexx8yu x4uap5 x18d9i69 xkhd6sd x1hl2dhg x16tdsg8 x1vvkbs\"><a class=\"x1i10hfl xjbqb8w x1ejq31n xd10rxx x1sy0etr x17r0tee x972fbf xcfux6l x1qhh985 xm0m39n x9f619 x1ypdohk xt0psk2 xe8uvvx xdj266r x11i5rnm xat24cr x1mh8g0r xexx8yu x4uap5 x18d9i69 xkhd6sd x16tdsg8 x1hl2dhg xggy1nq x1a2a7pz x1sur9pj xkrqix3 x1fey0fg xo1l8bm\" role=\"link\" href=\"https:\/\/www.facebook.com\/profile.php?id=100063471204012&amp;__cft__[0]=AZU1JhP7KpPzwg1iA6h0Hgi8AtNWP0NNMv0bZCW_uPoqodIdHnGVRjv_IKkt71RAtDaeo7YSvfG7oovYpOJ4zElbc9rOgsjMbmGIx5FyFj7YSHiUkNB-W77g0Tb5Pk0G42rLCQJhgqF2IVKNe__RKBHA2629ZEA179-g3bAUPxMRmA&amp;__tn__=-]K-R\"><span class=\"xt0psk2\">BajAmar editores<\/span><\/a><\/span> d&#8217;<span class=\"html-span xdj266r x11i5rnm xat24cr x1mh8g0r xexx8yu x4uap5 x18d9i69 xkhd6sd x1hl2dhg x16tdsg8 x1vvkbs\"><a class=\"x1i10hfl xjbqb8w x1ejq31n xd10rxx x1sy0etr x17r0tee x972fbf xcfux6l x1qhh985 xm0m39n x9f619 x1ypdohk xt0psk2 xe8uvvx xdj266r x11i5rnm xat24cr x1mh8g0r xexx8yu x4uap5 x18d9i69 xkhd6sd x16tdsg8 x1hl2dhg xggy1nq x1a2a7pz x1sur9pj xkrqix3 x1fey0fg xo1l8bm\" role=\"link\" href=\"https:\/\/www.facebook.com\/alfredo.garaymenendez?__cft__[0]=AZU1JhP7KpPzwg1iA6h0Hgi8AtNWP0NNMv0bZCW_uPoqodIdHnGVRjv_IKkt71RAtDaeo7YSvfG7oovYpOJ4zElbc9rOgsjMbmGIx5FyFj7YSHiUkNB-W77g0Tb5Pk0G42rLCQJhgqF2IVKNe__RKBHA2629ZEA179-g3bAUPxMRmA&amp;__tn__=-]K-R\"><span class=\"xt0psk2\">Alfredo Garay Men\u00e9ndez<\/span><\/a><\/span> y portada de <span class=\"html-span xdj266r x11i5rnm xat24cr x1mh8g0r xexx8yu x4uap5 x18d9i69 xkhd6sd x1hl2dhg x16tdsg8 x1vvkbs\"><a class=\"x1i10hfl xjbqb8w x1ejq31n xd10rxx x1sy0etr x17r0tee x972fbf xcfux6l x1qhh985 xm0m39n x9f619 x1ypdohk xt0psk2 xe8uvvx xdj266r x11i5rnm xat24cr x1mh8g0r xexx8yu x4uap5 x18d9i69 xkhd6sd x16tdsg8 x1hl2dhg xggy1nq x1a2a7pz x1sur9pj xkrqix3 x1fey0fg xo1l8bm\" role=\"link\" href=\"https:\/\/www.facebook.com\/piesenlaluna?__cft__[0]=AZU1JhP7KpPzwg1iA6h0Hgi8AtNWP0NNMv0bZCW_uPoqodIdHnGVRjv_IKkt71RAtDaeo7YSvfG7oovYpOJ4zElbc9rOgsjMbmGIx5FyFj7YSHiUkNB-W77g0Tb5Pk0G42rLCQJhgqF2IVKNe__RKBHA2629ZEA179-g3bAUPxMRmA&amp;__tn__=-]K-R\"><span class=\"xt0psk2\">Leticia Gonz\u00e1lez D\u00edaz<\/span><\/a><\/span>. D\u00e9xovos estes semeyes de recuerdu d&#8217;una tarde prestosa de reencuentros y abrazos entra\u00f1ables, am\u00e1s de bona poes\u00eda n&#8217;asturianu.<\/span><\/p>\n","protected":false},"excerpt":{"rendered":"<p>Fant\u00e1stica presentaci\u00f3n ayeri de Carlos Su\u00e1rez M. en Cuideiru de \u00abPlizcos\u00bb, l&#8217;ultimu poemariu espubliz\u00e1u por BajAmar editores d&#8217;Alfredo Garay Men\u00e9ndez y portada de Leticia Gonz\u00e1lez D\u00edaz. D\u00e9xovos estes semeyes de recuerdu d&#8217;una tarde prestosa de reencuentros y abrazos entra\u00f1ables, am\u00e1s de bona poes\u00eda n&#8217;asturianu.<\/p>\n","protected":false},"author":117,"featured_media":0,"comment_status":"open","ping_status":"open","sticky":false,"template":"","format":"standard","meta":{"footnotes":""},"categories":[39],"tags":[],"class_list":["post-29441","post","type-post","status-publish","format-standard","hentry","category-poesia"],"_links":{"self":[{"href":"https:\/\/edublog.educastur.es\/ixuxu\/wp-json\/wp\/v2\/posts\/29441","targetHints":{"allow":["GET"]}}],"collection":[{"href":"https:\/\/edublog.educastur.es\/ixuxu\/wp-json\/wp\/v2\/posts"}],"about":[{"href":"https:\/\/edublog.educastur.es\/ixuxu\/wp-json\/wp\/v2\/types\/post"}],"author":[{"embeddable":true,"href":"https:\/\/edublog.educastur.es\/ixuxu\/wp-json\/wp\/v2\/users\/117"}],"replies":[{"embeddable":true,"href":"https:\/\/edublog.educastur.es\/ixuxu\/wp-json\/wp\/v2\/comments?post=29441"}],"version-history":[{"count":1,"href":"https:\/\/edublog.educastur.es\/ixuxu\/wp-json\/wp\/v2\/posts\/29441\/revisions"}],"predecessor-version":[{"id":29442,"href":"https:\/\/edublog.educastur.es\/ixuxu\/wp-json\/wp\/v2\/posts\/29441\/revisions\/29442"}],"wp:attachment":[{"href":"https:\/\/edublog.educastur.es\/ixuxu\/wp-json\/wp\/v2\/media?parent=29441"}],"wp:term":[{"taxonomy":"category","embeddable":true,"href":"https:\/\/edublog.educastur.es\/ixuxu\/wp-json\/wp\/v2\/categories?post=29441"},{"taxonomy":"post_tag","embeddable":true,"href":"https:\/\/edublog.educastur.es\/ixuxu\/wp-json\/wp\/v2\/tags?post=29441"}],"curies":[{"name":"wp","href":"https:\/\/api.w.org\/{rel}","templated":true}]}}