{"id":29443,"date":"2024-08-18T09:20:12","date_gmt":"2024-08-18T07:20:12","guid":{"rendered":"https:\/\/edublog.educastur.es\/ixuxu\/?p=29443"},"modified":"2024-08-31T20:56:01","modified_gmt":"2024-08-31T18:56:01","slug":"29443","status":"publish","type":"post","link":"https:\/\/edublog.educastur.es\/ixuxu\/2024\/08\/29443\/","title":{"rendered":"86\u00ba aniversariu del asesinatu del poeta Federico G\u00aa Lorca"},"content":{"rendered":"<p style=\"text-align: center\"><a href=\"https:\/\/blogger.googleusercontent.com\/img\/b\/R29vZ2xl\/AVvXsEgUSgVoN4QhP4AgAXN7b_ssf4n73bZmIDn7CKvQ1nCiRAQ9wMb2SbnVCwUisVPIOQ7X_5O8F0Sjw9XeILZktpKoTVe9L4-fxv-S810xtrAf-ExuqFa4xIAKudEzwS1nSCoGgmz7pGwCJN4\/s1600\/lorca.jpg\"><img loading=\"lazy\" decoding=\"async\" class=\"aligncenter \" src=\"https:\/\/blogger.googleusercontent.com\/img\/b\/R29vZ2xl\/AVvXsEgUSgVoN4QhP4AgAXN7b_ssf4n73bZmIDn7CKvQ1nCiRAQ9wMb2SbnVCwUisVPIOQ7X_5O8F0Sjw9XeILZktpKoTVe9L4-fxv-S810xtrAf-ExuqFa4xIAKudEzwS1nSCoGgmz7pGwCJN4\/s1600\/lorca.jpg\" width=\"346\" height=\"524\" \/><\/a><\/p>\n<p><span class=\"x193iq5w xeuugli x13faqbe x1vvkbs x1xmvt09 x1lliihq x1s928wv xhkezso x1gmr53x x1cpjm7i x1fgarty x1943h6x xudqn12 x3x7a5m x1f6kntn xvq8zen xo1l8bm xzsf02u x1yc453h\" dir=\"auto\">G\u00fcei, 18 d&#8217;agostu, el 86\u00ba aniversariu del <span class=\"html-span xdj266r x11i5rnm xat24cr x1mh8g0r xexx8yu x4uap5 x18d9i69 xkhd6sd x1hl2dhg x16tdsg8 x1vvkbs\"><a class=\"x1i10hfl xjbqb8w x1ejq31n xd10rxx x1sy0etr x17r0tee x972fbf xcfux6l x1qhh985 xm0m39n x9f619 x1ypdohk xt0psk2 xe8uvvx xdj266r x11i5rnm xat24cr x1mh8g0r xexx8yu x4uap5 x18d9i69 xkhd6sd x16tdsg8 x1hl2dhg xggy1nq x1a2a7pz x1sur9pj xkrqix3 x1fey0fg xo1l8bm\" role=\"link\" href=\"https:\/\/www.facebook.com\/hashtag\/asesinato?__eep__=6&amp;__cft__[0]=AZVwWjrR_yZRoEz3rbNEmACfP9cTrvPD_-fMjvKlHweeLb2-TXiRb0PMf5q56EWI5Rfdpvxg3v2Pg3U9-ibMQGB2PdEp7lqlPh_b9LLsizqBarRO3ak1eueomMM5VZjcDMavxtT4IVee88L3UQP9QcxKz4cq4g6OLJoRdHthqY_L9dAcTaF769Sib6AeLvVhHp10ZRfe5n2BJ-uhwxCXjPN8NCluMIa_HZuyGyr1CcyO0w&amp;__tn__=*NK-y-R\">#asesinatu<\/a><\/span> de Federico Garc\u00eda <span class=\"html-span xdj266r x11i5rnm xat24cr x1mh8g0r xexx8yu x4uap5 x18d9i69 xkhd6sd x1hl2dhg x16tdsg8 x1vvkbs\"><a class=\"x1i10hfl xjbqb8w x1ejq31n xd10rxx x1sy0etr x17r0tee x972fbf xcfux6l x1qhh985 xm0m39n x9f619 x1ypdohk xt0psk2 xe8uvvx xdj266r x11i5rnm xat24cr x1mh8g0r xexx8yu x4uap5 x18d9i69 xkhd6sd x16tdsg8 x1hl2dhg xggy1nq x1a2a7pz x1sur9pj xkrqix3 x1fey0fg xo1l8bm\" role=\"link\" href=\"https:\/\/www.facebook.com\/hashtag\/lorca?__eep__=6&amp;__cft__[0]=AZVwWjrR_yZRoEz3rbNEmACfP9cTrvPD_-fMjvKlHweeLb2-TXiRb0PMf5q56EWI5Rfdpvxg3v2Pg3U9-ibMQGB2PdEp7lqlPh_b9LLsizqBarRO3ak1eueomMM5VZjcDMavxtT4IVee88L3UQP9QcxKz4cq4g6OLJoRdHthqY_L9dAcTaF769Sib6AeLvVhHp10ZRfe5n2BJ-uhwxCXjPN8NCluMIa_HZuyGyr1CcyO0w&amp;__tn__=*NK-y-R\">#Lorca<\/a><\/span> a manos del ex\u00e9rcito franquista.\u00a0<\/span><\/p>\n<blockquote><p><strong><span style=\"color: #008080;font-size: 20px\"><em>Ensin ningun vientu, faime casu. Xira, coraz\u00f3n. Xira, coraz\u00f3n<\/em><\/span><\/strong><\/p>\n<div class=\"xdj266r x11i5rnm xat24cr x1mh8g0r x1vvkbs x126k92a\">\n<div dir=\"auto\"><span style=\"font-size: 20px;color: #008080\"><em><strong>\u201cHai almes qu&#8217;unu tien ganes d&#8217;asomarse a elles, como a una ventana llena de sol.\u201d<\/strong><\/em><\/span><\/div>\n<div dir=\"auto\">\n<p><span style=\"font-size: 20px;color: #008080\"><strong><em>El m\u00e1s tarrecible de los sentimientos <\/em><\/strong><strong><em>ye&#8217;l sentimientu de tener la esperanza perdida.<\/em> <\/strong><\/span><\/p>\n<\/div>\n<\/div>\n<\/blockquote>\n<ul>\n<li>Federico G\u00aa Lorca: w<a href=\"https:\/\/es.wikipedia.org\/wiki\/Federico_Garc%C3%ADa_Lorca\">iki<\/a> \/<a href=\"https:\/\/www.google.com\/search?client=firefox-b-d&amp;sca_esv=6c1fb03c8061d660&amp;sca_upv=1&amp;sxsrf=ADLYWIKZS6T4GNkUq6pQo8YquQ4GkYzF_g:1723973760968&amp;q=federico+garc%C3%ADa+lorca&amp;udm=2&amp;fbs=AEQNm0CbCVgAZ5mWEJDg6aoPVcBgWizR0-0aFOH11Sb5tlNhdzTfxpAVBoexMFZnKJBpl_OnTFfcge8advfRBIXE7C_RezcKtzzoo30BU_DvyMiKvqR1OqgLBfwUcS3SX0gXr68loB6xwAGagy2ePrV6qVso8O4zie3zJmKSUqhxY0XCWYKMt7U&amp;sa=X&amp;ved=2ahUKEwjzqf_cnv6HAxUDV6QEHbIRGG4QtKgLegQIDhAB&amp;biw=1536&amp;bih=739&amp;dpr=1.25\"> semeyes<\/a> \/ <a href=\"https:\/\/www.youtube.com\/watch?app=desktop&amp;v=wptTy0o_l2A\">BIO pa ne\u00f1os<\/a> \/ <a href=\"https:\/\/www.diariofemenino.com\/psicologia\/frases-y-reflexiones\/frases-de-federico-garcia-lorca-para-la-posteridad-con-imagenes\/\">meyores frases<\/a> \/<\/li>\n<\/ul>\n<p><!--more--><\/p>\n<p>Ente&#8217;l 18 y el 19 d&#8217;agostu de 1936 fusilaron al poeta Federico G\u00aa Lorca. Re\u00f1edielles familiares, falsos cargos y xuna vengaci\u00f3n entamada al marxe de la llei terminaron cola vida del poeta xuna madrugada nel mediu del campu. Los sos restos inda aguarden ser topaos, y el so tr\u00e1xicu final sigue vixente 87 a\u00f1os dempu\u00e9s.<\/p>\n\n<!-- iframe plugin v.6.0 wordpress.org\/plugins\/iframe\/ -->\n<iframe loading=\"lazy\" width=\"100%\" height=\"395\" src=\"https:\/\/www.youtube.com\/embed\/wptTy0o_l2A\" title=\"Federico Garc\u00eda Lorca | Biograf\u00eda en cuento para ni\u00f1os | Shackleton Kids\" frameborder=\"0\" allow=\"accelerometer; autoplay; clipboard-write; encrypted-media; gyroscope; picture-in-picture; web-share\" referrerpolicy=\"strict-origin-when-cross-origin\" 0=\"allowfullscreen\" 1=\"\/iframe\" scrolling=\"yes\" class=\"iframe-class\"><\/iframe>\n\n<p style=\"text-align: center\">\n<!-- iframe plugin v.6.0 wordpress.org\/plugins\/iframe\/ -->\n<iframe loading=\"lazy\" src=\"https:\/\/www.facebook.com\/plugins\/post.php?href=https%3A%2F%2Fwww.facebook.com%2Fpoetica2.0%2Fposts%2Fpfbid02xUxYrB3nUBrzp2nXsDJoohXBzqsUnj9VpdBgHcppTNLjXTfazPU5Cx38YNyXQDvEl&#038;show_text=false&#038;width=500\" width=\"500\" height=\"498\" style=\"border:none;overflow:hidden\" scrolling=\"no\" frameborder=\"0\" allowfullscreen=\"true\" allow=\"autoplay; clipboard-write; encrypted-media; picture-in-picture; web-share\" 0=\"\/iframe\" class=\"iframe-class\"><\/iframe>\n<\/p>\n<p>&nbsp;<\/p>\n<p style=\"text-align: center\"><a href=\"https:\/\/img.europapress.es\/fotoweb\/fotonoticia_20170605103825_690.jpg\"><img loading=\"lazy\" decoding=\"async\" class=\"aligncenter size-full\" src=\"https:\/\/img.europapress.es\/fotoweb\/fotonoticia_20170605103825_690.jpg\" width=\"690\" height=\"418\" \/><\/a><\/p>\n<p>&nbsp;<\/p>\n","protected":false},"excerpt":{"rendered":"<p>G\u00fcei, 18 d&#8217;agostu, el 86\u00ba aniversariu del #asesinatu de Federico Garc\u00eda #Lorca a manos del ex\u00e9rcito franquista.\u00a0 Ensin ningun vientu, faime casu. Xira, coraz\u00f3n. Xira, coraz\u00f3n \u201cHai almes qu&#8217;unu tien ganes d&#8217;asomarse a elles, como a una ventana llena de sol.\u201d El m\u00e1s tarrecible de los sentimientos ye&#8217;l sentimientu de tener la esperanza perdida. Federico [&hellip;]<\/p>\n","protected":false},"author":117,"featured_media":0,"comment_status":"open","ping_status":"open","sticky":false,"template":"","format":"standard","meta":{"footnotes":""},"categories":[107,39],"tags":[],"class_list":["post-29443","post","type-post","status-publish","format-standard","hentry","category-aniversariu","category-poesia"],"_links":{"self":[{"href":"https:\/\/edublog.educastur.es\/ixuxu\/wp-json\/wp\/v2\/posts\/29443","targetHints":{"allow":["GET"]}}],"collection":[{"href":"https:\/\/edublog.educastur.es\/ixuxu\/wp-json\/wp\/v2\/posts"}],"about":[{"href":"https:\/\/edublog.educastur.es\/ixuxu\/wp-json\/wp\/v2\/types\/post"}],"author":[{"embeddable":true,"href":"https:\/\/edublog.educastur.es\/ixuxu\/wp-json\/wp\/v2\/users\/117"}],"replies":[{"embeddable":true,"href":"https:\/\/edublog.educastur.es\/ixuxu\/wp-json\/wp\/v2\/comments?post=29443"}],"version-history":[{"count":10,"href":"https:\/\/edublog.educastur.es\/ixuxu\/wp-json\/wp\/v2\/posts\/29443\/revisions"}],"predecessor-version":[{"id":30152,"href":"https:\/\/edublog.educastur.es\/ixuxu\/wp-json\/wp\/v2\/posts\/29443\/revisions\/30152"}],"wp:attachment":[{"href":"https:\/\/edublog.educastur.es\/ixuxu\/wp-json\/wp\/v2\/media?parent=29443"}],"wp:term":[{"taxonomy":"category","embeddable":true,"href":"https:\/\/edublog.educastur.es\/ixuxu\/wp-json\/wp\/v2\/categories?post=29443"},{"taxonomy":"post_tag","embeddable":true,"href":"https:\/\/edublog.educastur.es\/ixuxu\/wp-json\/wp\/v2\/tags?post=29443"}],"curies":[{"name":"wp","href":"https:\/\/api.w.org\/{rel}","templated":true}]}}