{"id":29508,"date":"2024-08-19T09:00:13","date_gmt":"2024-08-19T07:00:13","guid":{"rendered":"https:\/\/edublog.educastur.es\/ixuxu\/?p=29508"},"modified":"2024-08-19T23:07:02","modified_gmt":"2024-08-19T21:07:02","slug":"dia-mundial-de-la-fofografia","status":"publish","type":"post","link":"https:\/\/edublog.educastur.es\/ixuxu\/2024\/08\/dia-mundial-de-la-fofografia\/","title":{"rendered":"D\u00eda Mundial de la Fotograf\u00eda"},"content":{"rendered":"<ul>\n<li><a href=\"https:\/\/www.facebook.com\/photo\/?fbid=2859491130875027&amp;set=gm.1015413669989262&amp;idorvanity=686570696206896\">Imaxe de HCB<\/a> \/<a href=\"https:\/\/www.fotografiaprofesional.mx\/blog\/frases-fotografia\/\"> frases de fotograf\u00eda<\/a> \/ <a href=\"https:\/\/www.bookey.app\/es\/quote-author\/annie-leibovitz\">frases A. Leivobitz<\/a> \/<\/li>\n<\/ul>\n<p style=\"text-align: center\"><a href=\"https:\/\/teleantillas.com.do\/wp-content\/uploads\/2022\/08\/dia-mundial-de-la-fotografia_004.jpg\"><img loading=\"lazy\" decoding=\"async\" class=\"aligncenter \" src=\"https:\/\/teleantillas.com.do\/wp-content\/uploads\/2022\/08\/dia-mundial-de-la-fotografia_004.jpg\" width=\"446\" height=\"446\" \/><\/a><\/p>\n<p>Cada 19 d&#8217;agostu celebrase&#8217;l D\u00eda Internacional de la Fotograf\u00eda n&#8217;alcordanza de Louis Daguerre, qu&#8217;en 1839, present\u00f3 \u00e9nte l&#8217;Academia de les Ciencies de Francia&#8217;l daguerrotipu, invento que la so patente ser\u00eda lliberada y que depu\u00e9s dar\u00eda llugar a la fotograf\u00eda.<\/p>\n<blockquote>\n<ul>\n<li><span style=\"color: #008080;font-size: 20px\"><em><strong>Fotografiar ye asitiar la cabeza, el g\u00fceyu<br \/>\ny el coraz\u00f3n n&#8217;un mesmu exe. <\/strong><\/em><a href=\"https:\/\/es.wikipedia.org\/wiki\/Henri_Cartier-Bresson\"><span style=\"color: #333333\">Henri Cartier-Bresson<\/span><\/a><\/span><\/li>\n<li><span style=\"font-size: 20px\"><span style=\"color: #008080\"><strong><em> Ye m\u00e1s importante faer clic cola xente<br \/>\nque cola c\u00e1mara.<\/em><\/strong><\/span> <span style=\"color: #000000\">Alfred Eisenstaedt<\/span><\/span><\/li>\n<li><span style=\"color: #008080;font-size: 20px\"><strong><em>Nun busques la perfecci\u00f3n n&#8217;una fotograf\u00eda,<br \/>\nbusca la emoci\u00f3n y l&#8217;hestoria que pueda cuntar. <\/em><\/strong><\/span><span style=\"font-size: 20px\">Annie Leibovitz<\/span><span style=\"color: #008080;font-size: 20px\"><strong><em><br \/>\n<\/em><\/strong><\/span><\/li>\n<li><span style=\"color: #008080;font-size: 20px\"><strong><em>Nun importa qu\u00e9 c\u00e1mara uses, lo importante ye<br \/>\nc\u00f3mo te rellaciones colo que tas fotografiando.\u00a0 <\/em><\/strong><\/span><span style=\"font-size: 20px\">Annie Leibovitz<\/span><\/li>\n<li><span style=\"font-size: 20px\"><span style=\"color: #008080\"><strong><em>La fotograf\u00eda ye&#8217;l llinguaxe universal<br \/>\nque toos podemos entender.<\/em><\/strong><\/span> Annie Leibovitz<\/span><\/li>\n<li><span style=\"font-size: 20px\"><span style=\"color: #008080\"><em><strong>Si cada fotograf\u00eda r\u00f3bate un pocu l&#8217;alma,<br \/>\n\u00bfnun ye posible que yo tea dexando partes de la mio alma<br \/>\ncada vez que tomo una fotograf\u00eda?<\/strong><\/em><\/span> <span style=\"color: #000000\">Richard Avedon<\/span><\/span><\/li>\n<\/ul>\n<\/blockquote>\n<p>&nbsp;<\/p>\n","protected":false},"excerpt":{"rendered":"<p>Imaxe de HCB \/ frases de fotograf\u00eda \/ frases A. Leivobitz \/ Cada 19 d&#8217;agostu celebrase&#8217;l D\u00eda Internacional de la Fotograf\u00eda n&#8217;alcordanza de Louis Daguerre, qu&#8217;en 1839, present\u00f3 \u00e9nte l&#8217;Academia de les Ciencies de Francia&#8217;l daguerrotipu, invento que la so patente ser\u00eda lliberada y que depu\u00e9s dar\u00eda llugar a la fotograf\u00eda. Fotografiar ye asitiar la [&hellip;]<\/p>\n","protected":false},"author":117,"featured_media":0,"comment_status":"open","ping_status":"open","sticky":false,"template":"","format":"standard","meta":{"footnotes":""},"categories":[6],"tags":[],"class_list":["post-29508","post","type-post","status-publish","format-standard","hentry","category-dia-de"],"_links":{"self":[{"href":"https:\/\/edublog.educastur.es\/ixuxu\/wp-json\/wp\/v2\/posts\/29508","targetHints":{"allow":["GET"]}}],"collection":[{"href":"https:\/\/edublog.educastur.es\/ixuxu\/wp-json\/wp\/v2\/posts"}],"about":[{"href":"https:\/\/edublog.educastur.es\/ixuxu\/wp-json\/wp\/v2\/types\/post"}],"author":[{"embeddable":true,"href":"https:\/\/edublog.educastur.es\/ixuxu\/wp-json\/wp\/v2\/users\/117"}],"replies":[{"embeddable":true,"href":"https:\/\/edublog.educastur.es\/ixuxu\/wp-json\/wp\/v2\/comments?post=29508"}],"version-history":[{"count":14,"href":"https:\/\/edublog.educastur.es\/ixuxu\/wp-json\/wp\/v2\/posts\/29508\/revisions"}],"predecessor-version":[{"id":29543,"href":"https:\/\/edublog.educastur.es\/ixuxu\/wp-json\/wp\/v2\/posts\/29508\/revisions\/29543"}],"wp:attachment":[{"href":"https:\/\/edublog.educastur.es\/ixuxu\/wp-json\/wp\/v2\/media?parent=29508"}],"wp:term":[{"taxonomy":"category","embeddable":true,"href":"https:\/\/edublog.educastur.es\/ixuxu\/wp-json\/wp\/v2\/categories?post=29508"},{"taxonomy":"post_tag","embeddable":true,"href":"https:\/\/edublog.educastur.es\/ixuxu\/wp-json\/wp\/v2\/tags?post=29508"}],"curies":[{"name":"wp","href":"https:\/\/api.w.org\/{rel}","templated":true}]}}