{"id":29516,"date":"2024-08-19T10:00:23","date_gmt":"2024-08-19T08:00:23","guid":{"rendered":"https:\/\/edublog.educastur.es\/ixuxu\/?p=29516"},"modified":"2024-08-19T21:16:58","modified_gmt":"2024-08-19T19:16:58","slug":"arranca-nuvieul-festival-parees-con-murales-inspiraos-na-madrena-y-la-ceramica-de-faro","status":"publish","type":"post","link":"https:\/\/edublog.educastur.es\/ixuxu\/2024\/08\/arranca-nuvieul-festival-parees-con-murales-inspiraos-na-madrena-y-la-ceramica-de-faro\/","title":{"rendered":"Arranca n&#8217;Uvi\u00e9u&#8217;l Festival &#8216;Parees&#8217; con murales inspiraos na madre\u00f1a y la cer\u00e1mica de Faro"},"content":{"rendered":"<ul>\n<li>Fonte: <a href=\"https:\/\/www.rtpa.es\/noticias-sociedad-ast\/2024-08-17\/Arranca-n'Uvieu'l-Festival-'Parees'-con-murales-inspiraos-na-madre%C3%B1a-y-la-ceramica-de-Faro_111723892899.html\">RTPA<\/a> \/ Categor\u00eda<a href=\"https:\/\/edublog.educastur.es\/ixuxu\/category\/parees\/\"><strong> Parees<\/strong><\/a> \/<\/li>\n<\/ul>\n<p style=\"text-align: center\"><a href=\"https:\/\/edublog.educastur.es\/ixuxu\/category\/parees\/\"><img loading=\"lazy\" decoding=\"async\" class=\"aligncenter size-full\" src=\"http:\/\/paredesfest.net\/wp-content\/uploads\/2017\/06\/logo.gif\" width=\"305\" height=\"67\" \/><\/a><\/p>\n<div class=\"padding-t-35\">\n<p class=\"font-size-xxl margin-b-5 font-weight-b color-b-050 letter-spacing--1 fuente-corporativa\"><strong>Arranca n&#8217;Uvi\u00e9u&#8217;l Festival &#8216;Parees&#8217;, dempu\u00e9s d\u2019un par\u00f3n en 2023, con murales inspiraos na madre\u00f1a y la cer\u00e1mica de Faro. Los primeros en xunir al andamiu sedr\u00e1n Slim Safont y Marat Morik<br \/>\n<\/strong><\/p>\n<\/div>\n<div id=\"multimedia\" class=\"capa_imagen_player img-det-not\">\n<div id=\"mediaplayer\">\n<div id=\"video-a-reproducir4459157969\" class=\"video-js vjs-default-skin vjs-16-9 vjs-big-play-centered vjs-paused vjs-controls-enabled vjs-workinghover vjs-v8 vjs-user-active video-a-reproducir4459157969-dimensions\" lang=\"es\" role=\"region\" aria-label=\"Reproductor de Video\">\n<div class=\"vjs-poster\"><img decoding=\"async\" src=\"https:\/\/www.rtpa.es\/fotos\/\/24\/08\/20240817141403_RTPA5427171.jpg\" alt=\"\" \/><\/div>\n<div class=\"vjs-text-track-display\" aria-live=\"off\">\n<div><\/div>\n<\/div>\n<\/div>\n<\/div>\n<\/div>\n<div id=\"noticiacompleta\" class=\"parragraph-padding font-c-conent\">\n<h2 class=\"font-size-m padding-b-20 font-weight-b margin-t-16\">Los primeros en xunir al andamiu sedr\u00e1n Slim Safont y Marat Morik<\/h2>\n<p>N\u2019Uvi\u00e9u, y\u00e1 t\u00e1n preparaes dos gr\u00faes escomanaes, que t\u00e1n esperando la llegada de los que van convertir n\u2019arte les parees de dos edificios de la cai Luis \u00c1lvarez Fueyo, nel barriu de Villafr\u00eda. <strong>S\u00e9ptima edici\u00f3n del festival de muralismu urbanu &#8216;Parees&#8217;.<\/strong> Hasta\u2019l 25 d\u2019agostu, sedr\u00e1n tres los reconoc\u00edos artistes, una asturiana, un catal\u00e1n y un rusu, los que crear\u00e1n obres inspiraes na cultura asturiana, reafitando\u2019l compromisu del festival col territoriu.<\/p>\n<p>&nbsp;<\/p>\n<\/div>\n","protected":false},"excerpt":{"rendered":"<p>Fonte: RTPA \/ Categor\u00eda Parees \/ Arranca n&#8217;Uvi\u00e9u&#8217;l Festival &#8216;Parees&#8217;, dempu\u00e9s d\u2019un par\u00f3n en 2023, con murales inspiraos na madre\u00f1a y la cer\u00e1mica de Faro. Los primeros en xunir al andamiu sedr\u00e1n Slim Safont y Marat Morik Los primeros en xunir al andamiu sedr\u00e1n Slim Safont y Marat Morik N\u2019Uvi\u00e9u, y\u00e1 t\u00e1n preparaes dos gr\u00faes [&hellip;]<\/p>\n","protected":false},"author":117,"featured_media":0,"comment_status":"open","ping_status":"open","sticky":false,"template":"","format":"standard","meta":{"footnotes":""},"categories":[89,154],"tags":[],"class_list":["post-29516","post","type-post","status-publish","format-standard","hentry","category-arte","category-parees"],"_links":{"self":[{"href":"https:\/\/edublog.educastur.es\/ixuxu\/wp-json\/wp\/v2\/posts\/29516","targetHints":{"allow":["GET"]}}],"collection":[{"href":"https:\/\/edublog.educastur.es\/ixuxu\/wp-json\/wp\/v2\/posts"}],"about":[{"href":"https:\/\/edublog.educastur.es\/ixuxu\/wp-json\/wp\/v2\/types\/post"}],"author":[{"embeddable":true,"href":"https:\/\/edublog.educastur.es\/ixuxu\/wp-json\/wp\/v2\/users\/117"}],"replies":[{"embeddable":true,"href":"https:\/\/edublog.educastur.es\/ixuxu\/wp-json\/wp\/v2\/comments?post=29516"}],"version-history":[{"count":5,"href":"https:\/\/edublog.educastur.es\/ixuxu\/wp-json\/wp\/v2\/posts\/29516\/revisions"}],"predecessor-version":[{"id":29536,"href":"https:\/\/edublog.educastur.es\/ixuxu\/wp-json\/wp\/v2\/posts\/29516\/revisions\/29536"}],"wp:attachment":[{"href":"https:\/\/edublog.educastur.es\/ixuxu\/wp-json\/wp\/v2\/media?parent=29516"}],"wp:term":[{"taxonomy":"category","embeddable":true,"href":"https:\/\/edublog.educastur.es\/ixuxu\/wp-json\/wp\/v2\/categories?post=29516"},{"taxonomy":"post_tag","embeddable":true,"href":"https:\/\/edublog.educastur.es\/ixuxu\/wp-json\/wp\/v2\/tags?post=29516"}],"curies":[{"name":"wp","href":"https:\/\/api.w.org\/{rel}","templated":true}]}}