{"id":29530,"date":"2024-08-19T09:05:04","date_gmt":"2024-08-19T07:05:04","guid":{"rendered":"https:\/\/edublog.educastur.es\/ixuxu\/?p=29530"},"modified":"2024-08-19T12:51:00","modified_gmt":"2024-08-19T10:51:00","slug":"dalgunos-datos-de-la-mio-aficcion-fotografica","status":"publish","type":"post","link":"https:\/\/edublog.educastur.es\/ixuxu\/2024\/08\/dalgunos-datos-de-la-mio-aficcion-fotografica\/","title":{"rendered":"Dalgunos datos de la mio aficci\u00f3n fotogr\u00e1fica"},"content":{"rendered":"<div class=\"html-div xdj266r x11i5rnm xat24cr x1mh8g0r xexx8yu x4uap5 x18d9i69 xkhd6sd\" dir=\"auto\">\n<div id=\":r47c:\" class=\"x1iorvi4 x1pi30zi x1l90r2v x1swvt13\" data-ad-comet-preview=\"message\" data-ad-preview=\"message\">\n<div class=\"x78zum5 xdt5ytf xz62fqu x16ldp7u\">\n<div class=\"xu06os2 x1ok221b\">\n<div class=\"xdj266r x11i5rnm xat24cr x1mh8g0r x1vvkbs x126k92a\">\n<div dir=\"auto\">Feliz d\u00eda de la fotograf\u00eda a quienes tami\u00e9n esfruten observando&#8217;l mundu al travi\u00e9s d&#8217;una lente, como faigo yo.<\/div>\n<div dir=\"auto\"><\/div>\n<div dir=\"auto\" style=\"text-align: center\">\n<!-- iframe plugin v.6.0 wordpress.org\/plugins\/iframe\/ -->\n<iframe loading=\"lazy\" src=\"https:\/\/www.facebook.com\/plugins\/post.php?href=https%3A%2F%2Fwww.facebook.com%2Fphoto.php%3Ffbid%3D10231607065654682%26set%3Da.4169099340745%26type%3D3&#038;show_text=false&#038;width=500\" width=\"500\" height=\"204\" style=\"border:none;overflow:hidden\" scrolling=\"no\" frameborder=\"0\" allowfullscreen=\"true\" allow=\"autoplay; clipboard-write; encrypted-media; picture-in-picture; web-share\" 0=\"\/iframe\" class=\"iframe-class\"><\/iframe>\n<\/div>\n<div dir=\"auto\"><\/div>\n<\/div>\n<div class=\"x11i5rnm xat24cr x1mh8g0r x1vvkbs xtlvy1s x126k92a\">\n<div dir=\"auto\">Dende bien peque\u00f1a garraba&#8217;l bus pa ver prestoses puestes de sol y retratales. Deseaba capturar ese precisu instante pa poder velu cuantes veces quisiera. Asina entam\u00f3 esta hestoria&#8230;<\/div>\n<div dir=\"auto\"><!--more--><\/div>\n<div dir=\"auto\">Dempu\u00e9s trabay\u00e9 tres a\u00f1os nun llaboratoriu fotogr\u00e1ficu con \u00c1ngel, Javi e Iv\u00e1n que me acoyeron como familia y a quienes siempre tar\u00e9 mui agradecida.<\/div>\n<div dir=\"auto\"><\/div>\n<div dir=\"auto\">Durante unos a\u00f1os tuvi la mio empresa ILFO y dediqueme a retratar eventos, xente de toles edaes, empreses, hasta que ya nun daba pa vivir.<\/div>\n<div dir=\"auto\"><\/div>\n<div dir=\"auto\">Dende que saqu\u00e9 plaza retrato a los nuesos alumnos pa que tengan recuerdos del colexu, dalg\u00fan d\u00eda prestra-yos vese&#8230;<\/div>\n<div dir=\"auto\"><\/div>\n<\/div>\n<div class=\"x11i5rnm xat24cr x1mh8g0r x1vvkbs xtlvy1s x126k92a\">\n<div dir=\"auto\">Pero ye a la xente \u00abamiga\u00bb y que s\u00e9 que aprecia les mios semeyes a quien m\u00e1s me presta retratar y acompa\u00f1ar, quienes entren pel g\u00fceyo al coraz\u00f3n. Ye la mio aportaci\u00f3n a momentos compartidos, un brindis a la amist\u00e1.<\/div>\n<div dir=\"auto\"><\/div>\n<\/div>\n<div class=\"x11i5rnm xat24cr x1mh8g0r x1vvkbs xtlvy1s x126k92a\">\n<div dir=\"auto\">Estos d\u00edes que toi terminando de colocar nel pisu nuevo llibros y recuerdos, les fotos son quiciabes lo m\u00e1s importante porque nelles tamos retrataes lo m\u00e1s importante, les persones: familia, amigos, collacios, alumn\u00e1u&#8230; Tola xente que cola que compart\u00ed vida, espacios, tiempos, rises, ll\u00e1rimes.<\/div>\n<div dir=\"auto\"><\/div>\n<\/div>\n<div class=\"x11i5rnm xat24cr x1mh8g0r x1vvkbs xtlvy1s x126k92a\">\n<div dir=\"auto\">Tola xente importante pa m\u00edn y la que quiero y querr\u00e9, camine o non conmigo na actualid\u00e1, tea presente o nel cielu, toes eses persones a quienes brindo&#8217;l mio recuerdu y cari\u00f1o.<\/div>\n<\/div>\n<div class=\"x11i5rnm xat24cr x1mh8g0r x1vvkbs xtlvy1s x126k92a\">\n<div dir=\"auto\"><\/div>\n<\/div>\n<div class=\"x11i5rnm xat24cr x1mh8g0r x1vvkbs xtlvy1s x126k92a\">\n<blockquote>\n<div dir=\"auto\"><em>Si cada fotograf\u00eda r\u00f3bate un pocu l&#8217;alma, \u00bfnun ye posible que yo tea dexando partes de la mio alma cada vez que tomo una fotograf\u00eda?<\/em> Richard Avedon<\/div>\n<\/blockquote>\n<\/div>\n<div dir=\"auto\">\n<!-- iframe plugin v.6.0 wordpress.org\/plugins\/iframe\/ -->\n<iframe loading=\"lazy\" src=\"https:\/\/www.facebook.com\/plugins\/post.php?href=https%3A%2F%2Fwww.facebook.com%2Fisa.lobo.35%2Fposts%2Fpfbid0ePtR6Zxsysu2wvx23smh2W9Zq8NGa2vRWWVmzgebJWTSzpzg6qCnjyYR3j2dWo1Ql&#038;show_text=true&#038;width=500\" width=\"500\" height=\"766\" style=\"border:none;overflow:hidden\" scrolling=\"no\" frameborder=\"0\" allowfullscreen=\"true\" allow=\"autoplay; clipboard-write; encrypted-media; picture-in-picture; web-share\" 0=\"\/iframe\" class=\"iframe-class\"><\/iframe>\n<\/div>\n<\/div>\n<div dir=\"auto\"><\/div>\n<\/div>\n<\/div>\n<\/div>\n<p>&nbsp;<\/p>\n","protected":false},"excerpt":{"rendered":"<p>Feliz d\u00eda de la fotograf\u00eda a quienes tami\u00e9n esfruten observando&#8217;l mundu al travi\u00e9s d&#8217;una lente, como faigo yo. Dende bien peque\u00f1a garraba&#8217;l bus pa ver prestoses puestes de sol y retratales. Deseaba capturar ese precisu instante pa poder velu cuantes veces quisiera. Asina entam\u00f3 esta hestoria&#8230;<\/p>\n","protected":false},"author":117,"featured_media":0,"comment_status":"open","ping_status":"open","sticky":false,"template":"","format":"standard","meta":{"footnotes":""},"categories":[17],"tags":[],"class_list":["post-29530","post","type-post","status-publish","format-standard","hentry","category-semeyes"],"_links":{"self":[{"href":"https:\/\/edublog.educastur.es\/ixuxu\/wp-json\/wp\/v2\/posts\/29530","targetHints":{"allow":["GET"]}}],"collection":[{"href":"https:\/\/edublog.educastur.es\/ixuxu\/wp-json\/wp\/v2\/posts"}],"about":[{"href":"https:\/\/edublog.educastur.es\/ixuxu\/wp-json\/wp\/v2\/types\/post"}],"author":[{"embeddable":true,"href":"https:\/\/edublog.educastur.es\/ixuxu\/wp-json\/wp\/v2\/users\/117"}],"replies":[{"embeddable":true,"href":"https:\/\/edublog.educastur.es\/ixuxu\/wp-json\/wp\/v2\/comments?post=29530"}],"version-history":[{"count":4,"href":"https:\/\/edublog.educastur.es\/ixuxu\/wp-json\/wp\/v2\/posts\/29530\/revisions"}],"predecessor-version":[{"id":29534,"href":"https:\/\/edublog.educastur.es\/ixuxu\/wp-json\/wp\/v2\/posts\/29530\/revisions\/29534"}],"wp:attachment":[{"href":"https:\/\/edublog.educastur.es\/ixuxu\/wp-json\/wp\/v2\/media?parent=29530"}],"wp:term":[{"taxonomy":"category","embeddable":true,"href":"https:\/\/edublog.educastur.es\/ixuxu\/wp-json\/wp\/v2\/categories?post=29530"},{"taxonomy":"post_tag","embeddable":true,"href":"https:\/\/edublog.educastur.es\/ixuxu\/wp-json\/wp\/v2\/tags?post=29530"}],"curies":[{"name":"wp","href":"https:\/\/api.w.org\/{rel}","templated":true}]}}