{"id":29555,"date":"2024-08-20T12:00:00","date_gmt":"2024-08-20T10:00:00","guid":{"rendered":"https:\/\/edublog.educastur.es\/ixuxu\/?p=29555"},"modified":"2024-08-21T12:19:33","modified_gmt":"2024-08-21T10:19:33","slug":"29555","status":"publish","type":"post","link":"https:\/\/edublog.educastur.es\/ixuxu\/2024\/08\/29555\/","title":{"rendered":"Asturies cierra \u00abcon bona nota\u00bb la so participaci\u00f3n nel Festival Interc\u00e9lticu de Lorient"},"content":{"rendered":"<div dir=\"auto\">\n<p>&nbsp;<\/p>\n<p style=\"text-align: center\"><a href=\"https:\/\/estaticos-cdn.prensaiberica.es\/clip\/fd9da1cb-732d-4747-a448-bf6342eed595_16-9-aspect-ratio_default_0.webp\"><img loading=\"lazy\" decoding=\"async\" class=\"aligncenter size-full\" src=\"https:\/\/estaticos-cdn.prensaiberica.es\/clip\/fd9da1cb-732d-4747-a448-bf6342eed595_16-9-aspect-ratio_default_0.webp\" width=\"880\" height=\"495\" \/><\/a><\/p>\n<p style=\"text-align: center\">La delegaci\u00f3n rexonal #sobreponer al amenorgamientu de d\u00edes y a l&#8217;agua para cautivar al p\u00fablicu nun gran escaparate internacional<br \/>\nLa Banda de Gaites \u00abLa Llaguna del Torollu\u00bb y la Banda Sinf\u00f3nica del Aten\u00e9u Musical de Mieres, mientres la so actuaci\u00f3n en Lorient. | Festival Interceltique<\/p>\n<\/div>\n<ul>\n<li dir=\"auto\"><span class=\"html-span xdj266r x11i5rnm xat24cr x1mh8g0r xexx8yu x4uap5 x18d9i69 xkhd6sd x1hl2dhg x16tdsg8 x1vvkbs\"><a class=\"x1i10hfl xjbqb8w x1ejq31n xd10rxx x1sy0etr x17r0tee x972fbf xcfux6l x1qhh985 xm0m39n x9f619 x1ypdohk xt0psk2 xe8uvvx xdj266r x11i5rnm xat24cr x1mh8g0r xexx8yu x4uap5 x18d9i69 xkhd6sd x16tdsg8 x1hl2dhg xggy1nq x1a2a7pz x1sur9pj xkrqix3 x1fey0fg xo1l8bm\" role=\"link\" href=\"https:\/\/www.facebook.com\/festival.interceltique.lorient?__cft__[0]=AZXPjk47M30Mb0OFp1xtOkRunXpD8oRjOHEa4iANz8S02fUhr-C-CnaqI6plAInx6YpBE0BcJWfjqnVJo0sjT5c1RqOGJZQGXMapUR3i6OAEZJDRwL_7eRqwNHmyqKagaSrk0pCNyX1BprAp_28JL0XJ5hQz6RKJYDh70Qi7TvWeuloIZi4m9gEPPX7J26Z_rAlgrR9tC8Tf6JRLUSmGDHuBUF04CHGeHdVVkkV9qfOIUwsVfsiyTavl7-QBbFEFpK8&amp;__tn__=-]K-y-R\"><span class=\"xt0psk2\">Festival Interceltique de Lorient<\/span><\/a><\/span> <span class=\"html-span xdj266r x11i5rnm xat24cr x1mh8g0r xexx8yu x4uap5 x18d9i69 xkhd6sd x1hl2dhg x16tdsg8 x1vvkbs\"><a class=\"x1i10hfl xjbqb8w x1ejq31n xd10rxx x1sy0etr x17r0tee x972fbf xcfux6l x1qhh985 xm0m39n x9f619 x1ypdohk xt0psk2 xe8uvvx xdj266r x11i5rnm xat24cr x1mh8g0r xexx8yu x4uap5 x18d9i69 xkhd6sd x16tdsg8 x1hl2dhg xggy1nq x1a2a7pz x1sur9pj xkrqix3 x1fey0fg xo1l8bm\" role=\"link\" href=\"https:\/\/www.facebook.com\/filasturias?__cft__[0]=AZXPjk47M30Mb0OFp1xtOkRunXpD8oRjOHEa4iANz8S02fUhr-C-CnaqI6plAInx6YpBE0BcJWfjqnVJo0sjT5c1RqOGJZQGXMapUR3i6OAEZJDRwL_7eRqwNHmyqKagaSrk0pCNyX1BprAp_28JL0XJ5hQz6RKJYDh70Qi7TvWeuloIZi4m9gEPPX7J26Z_rAlgrR9tC8Tf6JRLUSmGDHuBUF04CHGeHdVVkkV9qfOIUwsVfsiyTavl7-QBbFEFpK8&amp;__tn__=-]K-y-R\"><span class=\"xt0psk2\">&#8211; Delegaci\u00f3n Asturiana.<\/span><\/a><\/span><\/li>\n<li dir=\"auto\">Fonte:<a href=\"https:\/\/www.lne.es\/sociedad\/2024\/08\/19\/asturias-cierra-buena-nota-participacion-107126311.html\"> LNE<\/a> \/<\/li>\n<\/ul>\n<p><!--more--><\/p>\n<p>El 53\u00ba Festival Interc\u00e9lticu de Lorient toc\u00f3 ayeri a al so fin y f\u00edzolo con bones sensaciones ente la delegaci\u00f3n asturiana. Los artistes que llevaron la m\u00fasica aturiana a la la breta\u00f1a francesa salieron contentos de la cita, y dan-y \u00abbien bona nota\u00bb a la esperiencia d&#8217;estos \u00faltimos d\u00edes. Encantaos cola respuesta del p\u00fablicu, esperen qu&#8217;el so pasu por Lorient encontie los sos y\u00e1 de por s\u00ed s\u00f3lides carreres. \u00abTolo que s\u00eda tar equ\u00ed y\u00e1 ye un \u00e9situ. Supon un escaparate a tolos niveles pola gran cantid\u00e1 de p\u00fablicu que rexunta\u00bb, esplica I\u00f1aki Santianes de Molenes, al mandu de la delegaci\u00f3n. Santianes tami\u00e9n se\u00f1ala qu&#8217;el stand d&#8217;Asturies, onde nun faltaron les degustaciones de sidra al son de la m\u00fasica, \u00abgust\u00f3 enforma\u00bb.<\/p>\n<div dir=\"auto\" style=\"text-align: center\">\n<!-- iframe plugin v.6.0 wordpress.org\/plugins\/iframe\/ -->\n<iframe loading=\"lazy\" src=\"https:\/\/www.facebook.com\/plugins\/post.php?href=https%3A%2F%2Fwww.facebook.com%2Fphoto.php%3Ffbid%3D808300961475072%26set%3Da.228420436129797%26type%3D3&#038;show_text=false&#038;width=500\" width=\"500\" height=\"709\" style=\"border:none;overflow:hidden\" scrolling=\"no\" frameborder=\"0\" allowfullscreen=\"true\" allow=\"autoplay; clipboard-write; encrypted-media; picture-in-picture; web-share\" 0=\"\/iframe\" class=\"iframe-class\"><\/iframe>\n<\/div>\n","protected":false},"excerpt":{"rendered":"<p>&nbsp; La delegaci\u00f3n rexonal #sobreponer al amenorgamientu de d\u00edes y a l&#8217;agua para cautivar al p\u00fablicu nun gran escaparate internacional La Banda de Gaites \u00abLa Llaguna del Torollu\u00bb y la Banda Sinf\u00f3nica del Aten\u00e9u Musical de Mieres, mientres la so actuaci\u00f3n en Lorient. | Festival Interceltique Festival Interceltique de Lorient &#8211; Delegaci\u00f3n Asturiana. Fonte: LNE [&hellip;]<\/p>\n","protected":false},"author":117,"featured_media":0,"comment_status":"open","ping_status":"open","sticky":false,"template":"","format":"standard","meta":{"footnotes":""},"categories":[204,35],"tags":[],"class_list":["post-29555","post","type-post","status-publish","format-standard","hentry","category-festivales","category-musica"],"_links":{"self":[{"href":"https:\/\/edublog.educastur.es\/ixuxu\/wp-json\/wp\/v2\/posts\/29555","targetHints":{"allow":["GET"]}}],"collection":[{"href":"https:\/\/edublog.educastur.es\/ixuxu\/wp-json\/wp\/v2\/posts"}],"about":[{"href":"https:\/\/edublog.educastur.es\/ixuxu\/wp-json\/wp\/v2\/types\/post"}],"author":[{"embeddable":true,"href":"https:\/\/edublog.educastur.es\/ixuxu\/wp-json\/wp\/v2\/users\/117"}],"replies":[{"embeddable":true,"href":"https:\/\/edublog.educastur.es\/ixuxu\/wp-json\/wp\/v2\/comments?post=29555"}],"version-history":[{"count":7,"href":"https:\/\/edublog.educastur.es\/ixuxu\/wp-json\/wp\/v2\/posts\/29555\/revisions"}],"predecessor-version":[{"id":29562,"href":"https:\/\/edublog.educastur.es\/ixuxu\/wp-json\/wp\/v2\/posts\/29555\/revisions\/29562"}],"wp:attachment":[{"href":"https:\/\/edublog.educastur.es\/ixuxu\/wp-json\/wp\/v2\/media?parent=29555"}],"wp:term":[{"taxonomy":"category","embeddable":true,"href":"https:\/\/edublog.educastur.es\/ixuxu\/wp-json\/wp\/v2\/categories?post=29555"},{"taxonomy":"post_tag","embeddable":true,"href":"https:\/\/edublog.educastur.es\/ixuxu\/wp-json\/wp\/v2\/tags?post=29555"}],"curies":[{"name":"wp","href":"https:\/\/api.w.org\/{rel}","templated":true}]}}