{"id":29638,"date":"2024-08-23T12:57:07","date_gmt":"2024-08-23T10:57:07","guid":{"rendered":"https:\/\/edublog.educastur.es\/ixuxu\/?p=29638"},"modified":"2024-08-23T12:57:07","modified_gmt":"2024-08-23T10:57:07","slug":"29638","status":"publish","type":"post","link":"https:\/\/edublog.educastur.es\/ixuxu\/2024\/08\/29638\/","title":{"rendered":""},"content":{"rendered":"<p style=\"text-align: center\"><span style=\"color: #800080;font-size: 20px\"><em><strong>\u00abLes palabres son bones. Les palabres son males. <\/strong><\/em><\/span><br \/>\n<span style=\"color: #800080;font-size: 20px\"><em><strong>Les palabres ofienden. Les palabres quemen. <\/strong><\/em><\/span><br \/>\n<span style=\"color: #800080;font-size: 20px\"><em><strong>Les palabres afalaguen.<\/strong><\/em><\/span><br \/>\n<span style=\"color: #800080;font-size: 20px\"><em><strong> Les palabres son daes, camudaes, ufiertaes, vend\u00edes ya inventaes.<\/strong><\/em><\/span><br \/>\n<span style=\"color: #800080;font-size: 20px\"><em><strong> Les palabres t\u00e1n ausentes. <\/strong><\/em><\/span><br \/>\n<span style=\"color: #800080;font-size: 20px\"><em><strong>Delles palabres absu\u00e9rbennos, nun nos dexen:<\/strong><\/em><\/span><br \/>\n<span style=\"color: #800080;font-size: 20px\"><em><strong>\u00a0vienen nos llibros, los peri\u00f3dicos, nos mensaxes publicitarios, <\/strong><\/em><\/span><br \/>\n<span style=\"color: #800080;font-size: 20px\"><em><strong>nos r\u00f3tulos de les pel\u00edcules, nes cartes y nos cartelos.<\/strong><\/em><\/span><\/p>\n<p style=\"text-align: center\">\n<span style=\"color: #800080;font-size: 20px\"><em><strong>Les palabres aconseyen, suxuren, suxuren, encamienten, <\/strong><\/em><\/span><br \/>\n<span style=\"color: #800080;font-size: 20px\"><em><strong>imponen, segreguen , esanicien. <\/strong><\/em><\/span><br \/>\n<span style=\"color: #800080;font-size: 20px\"><em><strong>El mundu xira sobro palabres lubrificaes con aceite de paciencia. <\/strong><\/em><\/span><br \/>\n<span style=\"color: #800080;font-size: 20px\"><em><strong>Los celebros t\u00e1n llenos de palabres que viven en paz<\/strong><\/em><\/span><br \/>\n<span style=\"color: #800080;font-size: 20px\"><em><strong>y n&#8217;harmon\u00eda coles sos contraries y enemigues.<\/strong><\/em><\/span><br \/>\n<span style=\"color: #800080;font-size: 20px\"><em><strong> Por eso la xente fai lo contrario de lo que piensa<\/strong><\/em><\/span><br \/>\n<span style=\"color: #800080;font-size: 20px\"><em><strong> creyendo pensar lo que fai\u00bb.<\/strong><\/em><\/span><br \/>\nJos\u00e9 Saramago<\/p>\n","protected":false},"excerpt":{"rendered":"<p>\u00abLes palabres son bones. Les palabres son males. Les palabres ofienden. Les palabres quemen. Les palabres afalaguen. Les palabres son daes, camudaes, ufiertaes, vend\u00edes ya inventaes. Les palabres t\u00e1n ausentes. Delles palabres absu\u00e9rbennos, nun nos dexen: \u00a0vienen nos llibros, los peri\u00f3dicos, nos mensaxes publicitarios, nos r\u00f3tulos de les pel\u00edcules, nes cartes y nos cartelos. Les [&hellip;]<\/p>\n","protected":false},"author":117,"featured_media":0,"comment_status":"open","ping_status":"open","sticky":false,"template":"","format":"quote","meta":{"footnotes":""},"categories":[1],"tags":[],"class_list":["post-29638","post","type-post","status-publish","format-quote","hentry","category-sin-categoria","post_format-post-format-quote"],"_links":{"self":[{"href":"https:\/\/edublog.educastur.es\/ixuxu\/wp-json\/wp\/v2\/posts\/29638","targetHints":{"allow":["GET"]}}],"collection":[{"href":"https:\/\/edublog.educastur.es\/ixuxu\/wp-json\/wp\/v2\/posts"}],"about":[{"href":"https:\/\/edublog.educastur.es\/ixuxu\/wp-json\/wp\/v2\/types\/post"}],"author":[{"embeddable":true,"href":"https:\/\/edublog.educastur.es\/ixuxu\/wp-json\/wp\/v2\/users\/117"}],"replies":[{"embeddable":true,"href":"https:\/\/edublog.educastur.es\/ixuxu\/wp-json\/wp\/v2\/comments?post=29638"}],"version-history":[{"count":1,"href":"https:\/\/edublog.educastur.es\/ixuxu\/wp-json\/wp\/v2\/posts\/29638\/revisions"}],"predecessor-version":[{"id":29639,"href":"https:\/\/edublog.educastur.es\/ixuxu\/wp-json\/wp\/v2\/posts\/29638\/revisions\/29639"}],"wp:attachment":[{"href":"https:\/\/edublog.educastur.es\/ixuxu\/wp-json\/wp\/v2\/media?parent=29638"}],"wp:term":[{"taxonomy":"category","embeddable":true,"href":"https:\/\/edublog.educastur.es\/ixuxu\/wp-json\/wp\/v2\/categories?post=29638"},{"taxonomy":"post_tag","embeddable":true,"href":"https:\/\/edublog.educastur.es\/ixuxu\/wp-json\/wp\/v2\/tags?post=29638"}],"curies":[{"name":"wp","href":"https:\/\/api.w.org\/{rel}","templated":true}]}}