{"id":29664,"date":"2024-08-23T14:10:37","date_gmt":"2024-08-23T12:10:37","guid":{"rendered":"https:\/\/edublog.educastur.es\/ixuxu\/?p=29664"},"modified":"2024-08-25T15:19:52","modified_gmt":"2024-08-25T13:19:52","slug":"29664","status":"publish","type":"post","link":"https:\/\/edublog.educastur.es\/ixuxu\/2024\/08\/29664\/","title":{"rendered":"Accesu gratuitu a la telecabina de Valgrande-Payares el 1 de setiembre"},"content":{"rendered":"<div class=\"html-div xdj266r x11i5rnm xat24cr x1mh8g0r xexx8yu x1a8lsjc x1swvt13 x1pi30zi\">\n<div class=\"html-div xdj266r x11i5rnm xat24cr x1mh8g0r xexx8yu x4uap5 x18d9i69 xkhd6sd x1jx94hy x78zum5 x1q0g3np\">\n<div class=\"html-div xdj266r x11i5rnm xat24cr x1mh8g0r xexx8yu x4uap5 x18d9i69 xkhd6sd\">\n<div class=\"x78zum5 xdt5ytf xz62fqu x16ldp7u\">\n<div class=\"xu06os2 x1ok221b\">\n<ul>\n<li class=\"html-h3 x11i5rnm xat24cr x1mh8g0r xexx8yu x4uap5 x18d9i69 xkhd6sd x1vvkbs x1heor9g x1qlqyl8 x1pd3egz x1a2a7pz x1gslohp x1yc453h\"><span class=\"x1lliihq x6ikm8r x10wlt62 x1n2onr6\"><span class=\"xt0psk2\"><a class=\"x1i10hfl xjbqb8w x1ejq31n xd10rxx x1sy0etr x17r0tee x972fbf xcfux6l x1qhh985 xm0m39n x9f619 x1ypdohk xt0psk2 xe8uvvx xdj266r x11i5rnm xat24cr x1mh8g0r xexx8yu x4uap5 x18d9i69 xkhd6sd x16tdsg8 x1hl2dhg xggy1nq x1a2a7pz x1sur9pj xkrqix3 xzsf02u x1s688f\" role=\"link\" href=\"https:\/\/www.facebook.com\/culturaAST?__cft__[0]=AZVIKsWl2KraG0b9m7arzwMWcfQgRZRPHay1qLeL2dXdoxFJfNErgQ9jgF642YAV-Y5f2ukC8ysKJYRuyZuWVNDbKgG7MJ8XWBosADRZrEuCkq-poo9QJ2Cn1R67rBo4FdEvPnfu_TK8PAv_Ia1rwEho4Qlm3aHzNu5TTyza5P8BYhd83pE_ygQFRWxDyUDWrEf0JaTJs3SY_dYqmFMIp15h7FUpE1pboMQV0z3OUYAXHQ&amp;__tn__=-UC%2CP-y-R\"><strong class=\"html-strong xdj266r x11i5rnm xat24cr x1mh8g0r xexx8yu x4uap5 x18d9i69 xkhd6sd x1hl2dhg x16tdsg8 x1vvkbs x1s688f\"><span class=\"html-span xdj266r x11i5rnm xat24cr x1mh8g0r xexx8yu x4uap5 x18d9i69 xkhd6sd x1hl2dhg x16tdsg8 x1vvkbs\">Conseyer\u00eda de Cultura, Pol\u00edtica Lling\u00fc\u00edstica y Deporte<\/span><\/strong><\/a><\/span><\/span><\/li>\n<\/ul>\n<\/div>\n<div class=\"xu06os2 x1ok221b\">\n<div class=\"html-div xdj266r x11i5rnm xat24cr x1mh8g0r xexx8yu x4uap5 x18d9i69 xkhd6sd x1q0g3np\" style=\"text-align: left\"><span class=\"html-span xexx8yu x4uap5 x18d9i69 xkhd6sd x1hl2dhg x16tdsg8 x1vvkbs x3nfvp2 x1j61x8r x1fcty0u xdj266r xat24cr xgzva0m xhhsvwb xxymvpz xlup9mm x1kky2od\"><img loading=\"lazy\" decoding=\"async\" class=\"xz74otr\" src=\"https:\/\/static.xx.fbcdn.net\/images\/emoji.php\/v9\/tbe\/1\/16\/1f6a1.png\" alt=\"?\" width=\"16\" height=\"16\" \/><\/span> La Conseyer\u00eda de Cultura, Pol\u00edtica Lling\u00fc\u00edstica y Deporte va ofrecer <strong>accesu gratuitu a la telecabina de la estaci\u00f3n ivernal de Valgrande-Payares el pr\u00f3ximu 1 de setiembre<\/strong>, coincidiendo cola llegada de La Vuelta a Espa\u00f1a al techu del complexu deportivu, El Cuitunigru. D&#8217;esta manera, el Princip\u00e1u va facilitar l&#8217;accesu a la zona alta de la instalaci\u00f3n, especialmente a persones con movilid\u00e1 reducida, families y menores.<\/div>\n<div style=\"text-align: center\"><a href=\"https:\/\/actualidad.asturias.es\/documents\/537115\/2053151\/pajares.jpg\/3ee311ab-7bb6-694f-82cf-2305d60096f3?t=1724251273220\"><img loading=\"lazy\" decoding=\"async\" class=\"aligncenter size-full\" src=\"https:\/\/actualidad.asturias.es\/documents\/537115\/2053151\/pajares.jpg\/3ee311ab-7bb6-694f-82cf-2305d60096f3?t=1724251273220\" width=\"1280\" height=\"670\" \/><\/a><\/div>\n<\/div>\n<\/div>\n<\/div>\n<\/div>\n<\/div>\n<div class=\"html-div xdj266r x11i5rnm xat24cr x1mh8g0r xexx8yu x4uap5 x18d9i69 xkhd6sd\" dir=\"auto\">\n<div class=\"html-div xdj266r x11i5rnm xat24cr x1mh8g0r xexx8yu x4uap5 x18d9i69 xkhd6sd\" dir=\"auto\">\n<div class=\"x1iorvi4 x1pi30zi x1l90r2v x1swvt13\" data-ad-comet-preview=\"message\" data-ad-preview=\"message\">\n<div class=\"x78zum5 xdt5ytf xz62fqu x16ldp7u\">\n<div class=\"xu06os2 x1ok221b\">\n<div class=\"xdj266r x11i5rnm xat24cr x1mh8g0r x1vvkbs x126k92a\">\n<div dir=\"auto\"><\/div>\n<\/div>\n<div dir=\"auto\"><!--more--><\/div>\n<div class=\"x11i5rnm xat24cr x1mh8g0r x1vvkbs xtlvy1s x126k92a\">\n<div dir=\"auto\"><span class=\"html-span xexx8yu x4uap5 x18d9i69 xkhd6sd x1hl2dhg x16tdsg8 x1vvkbs x3nfvp2 x1j61x8r x1fcty0u xdj266r xat24cr xgzva0m xhhsvwb xxymvpz xlup9mm x1kky2od\"><img loading=\"lazy\" decoding=\"async\" class=\"xz74otr\" src=\"https:\/\/static.xx.fbcdn.net\/images\/emoji.php\/v9\/t4c\/1\/16\/1f6b5_1f3fb_200d_2642.png\" alt=\"??\u200d\u2642\ufe0f\" width=\"16\" height=\"16\" \/><\/span> El final d&#8217;etapa de la ronda ciclista coincide col setenta aniversariu de Valgrande-Payares. Va ser el primeru de los dos finales n&#8217;altu que la ronda ciclista va tener n&#8217;Asturies, onde&#8217;l d\u00eda 3 va ascender a los Llagos de Cuadonga y la segunda xornada na que va pasar pela comunid\u00e1, tres percorrer 81 quil\u00f3metros nos conceyos de Dega\u00f1a y Cangas del Narcea na previa, el s\u00e1badu 31 d&#8217;agostu. La etapa que finaliza en Payares va salir de L\u2019Infiestu poco primero de les dos de la tarde y va llegar, seg\u00fan l&#8217;horariu previstu pola organizaci\u00f3n, a les 17:20 hores.<\/div>\n<\/div>\n<div class=\"x11i5rnm xat24cr x1mh8g0r x1vvkbs xtlvy1s x126k92a\">\n<div dir=\"auto\"><span class=\"html-span xexx8yu x4uap5 x18d9i69 xkhd6sd x1hl2dhg x16tdsg8 x1vvkbs x3nfvp2 x1j61x8r x1fcty0u xdj266r xat24cr xgzva0m xhhsvwb xxymvpz xlup9mm x1kky2od\"><img loading=\"lazy\" decoding=\"async\" class=\"xz74otr\" src=\"https:\/\/static.xx.fbcdn.net\/images\/emoji.php\/v9\/t5c\/1\/16\/1f5d3.png\" alt=\"?\ufe0f\" width=\"16\" height=\"16\" \/><\/span> Cultura tien programao esta temporada estival un completu programa d&#8217;actividaes, Veranu en Payares, col oxetivu de desestacionalizar l&#8217;usu de les instalaciones. La propuesta ofrez a los visitantes acceder a los cumes \u1e37\u1e37enizos usando la telecabina tolos fines de selmana y festivos, hasta&#8217;l 15 de setiembre. Esta ofierta, unida a l&#8217;apertura del bikepark, les rutes de senderismu y la llegada de La Vuelta, sup\u00f3n un importante est\u00edmulu tur\u00edsticu pa tola comarca, que se complementa cola riqueza cultural, paisax\u00edstica y gastron\u00f3mica de la zona.<\/div>\n<\/div>\n<div class=\"x11i5rnm xat24cr x1mh8g0r x1vvkbs xtlvy1s x126k92a\">\n<div dir=\"auto\"><span class=\"html-span xexx8yu x4uap5 x18d9i69 xkhd6sd x1hl2dhg x16tdsg8 x1vvkbs x3nfvp2 x1j61x8r x1fcty0u xdj266r xat24cr xgzva0m xhhsvwb xxymvpz xlup9mm x1kky2od\"><img loading=\"lazy\" decoding=\"async\" class=\"xz74otr\" src=\"https:\/\/static.xx.fbcdn.net\/images\/emoji.php\/v9\/tb3\/1\/16\/1f517.png\" alt=\"?\" width=\"16\" height=\"16\" \/><\/span> La resoluci\u00f3n que recueye la gratuid\u00e1 del usu de la telecabina&#8217;l pr\u00f3ximu 1 de setiembre puede consultase nel Bopa, al travi\u00e9s del enllaz siguiente: <span class=\"html-span xdj266r x11i5rnm xat24cr x1mh8g0r xexx8yu x4uap5 x18d9i69 xkhd6sd x1hl2dhg x16tdsg8 x1vvkbs\"><a class=\"x1i10hfl xjbqb8w x1ejq31n xd10rxx x1sy0etr x17r0tee x972fbf xcfux6l x1qhh985 xm0m39n x9f619 x1ypdohk xt0psk2 xe8uvvx xdj266r x11i5rnm xat24cr x1mh8g0r xexx8yu x4uap5 x18d9i69 xkhd6sd x16tdsg8 x1hl2dhg xggy1nq x1a2a7pz x1sur9pj xkrqix3 x1fey0fg\" role=\"link\" href=\"https:\/\/l.facebook.com\/l.php?u=https%3A%2F%2Facortar.link%2F5jqdpJ%3Ffbclid%3DIwZXh0bgNhZW0CMTAAAR0WplJ5nWuzA0VDT0KDJk9AngEFvbhyqCO4rw9kdAL_iF1QINOQqbhVmi0_aem_ZKVDeHmG8iK_6kj05OAyGQ&amp;h=AT0jQLGCgHI1PoNjY4WUEJsghUUzkaiI_rTFRueU1CQU-krcv5cCE6oZCJlfTS1vh7cwL1OwjxijUMcOjvIop4OW6B2O6I6_4wTb3vPhBZUpYCMMVbVEem-9YxbRFPKSgNq0QdWD00CrQXTVaw&amp;__tn__=-UK-y-R&amp;c[0]=AT1AOTjgPWDtgwi2zEEzq5NJeqSft6ijEGU5SRjEKkN8GeDebqb24GcftJdxCpH43OGfpE0GQrnd9-_BmtqbbZGa1a4nF-nIBM2fmbUTdYUbESkAMFGD1lcgC9cThQKOKfELPnjjI260aeFuYWhEDBNCG2JzmJUVhmeIWCX6Xwpc_ASFnaZ-ymcwah4SqaAxVEm_94R0ypMvd6JtbjPDYqX2hFpYy3DnWIwS_FjUmsHOYf1cQ2JFj41HYGWpPLnk\" target=\"_blank\" rel=\"nofollow noopener noreferrer\">https:\/\/acortar.link\/5jqdpJ<\/a><\/span><\/div>\n<\/div>\n<\/div>\n<\/div>\n<\/div>\n<\/div>\n<\/div>\n<p>&nbsp;<\/p>\n","protected":false},"excerpt":{"rendered":"<p>Conseyer\u00eda de Cultura, Pol\u00edtica Lling\u00fc\u00edstica y Deporte La Conseyer\u00eda de Cultura, Pol\u00edtica Lling\u00fc\u00edstica y Deporte va ofrecer accesu gratuitu a la telecabina de la estaci\u00f3n ivernal de Valgrande-Payares el pr\u00f3ximu 1 de setiembre, coincidiendo cola llegada de La Vuelta a Espa\u00f1a al techu del complexu deportivu, El Cuitunigru. D&#8217;esta manera, el Princip\u00e1u va facilitar l&#8217;accesu [&hellip;]<\/p>\n","protected":false},"author":117,"featured_media":0,"comment_status":"open","ping_status":"open","sticky":false,"template":"","format":"standard","meta":{"footnotes":""},"categories":[1],"tags":[],"class_list":["post-29664","post","type-post","status-publish","format-standard","hentry","category-sin-categoria"],"_links":{"self":[{"href":"https:\/\/edublog.educastur.es\/ixuxu\/wp-json\/wp\/v2\/posts\/29664","targetHints":{"allow":["GET"]}}],"collection":[{"href":"https:\/\/edublog.educastur.es\/ixuxu\/wp-json\/wp\/v2\/posts"}],"about":[{"href":"https:\/\/edublog.educastur.es\/ixuxu\/wp-json\/wp\/v2\/types\/post"}],"author":[{"embeddable":true,"href":"https:\/\/edublog.educastur.es\/ixuxu\/wp-json\/wp\/v2\/users\/117"}],"replies":[{"embeddable":true,"href":"https:\/\/edublog.educastur.es\/ixuxu\/wp-json\/wp\/v2\/comments?post=29664"}],"version-history":[{"count":6,"href":"https:\/\/edublog.educastur.es\/ixuxu\/wp-json\/wp\/v2\/posts\/29664\/revisions"}],"predecessor-version":[{"id":29725,"href":"https:\/\/edublog.educastur.es\/ixuxu\/wp-json\/wp\/v2\/posts\/29664\/revisions\/29725"}],"wp:attachment":[{"href":"https:\/\/edublog.educastur.es\/ixuxu\/wp-json\/wp\/v2\/media?parent=29664"}],"wp:term":[{"taxonomy":"category","embeddable":true,"href":"https:\/\/edublog.educastur.es\/ixuxu\/wp-json\/wp\/v2\/categories?post=29664"},{"taxonomy":"post_tag","embeddable":true,"href":"https:\/\/edublog.educastur.es\/ixuxu\/wp-json\/wp\/v2\/tags?post=29664"}],"curies":[{"name":"wp","href":"https:\/\/api.w.org\/{rel}","templated":true}]}}