{"id":29703,"date":"2024-08-25T12:30:36","date_gmt":"2024-08-25T10:30:36","guid":{"rendered":"https:\/\/edublog.educastur.es\/ixuxu\/?p=29703"},"modified":"2024-08-31T23:02:26","modified_gmt":"2024-08-31T21:02:26","slug":"29703","status":"publish","type":"post","link":"https:\/\/edublog.educastur.es\/ixuxu\/2024\/08\/29703\/","title":{"rendered":"Cadav\u00e9u (Vald\u00e9s) celebra la Fiesta de la Regalina"},"content":{"rendered":"<ul>\n<li><a href=\"https:\/\/quefemos.com\/fiestas-de-la-regalina-2024-en-cadavedo\/events\/29054\/\"><strong>WEB<\/strong><\/a> \/ Videu 1 \/ <a href=\"https:\/\/www.facebook.com\/reel\/864868685164987\">Videu 2<\/a> \/ <a href=\"https:\/\/www.rtpa.es\/noticias-sociedad\/2024-08-25\/Cadaveu-celebra-la-fiesta-de-La-Regalina_111724585608.html?fbclid=IwY2xjawFAY15leHRuA2FlbQIxMQABHZMMMprbt249HuNDvsvxo0yMj2WAmMlGV6GRAFdX68VLwoLGpvg824d06w_aem_EG2UvClsv7fv6yg_2QR6Fg\"><strong>RTPA Videu<\/strong><\/a> \/<\/li>\n<\/ul>\n<p style=\"text-align: center\"><a href=\"https:\/\/s2.ppllstatics.com\/elcomercio\/www\/multimedia\/2023\/08\/28\/86714333--1920x1080.jpg\"><img loading=\"lazy\" decoding=\"async\" class=\"aligncenter size-full\" src=\"https:\/\/s2.ppllstatics.com\/elcomercio\/www\/multimedia\/2023\/08\/28\/86714333--1920x1080.jpg\" width=\"1920\" height=\"1080\" \/><\/a><\/p>\n<p style=\"text-align: center\">\n<!-- iframe plugin v.6.0 wordpress.org\/plugins\/iframe\/ -->\n<iframe loading=\"lazy\" src=\"https:\/\/www.facebook.com\/plugins\/video.php?height=476&#038;href=https%3A%2F%2Fwww.facebook.com%2Freel%2F864868685164987%2F&#038;show_text=false&#038;width=267&#038;t=0\" width=\"267\" height=\"476\" style=\"border:none;overflow:hidden\" scrolling=\"no\" frameborder=\"0\" allowfullscreen=\"true\" allow=\"autoplay; clipboard-write; encrypted-media; picture-in-picture; web-share\" 0=\"\/iframe\" class=\"iframe-class\"><\/iframe>\n<\/p>\n<p><!--more--><\/p>\n<p>Domingo 25.\u00a0 A los once de la ma\u00f1ana va tomar la salida&#8217;l desfile tradicional que va dar pasu, una hora m\u00e1s tarde, a la llectura del preg\u00f3n y entrega del premiu de poes\u00eda.\u00a0A la una de la tarde va tener llugar la misa y posterior procesi\u00f3n.<\/p>\n<p>A les dos de la tarde, en Cadaveu van esfrutar de l&#8217;actuaci\u00f3n de los grupos: Grupu Folcl\u00f3ricu Orales d&#8217;Aguilar, Agrupaci\u00f3n Folcl\u00f3rica y Popular L&#8217;Espol\u00edn,\u00a0 Coros y Danza Xovellanos,\u00a0 Coros y Dances La Regalina.<\/p>\n<p style=\"text-align: center\"><a href=\"https:\/\/i.ytimg.com\/vi\/Z5BM0j15xwc\/maxresdefault.jpg\"><img loading=\"lazy\" decoding=\"async\" class=\"aligncenter size-full\" src=\"https:\/\/i.ytimg.com\/vi\/Z5BM0j15xwc\/maxresdefault.jpg\" width=\"1280\" height=\"720\" \/><\/a><\/p>\n<p><strong>El campu de La Garita queda peque\u00f1u para allugar a cientos de visitantes. <\/strong>La tradici\u00f3n foi la gran protagonista d&#8217;una de les grandes fiestes del branu na rex\u00f3n. La Regalina rexunt\u00f3 a miles de persones nun campu de La Garita que se qued\u00f3 peque\u00f1u para honrar a la virxe de Riegla.<\/p>\n<p>El preg\u00f3n, un a\u00f1u m\u00e1s, \u00e1cidu y reivindicativu. Jos\u00e9 Manuel Fern\u00e1ndez repas\u00f3 la pol\u00edtica nacional y rexonal y menciones a cuestiones d&#8217;actualid\u00e1, como los retrasos de l&#8217;Ave.<\/p>\n<p><strong>La danza prima foi otru de los grandes momentos. Tami\u00e9n l&#8217;esplegue d&#8217;asturian\u00eda, d&#8217;elementos de gran tradici\u00f3n n&#8217;una localid\u00e1, Cadav\u00e9u, qu&#8217;esfruta d&#8217;una fiesta dende fai 93 a\u00f1os. En 1931 el Padre Galu mand\u00f3 llevanta equ\u00ed una ermita que se convirti\u00f3 en tou un s\u00edmbolu.<\/strong><\/p>\n<p>Un d\u00eda de fiesta esper\u00e1u mientres meses por vecinos y visitantes.<\/p>\n<p>&nbsp;<\/p>\n<p style=\"text-align: left\">A les cinco de la tarde, va ser la vez de les gaites cola Banda de Gaites Corvera, Banda de Gaites La Reina del Tru\u00e9bano y L&#8217;Enxambre, quien van actuar en compa\u00f1\u00eda de los grupos de baille. A les siete de la tarde celebrar\u00e1 la tradicional rifa de les alfilades.<\/p>\n<p>A les siete y media, va siguir la m\u00fasica col conciertu de Seis Riales.<\/p>\n<p>La \u00faltima cita de la xornada va tener llugar a partir de les diez y media, cola verbena ameniz\u00e1 polos grupos Madastur y Da Xibla.<\/p>\n<p><a href=\"https:\/\/quefemos.com\/media\/28579\/M.webp\"><img loading=\"lazy\" decoding=\"async\" class=\"aligncenter size-full\" src=\"https:\/\/quefemos.com\/media\/28579\/M.webp\" width=\"640\" height=\"905\" \/><\/a><\/p>\n","protected":false},"excerpt":{"rendered":"<p>WEB \/ Videu 1 \/ Videu 2 \/ RTPA Videu \/<\/p>\n","protected":false},"author":117,"featured_media":0,"comment_status":"open","ping_status":"open","sticky":false,"template":"","format":"standard","meta":{"footnotes":""},"categories":[21],"tags":[],"class_list":["post-29703","post","type-post","status-publish","format-standard","hentry","category-fiestes"],"_links":{"self":[{"href":"https:\/\/edublog.educastur.es\/ixuxu\/wp-json\/wp\/v2\/posts\/29703","targetHints":{"allow":["GET"]}}],"collection":[{"href":"https:\/\/edublog.educastur.es\/ixuxu\/wp-json\/wp\/v2\/posts"}],"about":[{"href":"https:\/\/edublog.educastur.es\/ixuxu\/wp-json\/wp\/v2\/types\/post"}],"author":[{"embeddable":true,"href":"https:\/\/edublog.educastur.es\/ixuxu\/wp-json\/wp\/v2\/users\/117"}],"replies":[{"embeddable":true,"href":"https:\/\/edublog.educastur.es\/ixuxu\/wp-json\/wp\/v2\/comments?post=29703"}],"version-history":[{"count":9,"href":"https:\/\/edublog.educastur.es\/ixuxu\/wp-json\/wp\/v2\/posts\/29703\/revisions"}],"predecessor-version":[{"id":30189,"href":"https:\/\/edublog.educastur.es\/ixuxu\/wp-json\/wp\/v2\/posts\/29703\/revisions\/30189"}],"wp:attachment":[{"href":"https:\/\/edublog.educastur.es\/ixuxu\/wp-json\/wp\/v2\/media?parent=29703"}],"wp:term":[{"taxonomy":"category","embeddable":true,"href":"https:\/\/edublog.educastur.es\/ixuxu\/wp-json\/wp\/v2\/categories?post=29703"},{"taxonomy":"post_tag","embeddable":true,"href":"https:\/\/edublog.educastur.es\/ixuxu\/wp-json\/wp\/v2\/tags?post=29703"}],"curies":[{"name":"wp","href":"https:\/\/api.w.org\/{rel}","templated":true}]}}