{"id":29728,"date":"2024-08-25T15:25:17","date_gmt":"2024-08-25T13:25:17","guid":{"rendered":"https:\/\/edublog.educastur.es\/ixuxu\/?p=29728"},"modified":"2024-08-25T16:18:55","modified_gmt":"2024-08-25T14:18:55","slug":"29728","status":"publish","type":"post","link":"https:\/\/edublog.educastur.es\/ixuxu\/2024\/08\/29728\/","title":{"rendered":"La \u00faltima selmama d&#8217;agostu llega tormentosa"},"content":{"rendered":"<ul>\n<li><a href=\"https:\/\/www.eltiempo.es\/oviedo.html\">El Tiempu n&#8217;Uvi\u00e9u<\/a>\u00a0 \/<\/li>\n<\/ul>\n<p>La \u00faltima selmama d&#8217;agostu llega tormentosa nun bon n\u00famberu de comunidaes. Van Ser especialmente intenses y m\u00e1s frecuentes a partir del mi\u00e9rcoles cola entrada d&#8217;una nueva vaguada d&#8217;aire fr\u00edo pol noroeste.<\/p>\n<p style=\"text-align: center\">\n<!-- iframe plugin v.6.0 wordpress.org\/plugins\/iframe\/ -->\n<iframe loading=\"lazy\" src=\"https:\/\/www.facebook.com\/plugins\/video.php?height=476&#038;href=https%3A%2F%2Fwww.facebook.com%2F100086564349337%2Fvideos%2F2080764622323769%2F&#038;show_text=false&#038;width=267&#038;t=0\" width=\"267\" height=\"476\" style=\"border:none;overflow:hidden\" scrolling=\"no\" frameborder=\"0\" allowfullscreen=\"true\" allow=\"autoplay; clipboard-write; encrypted-media; picture-in-picture; web-share\" 0=\"\/iframe\" class=\"iframe-class\"><\/iframe>\n<\/p>\n<p>Los modelos apunten a que&#8217;l mi\u00e9rcoles una nueva vaguada podr\u00eda llegar dende l&#8217;Atl\u00e1nticu. A partir d&#8217;ent\u00f3s, los bastios y nubes vespertines volver\u00eden ganar protagonismu, principalmente nel norte y nordeste peninsular.<\/p>\n<p><!--more--><\/p>\n<p style=\"text-align: center\"><a href=\"https:\/\/cdns3.eltiempo.es\/eltiempo\/blog\/noticias\/2024\/08\/25142716\/Screenshot-2024-08-25-at-2.25.57%E2%80%AFPM-1024x574.jpg\"><img loading=\"lazy\" decoding=\"async\" class=\"aligncenter \" src=\"https:\/\/cdns3.eltiempo.es\/eltiempo\/blog\/noticias\/2024\/08\/25142716\/Screenshot-2024-08-25-at-2.25.57%E2%80%AFPM-1024x574.jpg\" width=\"574\" height=\"322\" \/><\/a><\/p>\n<p>&nbsp;<\/p>\n<p>&nbsp;<\/p>\n<p style=\"text-align: center\"><a href=\"https:\/\/cdns3.eltiempo.es\/eltiempo\/blog\/noticias\/2024\/08\/25142727\/Screenshot-2024-08-25-at-2.26.15%E2%80%AFPM-1024x573.jpg\"><img loading=\"lazy\" decoding=\"async\" class=\"aligncenter size-full\" src=\"https:\/\/cdns3.eltiempo.es\/eltiempo\/blog\/noticias\/2024\/08\/25142727\/Screenshot-2024-08-25-at-2.26.15%E2%80%AFPM-1024x573.jpg\" width=\"1024\" height=\"573\" \/><\/a><\/p>\n","protected":false},"excerpt":{"rendered":"<p>El Tiempu n&#8217;Uvi\u00e9u\u00a0 \/ La \u00faltima selmama d&#8217;agostu llega tormentosa nun bon n\u00famberu de comunidaes. Van Ser especialmente intenses y m\u00e1s frecuentes a partir del mi\u00e9rcoles cola entrada d&#8217;una nueva vaguada d&#8217;aire fr\u00edo pol noroeste. Los modelos apunten a que&#8217;l mi\u00e9rcoles una nueva vaguada podr\u00eda llegar dende l&#8217;Atl\u00e1nticu. A partir d&#8217;ent\u00f3s, los bastios y nubes [&hellip;]<\/p>\n","protected":false},"author":117,"featured_media":0,"comment_status":"open","ping_status":"open","sticky":false,"template":"","format":"standard","meta":{"footnotes":""},"categories":[5],"tags":[],"class_list":["post-29728","post","type-post","status-publish","format-standard","hentry","category-tiempu"],"_links":{"self":[{"href":"https:\/\/edublog.educastur.es\/ixuxu\/wp-json\/wp\/v2\/posts\/29728","targetHints":{"allow":["GET"]}}],"collection":[{"href":"https:\/\/edublog.educastur.es\/ixuxu\/wp-json\/wp\/v2\/posts"}],"about":[{"href":"https:\/\/edublog.educastur.es\/ixuxu\/wp-json\/wp\/v2\/types\/post"}],"author":[{"embeddable":true,"href":"https:\/\/edublog.educastur.es\/ixuxu\/wp-json\/wp\/v2\/users\/117"}],"replies":[{"embeddable":true,"href":"https:\/\/edublog.educastur.es\/ixuxu\/wp-json\/wp\/v2\/comments?post=29728"}],"version-history":[{"count":5,"href":"https:\/\/edublog.educastur.es\/ixuxu\/wp-json\/wp\/v2\/posts\/29728\/revisions"}],"predecessor-version":[{"id":29762,"href":"https:\/\/edublog.educastur.es\/ixuxu\/wp-json\/wp\/v2\/posts\/29728\/revisions\/29762"}],"wp:attachment":[{"href":"https:\/\/edublog.educastur.es\/ixuxu\/wp-json\/wp\/v2\/media?parent=29728"}],"wp:term":[{"taxonomy":"category","embeddable":true,"href":"https:\/\/edublog.educastur.es\/ixuxu\/wp-json\/wp\/v2\/categories?post=29728"},{"taxonomy":"post_tag","embeddable":true,"href":"https:\/\/edublog.educastur.es\/ixuxu\/wp-json\/wp\/v2\/tags?post=29728"}],"curies":[{"name":"wp","href":"https:\/\/api.w.org\/{rel}","templated":true}]}}