{"id":29741,"date":"2024-08-25T15:42:39","date_gmt":"2024-08-25T13:42:39","guid":{"rendered":"https:\/\/edublog.educastur.es\/ixuxu\/?p=29741"},"modified":"2024-08-25T16:16:58","modified_gmt":"2024-08-25T14:16:58","slug":"29741","status":"publish","type":"post","link":"https:\/\/edublog.educastur.es\/ixuxu\/2024\/08\/29741\/","title":{"rendered":"Po\u00e9tica d&#8217;Un Carbayu: \u00abBardial\u00bb"},"content":{"rendered":"<ul>\n<li><span class=\"html-span xdj266r x11i5rnm xat24cr x1mh8g0r xexx8yu x4uap5 x18d9i69 xkhd6sd x1hl2dhg x16tdsg8 x1vvkbs\"><a class=\"x1i10hfl xjbqb8w x1ejq31n xd10rxx x1sy0etr x17r0tee x972fbf xcfux6l x1qhh985 xm0m39n x9f619 x1ypdohk xt0psk2 xe8uvvx xdj266r x11i5rnm xat24cr x1mh8g0r xexx8yu x4uap5 x18d9i69 xkhd6sd x16tdsg8 x1hl2dhg xggy1nq x1a2a7pz x1sur9pj xkrqix3 x1fey0fg xo1l8bm\" role=\"link\" href=\"https:\/\/www.facebook.com\/profile.php?id=100008948506168&amp;__cft__[0]=AZUPxx-ImMv_JpYuoYQjxSapOkIuTYtHNzIQ3FVhubL6LxRwCPoQ4TB5x6DahgRAZRz6wTGFZNqt3dCMxf9J2POqz4f5bxi66ZhPj3ZeViCmZAD57fJoIoPfVSNvRB7ISCXdsAk1gWXTLcaBGPAuguXCzK1xTlruC-jn2x8vqo2kBxwarN7dO-w91gULbgDF5IC99sXnDCxKmV0DB6tQJn49dIGN92tZPcgdlFShihOAzQ&amp;__tn__=-]K-R\"><span class=\"xt0psk2\">\u00c1ngeles Carbajal<\/span><\/a><\/span><\/li>\n<li><a href=\"https:\/\/www.facebook.com\/poeticaduncarbayu\/videos\/2951563381774710\">Videu<\/a> \/<a class=\"x1i10hfl xjbqb8w x1ejq31n xd10rxx x1sy0etr x17r0tee x972fbf xcfux6l x1qhh985 xm0m39n x9f619 x1ypdohk xt0psk2 xe8uvvx xdj266r x11i5rnm xat24cr x1mh8g0r xexx8yu x4uap5 x18d9i69 xkhd6sd x16tdsg8 x1hl2dhg xggy1nq x1a2a7pz x1sur9pj xkrqix3 xzsf02u x1s688f\" role=\"link\" href=\"https:\/\/www.facebook.com\/poeticaduncarbayu?__cft__[0]=AZUPxx-ImMv_JpYuoYQjxSapOkIuTYtHNzIQ3FVhubL6LxRwCPoQ4TB5x6DahgRAZRz6wTGFZNqt3dCMxf9J2POqz4f5bxi66ZhPj3ZeViCmZAD57fJoIoPfVSNvRB7ISCXdsAk1gWXTLcaBGPAuguXCzK1xTlruC-jn2x8vqo2kBxwarN7dO-w91gULbgDF5IC99sXnDCxKmV0DB6tQJn49dIGN92tZPcgdlFShihOAzQ&amp;__tn__=-UC-R\"><strong class=\"html-strong xdj266r x11i5rnm xat24cr x1mh8g0r xexx8yu x4uap5 x18d9i69 xkhd6sd x1hl2dhg x16tdsg8 x1vvkbs x1s688f\"><span class=\"html-span xdj266r x11i5rnm xat24cr x1mh8g0r xexx8yu x4uap5 x18d9i69 xkhd6sd x1hl2dhg x16tdsg8 x1vvkbs\">Po\u00e9tica d&#8217;Un Carbayu<\/span><\/strong><\/a>\n<div class=\"x78zum5 x1q0g3np\">\n<div class=\"x1iyjqo2 x1emribx xr9ek0c\">\n<div class=\"x78zum5 xdt5ytf xz62fqu x16ldp7u\"><\/div>\n<\/div>\n<\/div>\n<\/li>\n<\/ul>\n<p style=\"text-align: center\">\n<!-- iframe plugin v.6.0 wordpress.org\/plugins\/iframe\/ -->\n<iframe loading=\"lazy\" src=\"https:\/\/www.facebook.com\/plugins\/video.php?height=314&#038;href=https%3A%2F%2Fwww.facebook.com%2Fpoeticaduncarbayu%2Fvideos%2F2951563381774710%2F&#038;show_text=false&#038;width=560&#038;t=0\" width=\"560\" height=\"314\" style=\"border:none;overflow:hidden\" scrolling=\"no\" frameborder=\"0\" allowfullscreen=\"true\" allow=\"autoplay; clipboard-write; encrypted-media; picture-in-picture; web-share\" 0=\"\/iframe\" class=\"iframe-class\"><\/iframe>\n<\/p>\n<div dir=\"auto\"><span class=\"html-span xexx8yu x4uap5 x18d9i69 xkhd6sd x1hl2dhg x16tdsg8 x1vvkbs x3nfvp2 x1j61x8r x1fcty0u xdj266r xat24cr xgzva0m xhhsvwb xxymvpz xlup9mm x1kky2od\"><img loading=\"lazy\" decoding=\"async\" class=\"xz74otr\" src=\"https:\/\/static.xx.fbcdn.net\/images\/emoji.php\/v9\/t1e\/1\/16\/1f33f.png\" alt=\"?\" width=\"16\" height=\"16\" \/><\/span>Esta ye \u00c1ngeles Carbajal, poeta de Arg\u00fcelles con m\u00faltiples publicaciones premiaes. Nesti v\u00eddeu \u00c1nxeles f\u00e1lanos de lo que ye para ella la poes\u00eda y del so poema<strong> Bardial<\/strong>, musicado per Tierra en Po\u00e9tica d\u2019Un Carbayu:<\/div>\n<div dir=\"auto\"><\/div>\n<blockquote>\n<div dir=\"auto\"><span style=\"color: #008080\"><em><strong>\u201cLa poes\u00eda<\/strong> ye pa m\u00ed muches coses, pero quiciabes les principales seyan estes:<strong> ye una b\u00fasqueda de conocimiento y de expresi\u00f3n de la propia experiencia vital, una forma de caltener la autoconciencia del yo, la propia consistencia del ser.<\/strong> Asina que confesar\u00e9 que non escribo pa que me quieran, que escribo porque me quiero.\u201d<\/em><\/span><\/div>\n<\/blockquote>\n","protected":false},"excerpt":{"rendered":"<p>\u00c1ngeles Carbajal Videu \/Po\u00e9tica d&#8217;Un Carbayu Esta ye \u00c1ngeles Carbajal, poeta de Arg\u00fcelles con m\u00faltiples publicaciones premiaes. Nesti v\u00eddeu \u00c1nxeles f\u00e1lanos de lo que ye para ella la poes\u00eda y del so poema Bardial, musicado per Tierra en Po\u00e9tica d\u2019Un Carbayu: \u201cLa poes\u00eda ye pa m\u00ed muches coses, pero quiciabes les principales seyan estes: ye [&hellip;]<\/p>\n","protected":false},"author":117,"featured_media":0,"comment_status":"open","ping_status":"open","sticky":false,"template":"","format":"standard","meta":{"footnotes":""},"categories":[39],"tags":[],"class_list":["post-29741","post","type-post","status-publish","format-standard","hentry","category-poesia"],"_links":{"self":[{"href":"https:\/\/edublog.educastur.es\/ixuxu\/wp-json\/wp\/v2\/posts\/29741","targetHints":{"allow":["GET"]}}],"collection":[{"href":"https:\/\/edublog.educastur.es\/ixuxu\/wp-json\/wp\/v2\/posts"}],"about":[{"href":"https:\/\/edublog.educastur.es\/ixuxu\/wp-json\/wp\/v2\/types\/post"}],"author":[{"embeddable":true,"href":"https:\/\/edublog.educastur.es\/ixuxu\/wp-json\/wp\/v2\/users\/117"}],"replies":[{"embeddable":true,"href":"https:\/\/edublog.educastur.es\/ixuxu\/wp-json\/wp\/v2\/comments?post=29741"}],"version-history":[{"count":8,"href":"https:\/\/edublog.educastur.es\/ixuxu\/wp-json\/wp\/v2\/posts\/29741\/revisions"}],"predecessor-version":[{"id":29760,"href":"https:\/\/edublog.educastur.es\/ixuxu\/wp-json\/wp\/v2\/posts\/29741\/revisions\/29760"}],"wp:attachment":[{"href":"https:\/\/edublog.educastur.es\/ixuxu\/wp-json\/wp\/v2\/media?parent=29741"}],"wp:term":[{"taxonomy":"category","embeddable":true,"href":"https:\/\/edublog.educastur.es\/ixuxu\/wp-json\/wp\/v2\/categories?post=29741"},{"taxonomy":"post_tag","embeddable":true,"href":"https:\/\/edublog.educastur.es\/ixuxu\/wp-json\/wp\/v2\/tags?post=29741"}],"curies":[{"name":"wp","href":"https:\/\/api.w.org\/{rel}","templated":true}]}}