{"id":29782,"date":"2024-08-25T16:56:47","date_gmt":"2024-08-25T14:56:47","guid":{"rendered":"https:\/\/edublog.educastur.es\/ixuxu\/?p=29782"},"modified":"2024-08-25T16:59:50","modified_gmt":"2024-08-25T14:59:50","slug":"el-cambeu-climaticu-afecta-a-la-produccion-de-frutos-monteses","status":"publish","type":"post","link":"https:\/\/edublog.educastur.es\/ixuxu\/2024\/08\/el-cambeu-climaticu-afecta-a-la-produccion-de-frutos-monteses\/","title":{"rendered":"El camb\u00e9u clim\u00e1ticu afecta a la producci\u00f3n de frutos monteses"},"content":{"rendered":"<div class=\"x1cy8zhl x2bj2ny x78zum5 x1q0g3np\">\n<div class=\"x1iyjqo2\">\n<div class=\"x78zum5 xdt5ytf xz62fqu x16ldp7u\">\n<div class=\"xu06os2 x1ok221b\">\n<div class=\"x1gslohp\">\n<ul>\n<li class=\"html-h2 x11i5rnm xat24cr x1mh8g0r xexx8yu x4uap5 x18d9i69 xkhd6sd x1vvkbs x1heor9g x1qlqyl8 x1pd3egz x1a2a7pz x1gslohp\"><span class=\"x193iq5w xeuugli x13faqbe x1vvkbs x1xmvt09 x1f6kntn xvq8zen xo1l8bm xi81zsa\"><span class=\"xt0psk2\"><a class=\"x1i10hfl xjbqb8w x1ejq31n xd10rxx x1sy0etr x17r0tee x972fbf xcfux6l x1qhh985 xm0m39n x9f619 x1ypdohk xt0psk2 xe8uvvx xdj266r x11i5rnm xat24cr x1mh8g0r xexx8yu x4uap5 x18d9i69 xkhd6sd x16tdsg8 x1hl2dhg xggy1nq x1a2a7pz x1sur9pj xkrqix3 xzsf02u x1s688f\" role=\"link\" href=\"https:\/\/www.facebook.com\/fundacionbiodiversidad?__cft__[0]=AZXmRCCkr2Rgl7bdSxlN-l1Cpn6fEURJjquLatT3snOmdETq1gy1h_gjpjl92nvVBUxk0m07e12RGO8pyOoY5wxHlnr2P7rzpGt0AYudKWdztE9ls9e4dMsAtn_Ne5EOHOXnOIzfGgyGL0oa4qYKieroel2raxQQfH78YfO41WYtyyFX4OL4DSqwt1aCvQJ1vVCERHbO9Kc548FC7tmmfdyeZA_RlCITmEfaeY5RecJxGw&amp;__tn__=-UC*F\">Fundaci\u00f3n Biodiversidad<\/a><\/span><\/span>\/\u00a0 <span class=\"html-span xdj266r x11i5rnm xat24cr x1mh8g0r xexx8yu x4uap5 x18d9i69 xkhd6sd x1hl2dhg x16tdsg8 x1vvkbs\"><a class=\"x1i10hfl xjbqb8w x1ejq31n xd10rxx x1sy0etr x17r0tee x972fbf xcfux6l x1qhh985 xm0m39n x9f619 x1ypdohk xt0psk2 xe8uvvx xdj266r x11i5rnm xat24cr x1mh8g0r xexx8yu x4uap5 x18d9i69 xkhd6sd x16tdsg8 x1hl2dhg xggy1nq x1a2a7pz x1sur9pj xkrqix3 xzsf02u x1s688f\" role=\"link\" href=\"https:\/\/www.facebook.com\/fundacionosopardo?__cft__[0]=AZXmRCCkr2Rgl7bdSxlN-l1Cpn6fEURJjquLatT3snOmdETq1gy1h_gjpjl92nvVBUxk0m07e12RGO8pyOoY5wxHlnr2P7rzpGt0AYudKWdztE9ls9e4dMsAtn_Ne5EOHOXnOIzfGgyGL0oa4qYKieroel2raxQQfH78YfO41WYtyyFX4OL4DSqwt1aCvQJ1vVCERHbO9Kc548FC7tmmfdyeZA_RlCITmEfaeY5RecJxGw&amp;__tn__=-]K*F\"><span class=\"xt0psk2\">Fundaci\u00f3n Oso Pardo<\/span><\/a><\/span><\/li>\n<\/ul>\n<p style=\"text-align: center\"><a href=\"https:\/\/fundacion-biodiversidad.es\/wp-content\/uploads\/2021\/08\/ososfuturo_logo_rgb_0-1.jpg\"><img loading=\"lazy\" decoding=\"async\" class=\"aligncenter size-full\" src=\"https:\/\/fundacion-biodiversidad.es\/wp-content\/uploads\/2021\/08\/ososfuturo_logo_rgb_0-1.jpg\" width=\"318\" height=\"146\" \/><\/a><\/p>\n<\/div>\n<\/div>\n<\/div>\n<\/div>\n<\/div>\n<div>\n<p>El camb\u00e9u clim\u00e1ticu afecta a la producci\u00f3n de frutos monteses. \u00a0Pero hai esceiciones como les casta\u00f1ales del cordal Cant\u00e1bricu. Nel <a href=\"https:\/\/fundacion-biodiversidad.es\/life\/life-osos-con-futuro\/\"><strong><span style=\"color: #008080\">LIFE Osos con Futuru<\/span><\/strong><\/a>, que coordina Fundaci\u00f3n Oso Pardo, trabayamos para favorecer los plant\u00edos d&#8217;esti alimentu clave para l&#8217;osu pardu. <a href=\"https:\/\/scontent-bcn1-1.xx.fbcdn.net\/v\/t39.30808-6\/300792037_10159458760303705_6105270582749400250_n.jpg?_nc_cat=105&amp;ccb=1-7&amp;_nc_sid=127cfc&amp;_nc_ohc=Sq5SXM4PovoQ7kNvgExaYtK&amp;_nc_ht=scontent-bcn1-1.xx&amp;_nc_gid=AjPk_y1RsqvXhd57Pjah5S2&amp;oh=00_AYCWbnjkvDxCGWE-iE3hofM33W-R0KRFoL95xoO4HHbO2Q&amp;oe=66D13104\"><strong>Cartelu\u00a0<\/strong><\/a><\/p>\n<\/div>\n<p style=\"text-align: center\">\n<!-- iframe plugin v.6.0 wordpress.org\/plugins\/iframe\/ -->\n<iframe loading=\"lazy\" src=\"https:\/\/www.facebook.com\/plugins\/post.php?href=https%3A%2F%2Fwww.facebook.com%2Ffundacionbiodiversidad%2Fposts%2Fpfbid0LY2rg9RM7dmosq8jYv4dNgbvVYyMozx493APiS46xMMMTUXa93PMzoUyHAk3rqyCl&#038;show_text=false&#038;width=500\" width=\"500\" height=\"409\" style=\"border:none;overflow:hidden\" scrolling=\"no\" frameborder=\"0\" allowfullscreen=\"true\" allow=\"autoplay; clipboard-write; encrypted-media; picture-in-picture; web-share\" 0=\"\/iframe\" class=\"iframe-class\"><\/iframe>\n<\/p>\n<h4>Fecha de finalizaci\u00f3n:\u00a02025<br \/>\nWeb del proyectu: <a href=\"https:\/\/fundacionosopardo.org\/proyectos\/proyecto-life-osos-con-futuro\/\" target=\"_blank\" rel=\"noopener\">https:\/\/fundacionosopardo.org\/proyectos\/proyecto-life-osos-con-futuro\/<\/a><\/h4>\n<p style=\"text-align: center\"><a href=\"https:\/\/fundacion-biodiversidad.es\/wp-content\/uploads\/2021\/08\/osos_cantabricos_3._foto_fop-scaled.jpg\"><img loading=\"lazy\" decoding=\"async\" class=\"aligncenter size-full\" src=\"https:\/\/fundacion-biodiversidad.es\/wp-content\/uploads\/2021\/08\/osos_cantabricos_3._foto_fop-scaled.jpg\" width=\"2560\" height=\"1706\" \/><\/a><\/p>\n","protected":false},"excerpt":{"rendered":"<p>Fundaci\u00f3n Biodiversidad\/\u00a0 Fundaci\u00f3n Oso Pardo El camb\u00e9u clim\u00e1ticu afecta a la producci\u00f3n de frutos monteses. \u00a0Pero hai esceiciones como les casta\u00f1ales del cordal Cant\u00e1bricu. Nel LIFE Osos con Futuru, que coordina Fundaci\u00f3n Oso Pardo, trabayamos para favorecer los plant\u00edos d&#8217;esti alimentu clave para l&#8217;osu pardu. Cartelu\u00a0 Fecha de finalizaci\u00f3n:\u00a02025 Web del proyectu: https:\/\/fundacionosopardo.org\/proyectos\/proyecto-life-osos-con-futuro\/<\/p>\n","protected":false},"author":117,"featured_media":0,"comment_status":"open","ping_status":"open","sticky":false,"template":"","format":"standard","meta":{"footnotes":""},"categories":[1],"tags":[],"class_list":["post-29782","post","type-post","status-publish","format-standard","hentry","category-sin-categoria"],"_links":{"self":[{"href":"https:\/\/edublog.educastur.es\/ixuxu\/wp-json\/wp\/v2\/posts\/29782","targetHints":{"allow":["GET"]}}],"collection":[{"href":"https:\/\/edublog.educastur.es\/ixuxu\/wp-json\/wp\/v2\/posts"}],"about":[{"href":"https:\/\/edublog.educastur.es\/ixuxu\/wp-json\/wp\/v2\/types\/post"}],"author":[{"embeddable":true,"href":"https:\/\/edublog.educastur.es\/ixuxu\/wp-json\/wp\/v2\/users\/117"}],"replies":[{"embeddable":true,"href":"https:\/\/edublog.educastur.es\/ixuxu\/wp-json\/wp\/v2\/comments?post=29782"}],"version-history":[{"count":6,"href":"https:\/\/edublog.educastur.es\/ixuxu\/wp-json\/wp\/v2\/posts\/29782\/revisions"}],"predecessor-version":[{"id":29788,"href":"https:\/\/edublog.educastur.es\/ixuxu\/wp-json\/wp\/v2\/posts\/29782\/revisions\/29788"}],"wp:attachment":[{"href":"https:\/\/edublog.educastur.es\/ixuxu\/wp-json\/wp\/v2\/media?parent=29782"}],"wp:term":[{"taxonomy":"category","embeddable":true,"href":"https:\/\/edublog.educastur.es\/ixuxu\/wp-json\/wp\/v2\/categories?post=29782"},{"taxonomy":"post_tag","embeddable":true,"href":"https:\/\/edublog.educastur.es\/ixuxu\/wp-json\/wp\/v2\/tags?post=29782"}],"curies":[{"name":"wp","href":"https:\/\/api.w.org\/{rel}","templated":true}]}}