{"id":29837,"date":"2024-08-29T13:30:10","date_gmt":"2024-08-29T11:30:10","guid":{"rendered":"https:\/\/edublog.educastur.es\/ixuxu\/?p=29837"},"modified":"2024-08-29T13:34:57","modified_gmt":"2024-08-29T11:34:57","slug":"29837","status":"publish","type":"post","link":"https:\/\/edublog.educastur.es\/ixuxu\/2024\/08\/29837\/","title":{"rendered":"Asturies volver\u00e1 ser protagonista na pr\u00f3xima edici\u00f3n de La Vuelta Ciclista a Espa\u00f1a"},"content":{"rendered":"<ul>\n<li>Fonte: <a href=\"https:\/\/lenadestinociclista.es\/todos-los-detalles-de-la-etapa-con-final-en-el-cuitu-negru\/?fbclid=IwY2xjawE9OtdleHRuA2FlbQIxMQABHQxsRC0-JqzZcdCAzbne5QskxWFM5KSVs_8bYaTT_N-WU8srYnfAINE3Iw_aem_-A3_j4KgKBJe9E7l2C8HnA\">Lena Ciclista<\/a> \/<\/li>\n<\/ul>\n<p style=\"text-align: center\"><a href=\"https:\/\/img.aso.fr\/core_app\/img-cycling-vue-jpg\/alt-15-ve24\/20678\/0:0,1452:1074-960-0-90\/a02d8\"><img loading=\"lazy\" decoding=\"async\" class=\"aligncenter size-full\" src=\"https:\/\/img.aso.fr\/core_app\/img-cycling-vue-jpg\/alt-15-ve24\/20678\/0:0,1452:1074-960-0-90\/a02d8\" width=\"960\" height=\"710\" \/><\/a><\/p>\n<p style=\"text-align: left\">La salida d&#8217;esta etapa va ser in\u00e9dita y va tar asitiada n&#8217;Infiestu . Asturies volver\u00e1 ser protagonista na pr\u00f3xima edici\u00f3n de<strong> La Vuelta Ciclista a Espa\u00f1a<\/strong> con dos llegaes n&#8217;alto a Cuitu Negru (L.lena) y los llagos de Cuadonga (Cangues d&#8217;On\u00eds) los d\u00edes 1 y 3 de setiembre, y el pasu per Dega\u00f1a y Cangas el 31 d&#8217;agostu.<\/p>\n<p><!--more--><br \/>\nPerfil, horarios y mapa del percorr\u00edu de la 15\u00aa etapa de La Vuelta 24<\/p>\n<p>La primer xornada que se va apostar \u00edntegramente nes carreteres asturianes va ser el domingu d\u00eda 1 de setiembre, con salida n&#8217;Infiestu y meta nel Cuitu Negru en percorriendo 142 kilometros. Una etapa curtia, pero con dos pasos pol altu de La Colladiella de primera categor\u00eda, antes d&#8217;enfrentase al puertu final, el Cuitu Negru. El visu asiti\u00e1u nel puntu m\u00e1s altu de la estaci\u00f3n iverniza de Valgrande-Payares foi afayada por La Vuelta en 2012. Ye espectacular, ye lo nunca visto. Ye rampla pura. Muriu. Ye&#8217;l gran descubrimientu. Emoci\u00f3n pura. Enforma dio que falar l&#8217;ent\u00f3s in\u00e9ditu puertu l.lenizu.<\/p>\n<p style=\"text-align: center\"><a href=\"https:\/\/i0.wp.com\/ciclismoenasturias.com\/wp-content\/uploads\/2024\/08\/mapa-cuitu_24-scaled.jpg?w=1200&amp;ssl=1\"><img loading=\"lazy\" decoding=\"async\" class=\"aligncenter size-full\" src=\"https:\/\/i0.wp.com\/ciclismoenasturias.com\/wp-content\/uploads\/2024\/08\/mapa-cuitu_24-scaled.jpg?w=1200&amp;ssl=1\" width=\"1200\" height=\"1615\" \/><\/a><\/p>\n<p>L&#8217;ascensi\u00f3n a Valgrande-Payares allargase hasta los 19,4 kil\u00f3metros de llargor p&#8217;afayar les esperad\u00edsimes ramples del Cuitu Negru. Fueron tr\u00e9s kil\u00f3metros los que s&#8217;a\u00f1aden n&#8217;asfaltando la pista de la estaci\u00f3n d&#8217;esqu\u00ed onde hai enclinos del 16, el 20 y hasta el 22%.<\/p>\n<p>Dario Cataldo punxo&#8217;l so nome pa la eternid\u00e1 como&#8217;l primer vencedor de la hestoria del Cuitu Negru. El ciclista italianu alzose con una ag\u00f3nica, hist\u00f3rica y terrible victoria que va pasar a la posterid\u00e1 non solo pa \u00e9l sin\u00f3n tami\u00e9n pa los a\u00f1ales del ciclismu modernu.<\/p>\n<p>&nbsp;<\/p>\n","protected":false},"excerpt":{"rendered":"<p>Fonte: Lena Ciclista \/ La salida d&#8217;esta etapa va ser in\u00e9dita y va tar asitiada n&#8217;Infiestu . Asturies volver\u00e1 ser protagonista na pr\u00f3xima edici\u00f3n de La Vuelta Ciclista a Espa\u00f1a con dos llegaes n&#8217;alto a Cuitu Negru (L.lena) y los llagos de Cuadonga (Cangues d&#8217;On\u00eds) los d\u00edes 1 y 3 de setiembre, y el pasu [&hellip;]<\/p>\n","protected":false},"author":117,"featured_media":0,"comment_status":"open","ping_status":"open","sticky":false,"template":"","format":"standard","meta":{"footnotes":""},"categories":[133],"tags":[],"class_list":["post-29837","post","type-post","status-publish","format-standard","hentry","category-deportes"],"_links":{"self":[{"href":"https:\/\/edublog.educastur.es\/ixuxu\/wp-json\/wp\/v2\/posts\/29837","targetHints":{"allow":["GET"]}}],"collection":[{"href":"https:\/\/edublog.educastur.es\/ixuxu\/wp-json\/wp\/v2\/posts"}],"about":[{"href":"https:\/\/edublog.educastur.es\/ixuxu\/wp-json\/wp\/v2\/types\/post"}],"author":[{"embeddable":true,"href":"https:\/\/edublog.educastur.es\/ixuxu\/wp-json\/wp\/v2\/users\/117"}],"replies":[{"embeddable":true,"href":"https:\/\/edublog.educastur.es\/ixuxu\/wp-json\/wp\/v2\/comments?post=29837"}],"version-history":[{"count":6,"href":"https:\/\/edublog.educastur.es\/ixuxu\/wp-json\/wp\/v2\/posts\/29837\/revisions"}],"predecessor-version":[{"id":29843,"href":"https:\/\/edublog.educastur.es\/ixuxu\/wp-json\/wp\/v2\/posts\/29837\/revisions\/29843"}],"wp:attachment":[{"href":"https:\/\/edublog.educastur.es\/ixuxu\/wp-json\/wp\/v2\/media?parent=29837"}],"wp:term":[{"taxonomy":"category","embeddable":true,"href":"https:\/\/edublog.educastur.es\/ixuxu\/wp-json\/wp\/v2\/categories?post=29837"},{"taxonomy":"post_tag","embeddable":true,"href":"https:\/\/edublog.educastur.es\/ixuxu\/wp-json\/wp\/v2\/tags?post=29837"}],"curies":[{"name":"wp","href":"https:\/\/api.w.org\/{rel}","templated":true}]}}