{"id":29897,"date":"2024-08-30T20:12:28","date_gmt":"2024-08-30T18:12:28","guid":{"rendered":"https:\/\/edublog.educastur.es\/ixuxu\/?p=29897"},"modified":"2024-08-30T22:49:43","modified_gmt":"2024-08-30T20:49:43","slug":"29897","status":"publish","type":"post","link":"https:\/\/edublog.educastur.es\/ixuxu\/2024\/08\/29897\/","title":{"rendered":"Inauguraci\u00f3n de \u00abLes Escuelines \/ As Escol\u00edas\u00bb"},"content":{"rendered":"<ul>\n<li><a href=\"https:\/\/actualidad.asturias.es\/-\/el-gobierno-de-asturias-abrir%C3%A1-el-pr%C3%B3ximo-jueves-las-cinco-primeras-escuelinas-escol%C3%ADas-de-la-red-p%C3%BAblica-auton%C3%B3mica-de-0-a-3?redirect=%2Fnoticias%3Fp_p_id%3Dcom_liferay_asset_publisher_web_portlet_AssetPublisherPortlet_INSTANCE_Pk4uPC5yniIC%26p_p_lifecycle%3D0%26p_p_state%3Dnormal%26p_p_mode%3Dview%26_com_liferay_asset_publisher_web_portlet_AssetPublisherPortlet_INSTANCE_Pk4uPC5yniIC_delta%3D10%26p_r_p_resetCur%3Dfalse%26_com_liferay_asset_publisher_web_portlet_AssetPublisherPortlet_INSTANCE_Pk4uPC5yniIC_cur%3D2\">Fonte: ActualiadAsturias<\/a> \/<\/li>\n<\/ul>\n<p style=\"text-align: center\"><a href=\"https:\/\/estaticos-cdn.prensaiberica.es\/clip\/acfc433f-6b19-4522-8d00-5169e95a11ba_21-9-aspect-ratio_default_0.jpg\"><img loading=\"lazy\" decoding=\"async\" class=\"aligncenter size-full\" src=\"https:\/\/estaticos-cdn.prensaiberica.es\/clip\/acfc433f-6b19-4522-8d00-5169e95a11ba_21-9-aspect-ratio_default_0.jpg\" width=\"1280\" height=\"548\" \/><\/a><\/p>\n<p>El Gobiernu d&#8217;Asturies va abrir el pr\u00f3ximu xueves los cinco primeres escuelines de la rede p\u00fablica auton\u00f3mica de 0 a 3 a\u00f1os. El presupuestu auton\u00f3micu destina esti exerciciu<strong> 31,15 millones para poner en marcha esti proyectu educativu, pioneru n&#8217;Espa\u00f1a.<\/strong><\/p>\n<ul>\n<li><span style=\"color: #008080\"><em><strong>Los Indianinos, de Colombres (Ribedeva)<\/strong><\/em><\/span><\/li>\n<li><span style=\"color: #008080\"><em><strong> La Bra\u00f1ona, de Panes (Pe\u00f1amellera Baxa)<\/strong><\/em><\/span><\/li>\n<li><span style=\"color: #008080\"><em><strong> Los Esguinos, de Trev\u00edas (Vald\u00e9s)<\/strong><\/em><\/span><\/li>\n<li><span style=\"color: #008080\"><em><strong>As Paxar\u00edas, de Bual <\/strong><\/em><\/span><\/li>\n<li><strong><span style=\"color: #008080\"><em>Los Pequen\u00edos, de Villay\u00f3n.<\/em><\/span><br \/>\n<\/strong><\/li>\n<\/ul>\n<p><!--more--><\/p>\n<p>El restu de centros de la primer fase va inaugurase mientres el cursu a midida que v\u00e1iganse rematando les obres.\u00a0 Angua\u00f1o acad\u00e9micu enll\u00e1ntase la matr\u00edcula gratuita para tol alumn\u00e1u de les escueles infantiles.<\/p>\n<p>En cuanto al restu d&#8217;escuelinas\/escol\u00edas que componen la primer fase de la rede, van inaugurase mientres el cursu escolar 2024-2025, a midida que vaigan rematando les obres de construcci\u00f3n. Ello ye que la intenci\u00f3n de la conseyer\u00eda ye que mientres el mes d&#8217;ochobre puedan inaugurase otros tr\u00e9s: La Veiga, de Sotu (Sotu&#8217;l Barcu); La Cuevona d\u00b4Av\u00edn, de Benia (On\u00eds), y Vos Ferreir\u00edos, de Santalla (Santalla d&#8217;Ozcos).<\/p>\n<p style=\"text-align: center\"><a href=\"https:\/\/s1.ppllstatics.com\/elcomercio\/www\/multimedia\/2024\/07\/19\/escuelines-viesques-aulas-kJoG--1920x1080@El%20Comercio.jpg\"><img loading=\"lazy\" decoding=\"async\" class=\"aligncenter size-full\" src=\"https:\/\/s1.ppllstatics.com\/elcomercio\/www\/multimedia\/2024\/07\/19\/escuelines-viesques-aulas-kJoG--1920x1080@El%20Comercio.jpg\" width=\"1920\" height=\"1080\" \/><\/a><\/p>\n<p>&nbsp;<\/p>\n<p>&nbsp;<\/p>\n","protected":false},"excerpt":{"rendered":"<p>Fonte: ActualiadAsturias \/ El Gobiernu d&#8217;Asturies va abrir el pr\u00f3ximu xueves los cinco primeres escuelines de la rede p\u00fablica auton\u00f3mica de 0 a 3 a\u00f1os. El presupuestu auton\u00f3micu destina esti exerciciu 31,15 millones para poner en marcha esti proyectu educativu, pioneru n&#8217;Espa\u00f1a. Los Indianinos, de Colombres (Ribedeva) La Bra\u00f1ona, de Panes (Pe\u00f1amellera Baxa) Los Esguinos, [&hellip;]<\/p>\n","protected":false},"author":117,"featured_media":0,"comment_status":"open","ping_status":"open","sticky":false,"template":"","format":"standard","meta":{"footnotes":""},"categories":[341],"tags":[],"class_list":["post-29897","post","type-post","status-publish","format-standard","hentry","category-escuelines"],"_links":{"self":[{"href":"https:\/\/edublog.educastur.es\/ixuxu\/wp-json\/wp\/v2\/posts\/29897","targetHints":{"allow":["GET"]}}],"collection":[{"href":"https:\/\/edublog.educastur.es\/ixuxu\/wp-json\/wp\/v2\/posts"}],"about":[{"href":"https:\/\/edublog.educastur.es\/ixuxu\/wp-json\/wp\/v2\/types\/post"}],"author":[{"embeddable":true,"href":"https:\/\/edublog.educastur.es\/ixuxu\/wp-json\/wp\/v2\/users\/117"}],"replies":[{"embeddable":true,"href":"https:\/\/edublog.educastur.es\/ixuxu\/wp-json\/wp\/v2\/comments?post=29897"}],"version-history":[{"count":6,"href":"https:\/\/edublog.educastur.es\/ixuxu\/wp-json\/wp\/v2\/posts\/29897\/revisions"}],"predecessor-version":[{"id":30012,"href":"https:\/\/edublog.educastur.es\/ixuxu\/wp-json\/wp\/v2\/posts\/29897\/revisions\/30012"}],"wp:attachment":[{"href":"https:\/\/edublog.educastur.es\/ixuxu\/wp-json\/wp\/v2\/media?parent=29897"}],"wp:term":[{"taxonomy":"category","embeddable":true,"href":"https:\/\/edublog.educastur.es\/ixuxu\/wp-json\/wp\/v2\/categories?post=29897"},{"taxonomy":"post_tag","embeddable":true,"href":"https:\/\/edublog.educastur.es\/ixuxu\/wp-json\/wp\/v2\/tags?post=29897"}],"curies":[{"name":"wp","href":"https:\/\/api.w.org\/{rel}","templated":true}]}}