{"id":30060,"date":"2024-08-31T14:32:14","date_gmt":"2024-08-31T12:32:14","guid":{"rendered":"https:\/\/edublog.educastur.es\/ixuxu\/?p=30060"},"modified":"2024-08-31T14:36:01","modified_gmt":"2024-08-31T12:36:01","slug":"30060","status":"publish","type":"post","link":"https:\/\/edublog.educastur.es\/ixuxu\/2024\/08\/30060\/","title":{"rendered":"El grupu folk Llan de Cubel"},"content":{"rendered":"<ul>\n<li>Fonte: <a href=\"https:\/\/musicasturiana.com\/musicasturiana-com-crea-la-playlist-esto-ye-llan-de-cubel\/?fbclid=IwY2xjawE_7KNleHRuA2FlbQIxMQABHQQxDBwvnURl3EUTd8hv-hMGW-TzOHBrBusbNuF2KPZRMyjjJ6ql5JRB1Q_aem_3ZLkj12eZo8_uBbVt0rUag\">MusicAsturiana.com<\/a> \/<a href=\"https:\/\/l.facebook.com\/l.php?u=https%3A%2F%2Fmusicasturiana.com%2Fmusicasturiana-com-crea-la-playlist-esto-ye-llan-de-cubel%2F%3Ffbclid%3DIwZXh0bgNhZW0CMTEAAR0EMQwcL51EZdxFE3fIb_oTBlvk8zhwawbrGzbhdij2UTMo4yeqpeSUQdU_aem_3ZLkj12eZo8_uBbVt0rUag&amp;h=AT14CkYioMpMu46sfTDaby4zRFMkq9pCaZrKjK42lezH2lpl27TOA-BZslziuGAEX9c9PoNy9RWuKsxwpwaUKuby5Ji7eu_n1118gsuNf-NTxqmK9gO9ZV6q4vRmOMIYSR0wzPXFMe14QtEMig&amp;__tn__=%2CmH-y-R&amp;c[0]=AT2lq53dpm1kVUBnwsO21sfJ7TNIfae1bEfRIqiv32kni7mKH10S56-JiPvBmx7ToFKPorLuTof_K0kJWnHrZ-gVeMs9IFtYHjJ_QCBfXnILBRVAFDol_K3R3HmmLxoQQnjvu7DgzmZv2PtONl6vZCBxrNVgU-xo3i_gMrciKAINAf-PlS7QgDx7s4V6rc8OjgMYO71-W91ENOiKYwxlTvHCyhrUO3C41RKjGXTKXYCQyYck1rPa58-WlBYmuz0\"> Facebook<\/a> \/ <a href=\"https:\/\/open.spotify.com\/playlist\/7txKZA8IeKquPpBwdodxgE?si=sRs08plISc-6IGFgbkRWrw\">LINK<\/a> \/<\/li>\n<\/ul>\n<p><span class=\"x193iq5w xeuugli x13faqbe x1vvkbs x1xmvt09 x1lliihq x1s928wv xhkezso x1gmr53x x1cpjm7i x1fgarty x1943h6x xudqn12 x3x7a5m x1f6kntn xvq8zen xo1l8bm xzsf02u x1yc453h\" dir=\"auto\">El grupu folk <span class=\"html-span xdj266r x11i5rnm xat24cr x1mh8g0r xexx8yu x4uap5 x18d9i69 xkhd6sd x1hl2dhg x16tdsg8 x1vvkbs\"><a class=\"x1i10hfl xjbqb8w x1ejq31n xd10rxx x1sy0etr x17r0tee x972fbf xcfux6l x1qhh985 xm0m39n x9f619 x1ypdohk xt0psk2 xe8uvvx xdj266r x11i5rnm xat24cr x1mh8g0r xexx8yu x4uap5 x18d9i69 xkhd6sd x16tdsg8 x1hl2dhg xggy1nq x1a2a7pz x1sur9pj xkrqix3 x1fey0fg xo1l8bm\" role=\"link\" href=\"https:\/\/www.facebook.com\/profile.php?id=100062967775087&amp;__cft__[0]=AZUygKHIk6lN3yhq6bluRzRMGeixglaw4b7qIrf95K0B8z5bg-lIRcoCfmWFKIeIj4k19I0gy3IFeK9IXmW4UV17zBX9r68ib1FovPKlIA0EKWNevLQaBW_LA7_cDr_PvpKcXDcgscLRijahCGZVQqotCVwW0avcUdz6zPfTfpwv8PjtSBGUUh22Gf5YGTg3UMRp9Ics1MbRnWdd3Q7mI2x2p1V9g-XjPLiOEiM6jWWRVw&amp;__tn__=-]K-y-R\"><span class=\"xt0psk2\">Llan de Cubel<\/span><\/a><\/span> ye la segunda incorporaci\u00f3n a la estaya de playlists en Spotify dedicaes a los artistes m\u00e1s pernomaos de la m\u00fasica&#8217;l pa\u00eds <span class=\"html-span xexx8yu x4uap5 x18d9i69 xkhd6sd x1hl2dhg x16tdsg8 x1vvkbs x3nfvp2 x1j61x8r x1fcty0u xdj266r xat24cr xgzva0m xhhsvwb xxymvpz xlup9mm x1kky2od\"><img loading=\"lazy\" decoding=\"async\" class=\"xz74otr\" src=\"https:\/\/static.xx.fbcdn.net\/images\/emoji.php\/v9\/t1\/1\/16\/1f3a7.png\" alt=\"?\" width=\"16\" height=\"16\" \/><\/span> <strong><a href=\"https:\/\/open.spotify.com\/user\/musicasturiana?si=f31ef88fabe949ab&amp;nd=1&amp;dlsi=abbfcdd5779f4dd7\">Si\u00e9ntila nel nuesu perfil<\/a><\/strong><\/span><strong>.<\/strong><\/p>\n<p style=\"text-align: center\">\n<!-- iframe plugin v.6.0 wordpress.org\/plugins\/iframe\/ -->\n<iframe style=\"border-radius:12px\" src=\"https:\/\/open.spotify.com\/embed\/playlist\/7txKZA8IeKquPpBwdodxgE?utm_source=generator\" width=\"100%\" height=\"352\" frameborder=\"0\" allowfullscreen allow=\"autoplay; clipboard-write; encrypted-media; fullscreen; picture-in-picture\" loading=\"lazy\" 0=\"\/iframe\" scrolling=\"yes\" class=\"iframe-class\"><\/iframe>\n<\/p>\n<p><!--more--><\/p>\n<p>Musicasturiana.com entam\u00f3\u2019l mes pas\u00e1u una nueva estaya de<strong> <em>playlists<\/em> <\/strong>nel so <a href=\"https:\/\/open.spotify.com\/user\/musicasturiana?si=f31ef88fabe949ab\">perfil de Spotify<\/a>. Inspir\u00e1ndose nes <em><strong>This Is:<\/strong> <\/em>que la plataforma musical sueca dedica a artistes de renome, Musicasturiana.com fai lo propio centr\u00e1ndose nos <strong>cantares de los grupos m\u00e1s destacaos de la m\u00fasica\u2019l pa\u00eds<\/strong>. <em><a href=\"https:\/\/open.spotify.com\/playlist\/5JrvR0UHZDOVaFlMNnxxKH?si=bd2c31240c2f45f1\">Esto ye: Dixebra<\/a> <\/em>foi la primer incorporaci\u00f3n. G\u00fcei, aprovechando los 40 a\u00f1os d\u2019historia y la so participaci\u00f3n na 40 Noite Celta de Poc\u00eda, continuamos la secci\u00f3n con <em><strong><a href=\"https:\/\/open.spotify.com\/playlist\/7txKZA8IeKquPpBwdodxgE?si=6e37c440691e413f\">Esto ye: Llan de Cubel<\/a><\/strong><\/em>, una llista de reproducci\u00f3n qu\u2019axunta 30 cantares del grupu con <strong>m\u00e1s historia del folk asturianu<\/strong>.<\/p>\n<p>La escoyeta musical d\u2019estes playlists<strong> nun respuenden nam\u00e1s a criterios algor\u00edtmicos<\/strong> o a los temes m\u00e1s populares de cada formaci\u00f3n. Un exemplu d\u2019ello son les m\u00e1s de dos hores de m\u00fasica que suena n\u2019<em><a href=\"https:\/\/open.spotify.com\/playlist\/7txKZA8IeKquPpBwdodxgE?si=1e4d622a76d34896\">Esto ye: Llan de Cubel<\/a> <\/em>y qu\u2019axunta cantares de tola <strong>discograf\u00eda <\/strong>del grupu, <strong>rareces<\/strong>, temes <strong>perconoc\u00edos <\/strong>y otros que <strong>nun suenen nos directos<\/strong> d\u2019esta formaci\u00f3n, pero que tienen una calid\u00e1 bultable. La playlist ye una amuesa de<strong> la so visi\u00f3n de la m\u00fasica tradicional asturiana<\/strong>, tami\u00e9n con presencia de melod\u00edes pal <strong>baille<\/strong>, y los temes compuestos pol grupu, mesmo intrumentales que vocales, con son\u00edos y lletres nes que resuena siempre la <strong>identid\u00e1 y memoria d\u2019Asturies<\/strong> de dalguna manera.<\/p>\n<h3 class=\"wp-block-heading\"><strong>Llan de Cubel: 40 a\u00f1os de folk asturianu<\/strong><\/h3>\n<p>Llan de Cubel ye, ensin duldes, \u00fan de los grupos m\u00e1s importantes de la escena musical asturiana. Formaos en 1984 por m\u00fasicos d\u2019Uvi\u00e9u y Cuideiru, di\u00e9ron-y al folk asturianu una <strong>sonorid\u00e1 particular y prestixu internaciona<\/strong>l, afitando unes bases a la hora de reellaborar la m\u00fasica tradicional qu\u2019influir\u00eda a una montonera bandes. Tocaron en m\u00e1s<strong> venti pa\u00edses de tol mundu<\/strong>, xubieron a los escenarios de los festivales m\u00e1s reputaos del x\u00e9neru y espublizaron <strong>seis discos<\/strong>: <em>Deva <\/em>(1987), <em>Na Llende <\/em>(1990), <em>L\u2019Otru Llau de la Mar <\/em>(1992), <em>IV <\/em>(1995), <em>Un Tiempu Meyor <\/em>(1999) y <em>La lluz encesa <\/em>(2019).<\/p>\n<p>Am\u00e1s d\u2019ayudar a recuperar, dignificar y visibilizar la tradici\u00f3n sonora del pa\u00eds, con especial predilecci\u00f3n poles <strong>ayalgues de los cancioneros de finales del sieglu XIX <\/strong>y entamos del XX, tami\u00e9n compusieron temes propios. Lleven 40 a\u00f1os enriba los escenarios<strong> divulgando y revitalizando<\/strong> la cultura asturiana tocando per tolos requexos del pa\u00eds, dexando tres de s\u00ed una<strong> buelga de tradici\u00f3n, emotivid\u00e1, memoria y vitalid\u00e1<\/strong>.<\/p>\n","protected":false},"excerpt":{"rendered":"<p>Fonte: MusicAsturiana.com \/ Facebook \/ LINK \/ El grupu folk Llan de Cubel ye la segunda incorporaci\u00f3n a la estaya de playlists en Spotify dedicaes a los artistes m\u00e1s pernomaos de la m\u00fasica&#8217;l pa\u00eds Si\u00e9ntila nel nuesu perfil.<\/p>\n","protected":false},"author":117,"featured_media":0,"comment_status":"open","ping_status":"open","sticky":false,"template":"","format":"standard","meta":{"footnotes":""},"categories":[35,125],"tags":[],"class_list":["post-30060","post","type-post","status-publish","format-standard","hentry","category-musica","category-musicasturiana-com"],"_links":{"self":[{"href":"https:\/\/edublog.educastur.es\/ixuxu\/wp-json\/wp\/v2\/posts\/30060","targetHints":{"allow":["GET"]}}],"collection":[{"href":"https:\/\/edublog.educastur.es\/ixuxu\/wp-json\/wp\/v2\/posts"}],"about":[{"href":"https:\/\/edublog.educastur.es\/ixuxu\/wp-json\/wp\/v2\/types\/post"}],"author":[{"embeddable":true,"href":"https:\/\/edublog.educastur.es\/ixuxu\/wp-json\/wp\/v2\/users\/117"}],"replies":[{"embeddable":true,"href":"https:\/\/edublog.educastur.es\/ixuxu\/wp-json\/wp\/v2\/comments?post=30060"}],"version-history":[{"count":4,"href":"https:\/\/edublog.educastur.es\/ixuxu\/wp-json\/wp\/v2\/posts\/30060\/revisions"}],"predecessor-version":[{"id":30064,"href":"https:\/\/edublog.educastur.es\/ixuxu\/wp-json\/wp\/v2\/posts\/30060\/revisions\/30064"}],"wp:attachment":[{"href":"https:\/\/edublog.educastur.es\/ixuxu\/wp-json\/wp\/v2\/media?parent=30060"}],"wp:term":[{"taxonomy":"category","embeddable":true,"href":"https:\/\/edublog.educastur.es\/ixuxu\/wp-json\/wp\/v2\/categories?post=30060"},{"taxonomy":"post_tag","embeddable":true,"href":"https:\/\/edublog.educastur.es\/ixuxu\/wp-json\/wp\/v2\/tags?post=30060"}],"curies":[{"name":"wp","href":"https:\/\/api.w.org\/{rel}","templated":true}]}}