{"id":30179,"date":"2024-08-25T18:30:24","date_gmt":"2024-08-25T16:30:24","guid":{"rendered":"https:\/\/edublog.educastur.es\/ixuxu\/?p=30179"},"modified":"2024-08-31T21:55:53","modified_gmt":"2024-08-31T19:55:53","slug":"los-del-patiu-ganen-el-descensu-folklorico-del-nalon","status":"publish","type":"post","link":"https:\/\/edublog.educastur.es\/ixuxu\/2024\/08\/los-del-patiu-ganen-el-descensu-folklorico-del-nalon\/","title":{"rendered":"La pe\u00f1a &#8216;Los del Patio&#8217; gana&#8217;l Descensu Folkl\u00f3ricu del Nal\u00f3n"},"content":{"rendered":"<p style=\"text-align: center\"><a href=\"https:\/\/estaticos-cdn.prensaiberica.es\/clip\/98c40d66-9537-4c2b-b4c2-b3ca01849021_16-9-aspect-ratio_default_1321734.jpg\"><img loading=\"lazy\" decoding=\"async\" class=\"aligncenter size-full\" src=\"https:\/\/estaticos-cdn.prensaiberica.es\/clip\/98c40d66-9537-4c2b-b4c2-b3ca01849021_16-9-aspect-ratio_default_1321734.jpg\" width=\"880\" height=\"495\" \/><\/a><\/p>\n<p><strong>La pe\u00f1a &#8216;Los del Patiu&#8217;<\/strong> \u00e1lzase como ganadora del <strong>Descensu Folkl\u00f3rico del Nal\u00f3n.<\/strong> La so embarcaci\u00f3n &#8216;<strong><span style=\"color: #008080\">Poseid\u00f3n y los Guardianes del Nal\u00f3n&#8217;<\/span> <\/strong>llogr\u00f3 l&#8217;allampada Sopera. &#8216;L&#8217;Oteru Team&#8217; y &#8216;Boro\u00f1es&#8217; completen el p\u00f3dium d&#8217;una edici\u00f3n de r\u00e9cord, con 7.000 participantes.<\/p>\n<ul>\n<li>Fonte: <a href=\"https:\/\/www.rtpa.es\/noticias-sociedad-ast\/2024-08-25\/La-pe%C3%B1a-'Los-del-Patio'-gana'l-Descensu-Folkloricu-del-Nalon_111724585365.html\">RTPA<\/a> \/ <a href=\"https:\/\/www.lne.es\/cuencas\/2024\/08\/24\/descenso-folklorico-nalon-7-000-107314045.html#foto=29\"><em><strong>Galer\u00eda LNE<\/strong><\/em><\/a><\/li>\n<\/ul>\n<h2 class=\"font-size-m padding-b-20 font-weight-b margin-t-16\"><span style=\"font-size: 20px\">Poseid\u00f3n y los Guardianes del Nal\u00f3n&#8217; llogra la deseada Sopera.<\/span><\/h2>\n<p><!--more--><\/p>\n<p>La pe\u00f1a &#8216;Los del Patio\u2019 gana&#8217;l Descensu Folkl\u00f3ricu del Nal\u00f3n. La so embarcaci\u00f3n &#8216;Poseid\u00f3n y los Guardianes del Nal\u00f3n&#8217; llogr\u00f3 la deseada Sopera. \u2018El Otero Team&#8217; y &#8216;Boro\u00f1es&#8217; completen el p\u00f3dium d&#8217;una edici\u00f3n de r\u00e9cord, con 7.000 participantes.<\/p>\n<p>La hestoria asitia a Poseid\u00f3n como divu del mar y los r\u00edos, y el Nal\u00f3n nun ye una esceici\u00f3n. 300 guardianes llevaron a LDP a algamar la so cuarta sopera, raspiando y\u00e1&#8217;l Chalan\u00edn. Am\u00e1s del premiu especial d&#8217;antroxos.<\/p>\n<p>El viaxe inaugural de l&#8217;alta velocid\u00e1 llavianesa de \u2018El Otero Team&#8217; llogr\u00f3&#8217;l segundu puestu y l&#8217;asturian\u00eda. Mientres que&#8217;l pinochu de &#8216;Boro\u00f1es\u2019 llev\u00f3&#8217;l terceru y &#8216;Las Aventuras de Pin\u00edn&#8217; La Soperina.<\/p>\n<p style=\"text-align: center\"><a href=\"https:\/\/estaticos-cdn.prensaiberica.es\/clip\/a47a74dc-d8fb-49eb-b462-5263806b6922_source-aspect-ratio_default_0.jpg\"><img loading=\"lazy\" decoding=\"async\" class=\"aligncenter size-full\" src=\"https:\/\/estaticos-cdn.prensaiberica.es\/clip\/a47a74dc-d8fb-49eb-b462-5263806b6922_source-aspect-ratio_default_0.jpg\" width=\"1500\" height=\"2000\" \/><\/a><\/p>\n<p>&nbsp;<\/p>\n<p>&nbsp;<\/p>\n","protected":false},"excerpt":{"rendered":"<p>La pe\u00f1a &#8216;Los del Patiu&#8217; \u00e1lzase como ganadora del Descensu Folkl\u00f3rico del Nal\u00f3n. La so embarcaci\u00f3n &#8216;Poseid\u00f3n y los Guardianes del Nal\u00f3n&#8217; llogr\u00f3 l&#8217;allampada Sopera. &#8216;L&#8217;Oteru Team&#8217; y &#8216;Boro\u00f1es&#8217; completen el p\u00f3dium d&#8217;una edici\u00f3n de r\u00e9cord, con 7.000 participantes. Fonte: RTPA \/ Galer\u00eda LNE Poseid\u00f3n y los Guardianes del Nal\u00f3n&#8217; llogra la deseada Sopera.<\/p>\n","protected":false},"author":117,"featured_media":0,"comment_status":"open","ping_status":"open","sticky":false,"template":"","format":"standard","meta":{"footnotes":""},"categories":[1],"tags":[],"class_list":["post-30179","post","type-post","status-publish","format-standard","hentry","category-sin-categoria"],"_links":{"self":[{"href":"https:\/\/edublog.educastur.es\/ixuxu\/wp-json\/wp\/v2\/posts\/30179","targetHints":{"allow":["GET"]}}],"collection":[{"href":"https:\/\/edublog.educastur.es\/ixuxu\/wp-json\/wp\/v2\/posts"}],"about":[{"href":"https:\/\/edublog.educastur.es\/ixuxu\/wp-json\/wp\/v2\/types\/post"}],"author":[{"embeddable":true,"href":"https:\/\/edublog.educastur.es\/ixuxu\/wp-json\/wp\/v2\/users\/117"}],"replies":[{"embeddable":true,"href":"https:\/\/edublog.educastur.es\/ixuxu\/wp-json\/wp\/v2\/comments?post=30179"}],"version-history":[{"count":6,"href":"https:\/\/edublog.educastur.es\/ixuxu\/wp-json\/wp\/v2\/posts\/30179\/revisions"}],"predecessor-version":[{"id":30185,"href":"https:\/\/edublog.educastur.es\/ixuxu\/wp-json\/wp\/v2\/posts\/30179\/revisions\/30185"}],"wp:attachment":[{"href":"https:\/\/edublog.educastur.es\/ixuxu\/wp-json\/wp\/v2\/media?parent=30179"}],"wp:term":[{"taxonomy":"category","embeddable":true,"href":"https:\/\/edublog.educastur.es\/ixuxu\/wp-json\/wp\/v2\/categories?post=30179"},{"taxonomy":"post_tag","embeddable":true,"href":"https:\/\/edublog.educastur.es\/ixuxu\/wp-json\/wp\/v2\/tags?post=30179"}],"curies":[{"name":"wp","href":"https:\/\/api.w.org\/{rel}","templated":true}]}}