{"id":30338,"date":"2024-09-03T17:45:55","date_gmt":"2024-09-03T15:45:55","guid":{"rendered":"https:\/\/edublog.educastur.es\/ixuxu\/?p=30338"},"modified":"2024-09-14T22:52:52","modified_gmt":"2024-09-14T20:52:52","slug":"un-cantar-que-fala-de-la-seronda-y-de-tola-maxa-que-mos-trae","status":"publish","type":"post","link":"https:\/\/edublog.educastur.es\/ixuxu\/2024\/09\/un-cantar-que-fala-de-la-seronda-y-de-tola-maxa-que-mos-trae\/","title":{"rendered":"Un cantar a la seronda \u00abNuramay &#8211; Xuxurien les fueyes\u00bb"},"content":{"rendered":"<ul>\n<li><a href=\"https:\/\/www.youtube.com\/watch?v=OuAK4tMMMz8\">Videu<\/a> \/<strong> Nuramay<\/strong> &#8211; Xuxurien les fueyes \/<\/li>\n<li><a href=\"https:\/\/fontoria-folk.webnode.es\/\"><strong>Fontoria<\/strong> <\/a>\/<a href=\"https:\/\/www.facebook.com\/Fontoria\"> Facebook<\/a> \/<a href=\"https:\/\/l.facebook.com\/l.php?u=https%3A%2F%2Fwww.youtube.com%2Fchannel%2FUCcy4lJECoBA1flYLFoEaQcQ%3Ffbclid%3DIwZXh0bgNhZW0CMTAAAR0oPotJFUS8czco8DuHggwJSl_jE4MqCpybog1H9fgXnwaB9O4QrdZbPSY_aem__YzDhz9OCThewTxv4eg-VA&amp;h=AT22DM6PIdg_PO3YQha8bUIu-Pfk6bTPkuQmzgfpk5OW8MS6lNQ9KsMtkEGzdoAnQtjsgXrm0y1wnbKMA0_71UvEfb7ULS_TmH80uh2XrB8UF0m1i-ipc338FKcQ4YiToRC8jcMFX5jIRr6XqPc\"> Youtube<\/a> \/<\/li>\n<\/ul>\n<p>Un cantar que fala de la seronda y de tola maxa que mos trae.\u00a0 <span class=\"x193iq5w xeuugli x13faqbe x1vvkbs x1xmvt09 x1lliihq x1s928wv xhkezso x1gmr53x x1cpjm7i x1fgarty x1943h6x xudqn12 x3x7a5m x1f6kntn xvq8zen xo1l8bm xzsf02u x1yc453h\" dir=\"auto\">Nuramay son <strong>Maitetxu Isla y Maxi Are\u00f1es<\/strong>, que dende esti proyeutu esploren m\u00fasiques tradicionales de delles partes del mundiu. Nel repertoriu van poder atopase dende romances medievales, pasando per vieyos cantares del folk ingl\u00e9s, franc\u00e9s, asturianu y catal\u00e0, asina como poemes musicaos, compaxinando obres de calter tradicional con composicones propies.<br \/>\n<\/span><\/p>\n<p style=\"text-align: center\">\n<!-- iframe plugin v.6.0 wordpress.org\/plugins\/iframe\/ -->\n<iframe loading=\"lazy\" width=\"638\" height=\"360\" src=\"https:\/\/www.youtube.com\/embed\/OuAK4tMMMz8\" title=\"Nuramay - Xuxurien les fueyes\" frameborder=\"0\" allow=\"accelerometer; autoplay; clipboard-write; encrypted-media; gyroscope; picture-in-picture; web-share\" referrerpolicy=\"strict-origin-when-cross-origin\" 0=\"allowfullscreen\" 1=\"\/iframe\" scrolling=\"yes\" class=\"iframe-class\"><\/iframe>\n<\/p>\n<p><!--more--><\/p>\n<p><span class=\"x193iq5w xeuugli x13faqbe x1vvkbs x1xmvt09 x1lliihq x1s928wv xhkezso x1gmr53x x1cpjm7i x1fgarty x1943h6x xudqn12 x3x7a5m x1f6kntn xvq8zen xo1l8bm xzsf02u x1yc453h\" dir=\"auto\"><strong>Nuramay<\/strong>, un proyeutu paralelu a Fontoria que ta formau por Maitetxu Isla y Maxi Are\u00f1es.<\/span><\/p>\n<p><span class=\"x193iq5w xeuugli x13faqbe x1vvkbs x1xmvt09 x1lliihq x1s928wv xhkezso x1gmr53x x1cpjm7i x1fgarty x1943h6x xudqn12 x3x7a5m x1f6kntn xvq8zen xo1l8bm xzsf02u\" dir=\"auto\">Proyectu musical del multi insrumentista Maxi Are\u00f1es qu&#8217;entama en 2017. M\u00fasiques del mundiu, rock progresivu, minimalismu, sones de raiga\u00f1os, pasaxes sinf\u00f3nicos&#8230; Too ello vais poder alcontrar nos 5 trabayos editaos de Fontoria, dende 2019 hasta 2024.<\/span><\/p>\n<p style=\"text-align: center\"><a href=\"https:\/\/www.infoasturies.com\/wp-content\/uploads\/2020\/01\/fontoria.jpg\"><img loading=\"lazy\" decoding=\"async\" class=\"aligncenter size-full\" src=\"https:\/\/www.infoasturies.com\/wp-content\/uploads\/2020\/01\/fontoria.jpg\" width=\"960\" height=\"582\" \/><\/a><\/p>\n<p>El proyeutu Fontoria \u00f1az na primavera de 2017 nel conceyu Pilo\u00f1a (Asturies), pero nun ye hasta la seronda d&#8217;esi mesmu a\u00f1u cuando llogra consolidase en forma cuartetu.<\/p>\n<p>El grupu adquier tintes progresivos ensin escaecer los sones m\u00e1s tradicionales, entamando a facer un batulax coles m\u00fasiques d&#8217;otros llugares como Breizh, El Piamonte italianu o la m\u00fasica tradicional d&#8217;Europa central, faciendo gui\u00f1os al neoclasicismu, el folk barrocu de los 60 y 70 del sieglu XX, y alleg\u00e1ndose a la m\u00fasica de vanguardia y la m\u00fasica electr\u00f3nica.<\/p>\n<p>El 90% de la so obra ye orixinal del grupu.<\/p>\n<p>A d\u00edi de g\u00fcei tienen tres trabayos asoleyaos: \u00abNord\u00e9s\u00bb (2019), \u00abEl m\u00e1xicu viaxe de Fionna de Morlay\u00bb (2020) y \u00abSIRIO\u00bb (2022)<\/p>\n<p>Con Nord\u00e9s tuvieron nominaos a los premios AMAS de la m\u00fasica asturiana na categor\u00eda de \u00abMeyor canciu folk 2019\u00bb col tema \u00abCanciu a mio p\u00e1\u00bb.<\/p>\n<p>Con \u00abEl m\u00e1xicu viaxe de Fionna de Morlay\u00bb son nominaos na categor\u00eda de \u00abMeyor discu folk 2020\u00bb.<\/p>\n<div class=\"xdj266r x11i5rnm xat24cr x1mh8g0r x1vvkbs x126k92a\"><\/div>\n<div class=\"x11i5rnm xat24cr x1mh8g0r x1vvkbs xtlvy1s x126k92a\">\n<div dir=\"auto\"><\/div>\n<\/div>\n","protected":false},"excerpt":{"rendered":"<p>Videu \/ Nuramay &#8211; Xuxurien les fueyes \/ Fontoria \/ Facebook \/ Youtube \/ Un cantar que fala de la seronda y de tola maxa que mos trae.\u00a0 Nuramay son Maitetxu Isla y Maxi Are\u00f1es, que dende esti proyeutu esploren m\u00fasiques tradicionales de delles partes del mundiu. Nel repertoriu van poder atopase dende romances medievales, [&hellip;]<\/p>\n","protected":false},"author":117,"featured_media":0,"comment_status":"open","ping_status":"open","sticky":false,"template":"","format":"standard","meta":{"footnotes":""},"categories":[35],"tags":[],"class_list":["post-30338","post","type-post","status-publish","format-standard","hentry","category-musica"],"_links":{"self":[{"href":"https:\/\/edublog.educastur.es\/ixuxu\/wp-json\/wp\/v2\/posts\/30338","targetHints":{"allow":["GET"]}}],"collection":[{"href":"https:\/\/edublog.educastur.es\/ixuxu\/wp-json\/wp\/v2\/posts"}],"about":[{"href":"https:\/\/edublog.educastur.es\/ixuxu\/wp-json\/wp\/v2\/types\/post"}],"author":[{"embeddable":true,"href":"https:\/\/edublog.educastur.es\/ixuxu\/wp-json\/wp\/v2\/users\/117"}],"replies":[{"embeddable":true,"href":"https:\/\/edublog.educastur.es\/ixuxu\/wp-json\/wp\/v2\/comments?post=30338"}],"version-history":[{"count":16,"href":"https:\/\/edublog.educastur.es\/ixuxu\/wp-json\/wp\/v2\/posts\/30338\/revisions"}],"predecessor-version":[{"id":31072,"href":"https:\/\/edublog.educastur.es\/ixuxu\/wp-json\/wp\/v2\/posts\/30338\/revisions\/31072"}],"wp:attachment":[{"href":"https:\/\/edublog.educastur.es\/ixuxu\/wp-json\/wp\/v2\/media?parent=30338"}],"wp:term":[{"taxonomy":"category","embeddable":true,"href":"https:\/\/edublog.educastur.es\/ixuxu\/wp-json\/wp\/v2\/categories?post=30338"},{"taxonomy":"post_tag","embeddable":true,"href":"https:\/\/edublog.educastur.es\/ixuxu\/wp-json\/wp\/v2\/tags?post=30338"}],"curies":[{"name":"wp","href":"https:\/\/api.w.org\/{rel}","templated":true}]}}