{"id":30364,"date":"2024-09-03T17:44:27","date_gmt":"2024-09-03T15:44:27","guid":{"rendered":"https:\/\/edublog.educastur.es\/ixuxu\/?p=30364"},"modified":"2024-09-03T17:45:12","modified_gmt":"2024-09-03T15:45:12","slug":"30364","status":"publish","type":"post","link":"https:\/\/edublog.educastur.es\/ixuxu\/2024\/09\/30364\/","title":{"rendered":"RENFE recupera la circulaci\u00f3n habitual de los trenes Civis nes ll\u00ednees C1 y C3"},"content":{"rendered":"<div class=\"html-div xdj266r x11i5rnm xat24cr x1mh8g0r xexx8yu x4uap5 x18d9i69 xkhd6sd\">\n<div class=\"x78zum5 xdt5ytf xz62fqu x16ldp7u\">\n<div class=\"xu06os2 x1ok221b\">\n<ul>\n<li class=\"html-h3 x11i5rnm xat24cr x1mh8g0r xexx8yu x4uap5 x18d9i69 xkhd6sd x1vvkbs x1heor9g x1qlqyl8 x1pd3egz x1a2a7pz x1gslohp x1yc453h\"><span class=\"x1lliihq x6ikm8r x10wlt62 x1n2onr6\"><span class=\"xt0psk2\"><a class=\"x1i10hfl xjbqb8w x1ejq31n xd10rxx x1sy0etr x17r0tee x972fbf xcfux6l x1qhh985 xm0m39n x9f619 x1ypdohk xt0psk2 xe8uvvx xdj266r x11i5rnm xat24cr x1mh8g0r xexx8yu x4uap5 x18d9i69 xkhd6sd x16tdsg8 x1hl2dhg xggy1nq x1a2a7pz x1sur9pj xkrqix3 xzsf02u x1s688f\" role=\"link\" href=\"https:\/\/www.facebook.com\/DelGobAsturias?__cft__[0]=AZWwEk-jNsA-FWwdu7YPXtezohG3QwxZFOMJX0QX132NY0BxR_pPWttSgNTEsTpmHNjxGI_Ls3dekdDn3LC04EMIX2EvGTXVBbExnr2VYVquEnwYbjYEkasPmez1g_j6tTt_rYHQfsTi0dio0241GdfjfnOSVV4htCR7N_BFa9fvyWRSdPz0QoUEjREa36N6DKil2aGRQsxgY8V5jQo4ytfyicQvp5yw70B4SCAD9eS0VA&amp;__tn__=-UC%2CP-y-R\"><strong class=\"html-strong xdj266r x11i5rnm xat24cr x1mh8g0r xexx8yu x4uap5 x18d9i69 xkhd6sd x1hl2dhg x16tdsg8 x1vvkbs x1s688f\"><span class=\"html-span xdj266r x11i5rnm xat24cr x1mh8g0r xexx8yu x4uap5 x18d9i69 xkhd6sd x1hl2dhg x16tdsg8 x1vvkbs\">Delegaci\u00f3n del Gobiernu n&#8217;Asturies<\/span><\/strong><\/a><\/span><\/span><span class=\"x193iq5w xeuugli x13faqbe x1vvkbs x1xmvt09 x1lliihq x1s928wv xhkezso x1gmr53x x1cpjm7i x1fgarty x1943h6x x4zkp8e x676frb x1pg5gke x1sibtaa xo1l8bm xi81zsa x1yc453h\" dir=\"auto\"><span class=\"html-span xdj266r x11i5rnm xat24cr x1mh8g0r xexx8yu x4uap5 x18d9i69 xkhd6sd x1hl2dhg x16tdsg8 x1vvkbs\"><span class=\"xzpqnlu xjm9jq1 x6ikm8r x10wlt62 x10l6tqk x1i1rx1s\">\/<\/span><\/span><\/span><span class=\"html-span xdj266r x11i5rnm xat24cr x1mh8g0r xexx8yu x4uap5 x18d9i69 xkhd6sd x1hl2dhg x16tdsg8 x1vvkbs\"><a class=\"x1i10hfl xjbqb8w x1ejq31n xd10rxx x1sy0etr x17r0tee x972fbf xcfux6l x1qhh985 xm0m39n x9f619 x1ypdohk xt0psk2 xe8uvvx xdj266r x11i5rnm xat24cr x1mh8g0r xexx8yu x4uap5 x18d9i69 xkhd6sd x16tdsg8 x1hl2dhg xggy1nq x1a2a7pz x1sur9pj xkrqix3 x1fey0fg xo1l8bm\" role=\"link\" href=\"https:\/\/www.facebook.com\/Renfe?__cft__[0]=AZWwEk-jNsA-FWwdu7YPXtezohG3QwxZFOMJX0QX132NY0BxR_pPWttSgNTEsTpmHNjxGI_Ls3dekdDn3LC04EMIX2EvGTXVBbExnr2VYVquEnwYbjYEkasPmez1g_j6tTt_rYHQfsTi0dio0241GdfjfnOSVV4htCR7N_BFa9fvyWRSdPz0QoUEjREa36N6DKil2aGRQsxgY8V5jQo4ytfyicQvp5yw70B4SCAD9eS0VA&amp;__tn__=-]K-y-R\"><span class=\"xt0psk2\">Renfe<\/span><\/a><\/span> \/ <a href=\"https:\/\/www.renfe.com\/es\/es\/grupo-renfe\/comunicacion\/renfe-al-dia\/sala-de-prensa\/noroeste\/cercanias-asturias-6000-plazas-extra-dia-regreso-trenes-civis?fbclid=IwZXh0bgNhZW0CMTAAAR15c8lT8oa7Dx9vp2C1WKkzl7EcZaQHSFMCLwZEhgUCCDBAiyKwoBsUtFs_aem_5bp-gLNbST4eJMk5zsOIXw\">M\u00e1s info<\/a>\/<a href=\"https:\/\/www.renfe.com\/es\/es\"><strong> RENFE<\/strong><\/a> \/<\/li>\n<\/ul>\n<\/div>\n<\/div>\n<\/div>\n<p style=\"text-align: left\"><a href=\"https:\/\/www.renfe.com\/es\/es\/grupo-renfe\/comunicacion\/renfe-al-dia\/sala-de-prensa\/noroeste\/cercanias-asturias-6000-plazas-extra-dia-regreso-trenes-civis\/_jcr_content\/root\/rfdetail\/responsivegrid\/rfimg.coreimg.jpeg\/1694012315978\/asturias-2023.jpeg\"><img loading=\"lazy\" decoding=\"async\" class=\"aligncenter size-full\" src=\"https:\/\/www.renfe.com\/es\/es\/grupo-renfe\/comunicacion\/renfe-al-dia\/sala-de-prensa\/noroeste\/cercanias-asturias-6000-plazas-extra-dia-regreso-trenes-civis\/_jcr_content\/root\/rfdetail\/responsivegrid\/rfimg.coreimg.jpeg\/1694012315978\/asturias-2023.jpeg\" width=\"1156\" height=\"1121\" \/><\/a>Renfe recupera la circulaci\u00f3n habitual de los trenes Civis nes ll\u00ednees C1 y C3 de cercan\u00edes tres el periodu branizu. Esto supon 6.000 places m\u00e1s al d\u00eda<\/p>\n","protected":false},"excerpt":{"rendered":"<p>Delegaci\u00f3n del Gobiernu n&#8217;Asturies\/Renfe \/ M\u00e1s info\/ RENFE \/ Renfe recupera la circulaci\u00f3n habitual de los trenes Civis nes ll\u00ednees C1 y C3 de cercan\u00edes tres el periodu branizu. Esto supon 6.000 places m\u00e1s al d\u00eda<\/p>\n","protected":false},"author":117,"featured_media":0,"comment_status":"open","ping_status":"open","sticky":false,"template":"","format":"standard","meta":{"footnotes":""},"categories":[232],"tags":[],"class_list":["post-30364","post","type-post","status-publish","format-standard","hentry","category-tresportes"],"_links":{"self":[{"href":"https:\/\/edublog.educastur.es\/ixuxu\/wp-json\/wp\/v2\/posts\/30364","targetHints":{"allow":["GET"]}}],"collection":[{"href":"https:\/\/edublog.educastur.es\/ixuxu\/wp-json\/wp\/v2\/posts"}],"about":[{"href":"https:\/\/edublog.educastur.es\/ixuxu\/wp-json\/wp\/v2\/types\/post"}],"author":[{"embeddable":true,"href":"https:\/\/edublog.educastur.es\/ixuxu\/wp-json\/wp\/v2\/users\/117"}],"replies":[{"embeddable":true,"href":"https:\/\/edublog.educastur.es\/ixuxu\/wp-json\/wp\/v2\/comments?post=30364"}],"version-history":[{"count":3,"href":"https:\/\/edublog.educastur.es\/ixuxu\/wp-json\/wp\/v2\/posts\/30364\/revisions"}],"predecessor-version":[{"id":30367,"href":"https:\/\/edublog.educastur.es\/ixuxu\/wp-json\/wp\/v2\/posts\/30364\/revisions\/30367"}],"wp:attachment":[{"href":"https:\/\/edublog.educastur.es\/ixuxu\/wp-json\/wp\/v2\/media?parent=30364"}],"wp:term":[{"taxonomy":"category","embeddable":true,"href":"https:\/\/edublog.educastur.es\/ixuxu\/wp-json\/wp\/v2\/categories?post=30364"},{"taxonomy":"post_tag","embeddable":true,"href":"https:\/\/edublog.educastur.es\/ixuxu\/wp-json\/wp\/v2\/tags?post=30364"}],"curies":[{"name":"wp","href":"https:\/\/api.w.org\/{rel}","templated":true}]}}