{"id":30368,"date":"2024-09-03T17:47:22","date_gmt":"2024-09-03T15:47:22","guid":{"rendered":"https:\/\/edublog.educastur.es\/ixuxu\/?p=30368"},"modified":"2024-09-03T18:15:51","modified_gmt":"2024-09-03T16:15:51","slug":"v-festival-de-titeres-de-llanera","status":"publish","type":"post","link":"https:\/\/edublog.educastur.es\/ixuxu\/2024\/09\/v-festival-de-titeres-de-llanera\/","title":{"rendered":"V Festival de T\u00edteres de Llanera"},"content":{"rendered":"<ul>\n<li>Fonte: <a href=\"https:\/\/eltapin.com\/noticia\/17368\/el-v-festival-de-titeres-de-llanera-titere-lla-se-celebra-del-13-al-15-de-septiembre?fbclid=IwY2xjawFEDotleHRuA2FlbQIxMAABHUyLGgogzVLj8HHEWNhi_MWzGWnDFo92RRU_3IK6k59MPzQbWNn2d407Lg_aem_tm92Ohc_-zuC-NNJqW6Hbw\"><strong>El Tap\u00edn<\/strong><\/a> \/ 13, 14 y 15 de setiembre \/<\/li>\n<li>Centru Sociocultural de la urbanizaci\u00f3n de Sotu de Llanera, am\u00e1s de los espacios de Posada y Llugo.<\/li>\n<\/ul>\n<p style=\"text-align: center\"><a href=\"https:\/\/eltapin.com\/image\/11786\/thumb\/1024\/296003373_2081432268726625_1343270636689908551_n.jpg\"><img loading=\"lazy\" decoding=\"async\" class=\"aligncenter \" src=\"https:\/\/eltapin.com\/image\/11786\/thumb\/1024\/296003373_2081432268726625_1343270636689908551_n.jpg\" width=\"559\" height=\"782\" \/><\/a><\/p>\n<p>Dempu\u00e9s del \u00e9situ de les ediciones anteriores, Llanera va volver convertise nun escenariu improvis\u00e1u cola celebraci\u00f3n, el pr\u00f3ximu mes de setiembre, del festival <strong>\u00abT\u00edtere-Lla\u00bb<\/strong>, una cita imprescindible para ne\u00f1os y mayores que cumple la so quinta edici\u00f3n. T\u00edteres, cuentos, talleres, espect\u00e1culos circenses o funciones especiales van ser los grandes protagonistes d&#8217;esta nueva convocatoria nel conceyu.<\/p>\n<p><!--more--><\/p>\n<p style=\"text-align: center\"><a href=\"https:\/\/estaticos-cdn.prensaiberica.es\/clip\/b619a43c-b453-4dbb-ac65-2b871baba30d_16-9-discover-aspect-ratio_default_0.webp\"><img loading=\"lazy\" decoding=\"async\" class=\"aligncenter size-full\" src=\"https:\/\/estaticos-cdn.prensaiberica.es\/clip\/b619a43c-b453-4dbb-ac65-2b871baba30d_16-9-discover-aspect-ratio_default_0.webp\" width=\"1200\" height=\"675\" \/><\/a><\/p>\n<p>Nun principiu, y na so mayor\u00eda, los espect\u00e1culos desenvolveranse nel esterior, sacantes que la meteorolox\u00eda lo torgue, y nesi casu van treslladase al espaciu esc\u00e9nicu Plaza de L&#8217;Habana de Posada. Asina, les actividaes van empezar el vienres 13 colos cuentos de \u00abEl Coneyu Llistu y el Tigre de dos bigotes\u00bb, al cargu de Teatru Los Pintores, nel parque del centru cultural de Sotu, a les 17.00 hores. Un pasacalles va percorrer les cais de Posada y Llugo, a les 19.30 y 20.30 hores, respectivamente, cola collaboraci\u00f3n de la charanga \u00abL&#8217;Alborotu\u00bb de Villabona.<\/p>\n<p>El s\u00e1badu 14, les actividaes van concentrase nel esterior de la Casa de Cultura de Lugo de Llanera, que va acoyer, a les 13.00 hores, l&#8217;espect\u00e1culu \u00abEngatusados\u00bb, de Tres la Puerta*T\u00edteres; y a les 18.00 hores, \u00abAlmavera. Sonata para viol\u00edn y t\u00edteres\u00bb, a cargu del grupu de Teatro Etc\u00e9tera.<\/p>\n<p>Mientres el domingu 15, \u00faltima xornada del festival, va desenvolvese, a les 16.00 hores, el taller de teatru negru con lluz ultravioleta, para ne\u00f1os y ne\u00f1es a partir de los seis a\u00f1os d&#8217;ed\u00e1, y a les 17.30 hores, \u00abLa Biblioteca d&#8217;Eme\u00bb, con Mar Color\u00e1u Teatru\u00bb. Dambes actividaes van tener llugar nel esterior de la Casa de Cultura de Llugo.<\/p>\n","protected":false},"excerpt":{"rendered":"<p>Fonte: El Tap\u00edn \/ 13, 14 y 15 de setiembre \/ Centru Sociocultural de la urbanizaci\u00f3n de Sotu de Llanera, am\u00e1s de los espacios de Posada y Llugo. Dempu\u00e9s del \u00e9situ de les ediciones anteriores, Llanera va volver convertise nun escenariu improvis\u00e1u cola celebraci\u00f3n, el pr\u00f3ximu mes de setiembre, del festival \u00abT\u00edtere-Lla\u00bb, una cita imprescindible [&hellip;]<\/p>\n","protected":false},"author":117,"featured_media":0,"comment_status":"open","ping_status":"open","sticky":false,"template":"","format":"standard","meta":{"footnotes":""},"categories":[82],"tags":[],"class_list":["post-30368","post","type-post","status-publish","format-standard","hentry","category-teatru"],"_links":{"self":[{"href":"https:\/\/edublog.educastur.es\/ixuxu\/wp-json\/wp\/v2\/posts\/30368","targetHints":{"allow":["GET"]}}],"collection":[{"href":"https:\/\/edublog.educastur.es\/ixuxu\/wp-json\/wp\/v2\/posts"}],"about":[{"href":"https:\/\/edublog.educastur.es\/ixuxu\/wp-json\/wp\/v2\/types\/post"}],"author":[{"embeddable":true,"href":"https:\/\/edublog.educastur.es\/ixuxu\/wp-json\/wp\/v2\/users\/117"}],"replies":[{"embeddable":true,"href":"https:\/\/edublog.educastur.es\/ixuxu\/wp-json\/wp\/v2\/comments?post=30368"}],"version-history":[{"count":6,"href":"https:\/\/edublog.educastur.es\/ixuxu\/wp-json\/wp\/v2\/posts\/30368\/revisions"}],"predecessor-version":[{"id":30393,"href":"https:\/\/edublog.educastur.es\/ixuxu\/wp-json\/wp\/v2\/posts\/30368\/revisions\/30393"}],"wp:attachment":[{"href":"https:\/\/edublog.educastur.es\/ixuxu\/wp-json\/wp\/v2\/media?parent=30368"}],"wp:term":[{"taxonomy":"category","embeddable":true,"href":"https:\/\/edublog.educastur.es\/ixuxu\/wp-json\/wp\/v2\/categories?post=30368"},{"taxonomy":"post_tag","embeddable":true,"href":"https:\/\/edublog.educastur.es\/ixuxu\/wp-json\/wp\/v2\/tags?post=30368"}],"curies":[{"name":"wp","href":"https:\/\/api.w.org\/{rel}","templated":true}]}}