{"id":3037,"date":"2021-01-12T10:26:26","date_gmt":"2021-01-12T08:26:26","guid":{"rendered":"https:\/\/edublog.educastur.es\/ixuxu\/?p=3037"},"modified":"2021-01-15T23:51:12","modified_gmt":"2021-01-15T21:51:12","slug":"tever-gaita-hero","status":"publish","type":"post","link":"https:\/\/edublog.educastur.es\/ixuxu\/2021\/01\/tever-gaita-hero\/","title":{"rendered":"Tever: \u00abGaita hero\u00bb"},"content":{"rendered":"<p><img loading=\"lazy\" decoding=\"async\" class=\" aligncenter\" src=\"https:\/\/asturies.com\/sites\/default\/files\/logo_acom_5.png\" width=\"407\" height=\"48\" \/><\/p>\n<ul>\n<li style=\"text-align: center\"><a href=\"https:\/\/asturies.com\/noticies\/gaita-hero-el-tema-de-tever-que-tamien-ye-un-videoxuegu?fbclid=IwAR0zisiZreoooNPsZ-_Mwv5Qm3ruyJRqVP7Iql7eYqNpYXvm4OQtICdhcoY\"><span style=\"font-size: 20px\">Noticia d\u00b4<em><strong>A<\/strong><\/em><strong><em>s<\/em><\/strong><strong><em>turies.com<\/em><\/strong><\/span><\/a><\/li>\n<li style=\"text-align: center\">12 Xineru, 2021 por <a class=\"username\" title=\"Ver perfil de usuario.\" href=\"https:\/\/asturies.com\/user\/632\">Pablo R. Guardado<\/a><\/li>\n<\/ul>\n<h1 class=\"title page-title\" style=\"text-align: center\"><span style=\"color: #008080\"><em><span style=\"font-size: 28px\">\u2018Gaita hero\u2019, el tema de Tever que tami\u00e9n ye un videoxuegu<\/span><\/em><\/span><\/h1>\n<div class=\"region region-content\">\n<div id=\"block-system-main\" class=\"block block-system\">\n<div class=\"block-inner\">\n<div class=\"content\">\n<div id=\"node-50920\" class=\"node node-noticies node-promoted clearfix\">\n<div class=\"node-inner\">\n<div class=\"full-node\">\n<div class=\"field field-name-field-noticies-rellacionaes field-type-node-reference field-label-hidden\">\n<ul>\n<li style=\"text-align: center\"><a href=\"https:\/\/asturies.com\/noticies\/tever-fusional-salton-y-el-reggaeton-na-so-segunda-propuesta-audiovisual\"><em>Tever fusiona&#8217;l salt\u00f3n y el reggaeton na so segunda propuesta audiovisual<\/em><\/a><\/li>\n<\/ul>\n<p><img loading=\"lazy\" decoding=\"async\" class=\"alignnone size-full aligncenter\" src=\"https:\/\/asturies.com\/sites\/default\/files\/styles\/large\/public\/gaita_hero_de_tever.png?itok=3AxV12IW\" width=\"458\" height=\"452\" \/><\/p>\n<\/div>\n<\/div>\n<\/div>\n<\/div>\n<\/div>\n<\/div>\n<\/div>\n<\/div>\n<p><!--more--><\/p>\n<p><em><span style=\"font-size: 20px\">Depu\u00e9s de &#8216;Fayendo&#8217; y &#8216;Saltonggaeton&#8217;, Tever torna a soprender cola tercer pieza del EP \u2018Fechu\u2019n PLA\u2019. Ye \u2018Gaita hero\u2019, un cantar que, am\u00e1s d\u2019una historia visual, como los dos anteriores, cuenta con una <a href=\"https:\/\/gaitahero.com\/\">versi\u00f3n de videoxuegu arcade pa PC y dispositivos m\u00f3viles<\/a>.<\/span><\/em><\/p>\n<p><em><span style=\"font-size: 20px\">\u201cEl mundu necesita un h\u00e9roe nuevu pa ser salv\u00e1u y equ\u00ed ye onde te toca cumplir cola misi\u00f3n. Convi\u00e9rtete nel Gaita Hero que toos necesiten\u201d, entama\u2019l retu que presenta Tever. El rival, \u201cun bich\u00edn\u201d, la COVID-19, que lo \u201cenllen\u00f3 too: parques, escueles, cases, teatros, restaurantes, Congresu de los Diput\u2026. (esto \u00faltimo non)\u201d.<\/span><\/em><\/p>\n<p><em><span style=\"font-size: 20px\">Poro, la misi\u00f3n del xuegu de plataformes va ser \u201cfinar con toos aquellos que veas nel to cam\u00edn y lliberar al mundu d\u2019esti bich\u00edn pes\u00e1u y molestu\u201d. Asina, mientres suena\u2019l cantar de fondu, y en dellos escenarios como paisaxes asturianos o una mina de carb\u00f3n, el gaiteru deber\u00e1 superar obst\u00e1culos y matar coronavirus hasta completar l\u2019oxetivu final nel HUCA. <a href=\"https:\/\/youtu.be\/XISRgja-YdM\"><strong>Videu<\/strong><\/a><br \/>\n<\/span><\/em><\/p>\n<p style=\"text-align: center\">\n<!-- iframe plugin v.6.0 wordpress.org\/plugins\/iframe\/ -->\n<iframe loading=\"lazy\" width=\"647\" height=\"364\" src=\"https:\/\/www.youtube.com\/embed\/XISRgja-YdM\" scrolling=\"yes\" class=\"iframe-class\" frameborder=\"0\"><\/iframe>\n<\/p>\n<p><em><span style=\"font-size: 20px\">\u2018Gaita hero\u2019 ye la tercer propuesta del proyeutu del gaiteru<strong><span style=\"color: #008080\"> Pablo Manuel D\u00edaz Garc\u00eda<\/span><\/strong>, nome real de <span style=\"color: #008080\"><strong>Tever<\/strong><\/span>, nel que amiesta m\u00fasica tradicional y nueves teunolox\u00edes, y que va contar con seis histories visuales. Nesta ocasi\u00f3n, el gaiteru esperimenta con los son\u00edos tan carauter\u00edsticos de los videoxuegos de la d\u00e9cada de los 80 y primeros a\u00f1os de los 90.<\/span><\/em><\/p>\n<ul>\n<li><em><strong>Pablo Manuel D\u00edaz Garc\u00eda <a href=\"https:\/\/es.wikipedia.org\/wiki\/Tever\">Wikipedia<\/a><br \/>\n<\/strong><\/em><\/li>\n<li><em><a href=\"http:\/\/camindefierro.es\/\"><strong>Banda Gaites Cam\u00edn de Fierro<\/strong><\/a><\/em><\/li>\n<\/ul>\n<p><em><span style=\"font-size: 20px\"><strong>Tever ye un gaiteru asturianu, maestru gaiteru ya inxenieru inform\u00e1ticu<\/strong>. Miembru de la <a href=\"http:\/\/camindefierro.es\/\"><strong><span style=\"color: #008080\">Banda Gaites Cam\u00edn de Fierro<\/span><\/strong><\/a> y autoproductor de los sos propios proyectos musicales. Como parte del so trabayu col desenvolvimientu inform\u00e1ticu, tien delles ll\u00ednees de trabayu enfocaes a la docencia musical utilizando nueves tecnolox\u00edes.<\/span><\/em><\/p>\n<p style=\"text-align: center\"><img loading=\"lazy\" decoding=\"async\" class=\"alignnone \" src=\"http:\/\/camindefierro.es\/wp-content\/uploads\/2019\/04\/logoMenu.png\" width=\"188\" height=\"125\" \/><\/p>\n<h1 class=\"font-size-xxl margin-b-5 font-weight-b color-b-050 letter-spacing--1\" style=\"text-align: center\"><span style=\"color: #008080\"><em><span style=\"font-size: 28px\">&#8216;Tever&#8217;, un maestru de la gaita que fusiona tradici\u00f3n y vanguardia<br \/>\n<\/span><\/em><a href=\"https:\/\/www.rtpa.es\/noticias-asturias-ast:'Tever',-un-maestro-de-la-gaita-que-fusiona-tradicion-y-vanguardia_111606727622.html?fbclid=IwAR1VuQHJuGihoXjK9PcNSl6xNH_x3RXyQ6i7vC1tOuC25INUBDmAZ8GIJok\"><span style=\"font-size: 20px\">Fonte: RTPA 30 payares 2020<\/span><\/a><em><span style=\"font-size: 28px\"><br \/>\n<\/span><\/em><\/span><\/h1>\n<section class=\"contenido pull-top-contenido\">\n<div class=\"container\">\n<div class=\"row\">\n<div class=\"col-lg-8 col-md-12 col-xs-12\">\n<div id=\"noticiacompleta\" class=\"contenido-padding-resp parragraph-padding font-c-conent\">\n<h4 class=\"font-size-l padding-b-20\"><em><span style=\"font-size: 20px\">Ferramientes del nuestru tiempu al serviciu del espardimientu y caltenimientu de la tradicional musical.<a href=\"https:\/\/www.rtpa.es\/noticias-asturias-ast:'Tever',-un-maestro-de-la-gaita-que-fusiona-tradicion-y-vanguardia_111606727622.html?fbclid=IwAR1VuQHJuGihoXjK9PcNSl6xNH_x3RXyQ6i7vC1tOuC25INUBDmAZ8GIJok\"> VER VIDEU<\/a><\/span><\/em><\/h4>\n<p><em><span style=\"font-size: 20px\">Pablo Manuel D\u00edaz Garc\u00eda, m\u00e1s conoc\u00edu como &#8216;Tever&#8217;, ye un maestru de gaita teberganu que lleva tola so carrera fusionando tradici\u00f3n y vanguardia.<\/span><\/em><\/p>\n<p><em><span style=\"font-size: 20px\">Usando les nueves tecnolox\u00edes, desendolc\u00f3 ferramientes pa dar clases interactives de gaita o de pianu, como un punteru de gaita fabric\u00e1u con una impresora 3D.<\/span><\/em><\/p>\n<p><em><span style=\"font-size: 20px\">Ferramientes del nuestru tiempu al serviciu del espardimientu y caltenimientu de la tradici\u00f3n musical. Un oxetivu que Tever persigue tami\u00e9n nunu de los sos \u00faltimos trabayos, un rexistru de los gaiteros de Proaza y Teberga que s\u2019asoleyar\u00e1 nun llibru.<\/span><\/em><\/p>\n<p><em><span style=\"font-size: 20px\">Profesor na Escuela de M\u00fasica de los Valles del Osu, con formaci\u00f3n como Inxenieru Inform\u00e1ticu, esti a\u00f1u entam\u00f3 la so carrera musical en solitario amestando\u2019l son\u00edu de la gaita col reguet\u00f3n.<\/span><\/em><\/p>\n<\/div>\n<\/div>\n<div class=\"col-lg-4 col-md-12 col-xs-12\">\n<div class=\"cover-intro-detalle-noticia\">\n<div class=\"cover-padding-resp padding-b-15 padding-l-16\">\n<h5 class=\"position-r display-b\"><span class=\"font-size-xs text-trans-u\">\u00a0<\/span><\/h5>\n<\/div>\n<div class=\"display-t table-layout-f width-0100\"><\/div>\n<\/div>\n<div id=\"ctd-noticias-relacionadas\"><\/div>\n<div class=\"margin-t-20 margin-b-20\"><\/div>\n<\/div>\n<\/div>\n<\/div>\n<\/section>\n<p>&nbsp;<\/p>\n<div class=\"iframecont\"><\/div>\n<h1 class=\"title page-title\"><em>\u00a0<\/em><\/h1>\n","protected":false},"excerpt":{"rendered":"<p>Noticia d\u00b4Asturies.com 12 Xineru, 2021 por Pablo R. Guardado \u2018Gaita hero\u2019, el tema de Tever que tami\u00e9n ye un videoxuegu Tever fusiona&#8217;l salt\u00f3n y el reggaeton na so segunda propuesta audiovisual<\/p>\n","protected":false},"author":117,"featured_media":0,"comment_status":"open","ping_status":"open","sticky":false,"template":"","format":"standard","meta":{"footnotes":""},"categories":[29,35,124],"tags":[],"class_list":["post-3037","post","type-post","status-publish","format-standard","hentry","category-articulos","category-musica","category-videoxuegos"],"_links":{"self":[{"href":"https:\/\/edublog.educastur.es\/ixuxu\/wp-json\/wp\/v2\/posts\/3037","targetHints":{"allow":["GET"]}}],"collection":[{"href":"https:\/\/edublog.educastur.es\/ixuxu\/wp-json\/wp\/v2\/posts"}],"about":[{"href":"https:\/\/edublog.educastur.es\/ixuxu\/wp-json\/wp\/v2\/types\/post"}],"author":[{"embeddable":true,"href":"https:\/\/edublog.educastur.es\/ixuxu\/wp-json\/wp\/v2\/users\/117"}],"replies":[{"embeddable":true,"href":"https:\/\/edublog.educastur.es\/ixuxu\/wp-json\/wp\/v2\/comments?post=3037"}],"version-history":[{"count":5,"href":"https:\/\/edublog.educastur.es\/ixuxu\/wp-json\/wp\/v2\/posts\/3037\/revisions"}],"predecessor-version":[{"id":3039,"href":"https:\/\/edublog.educastur.es\/ixuxu\/wp-json\/wp\/v2\/posts\/3037\/revisions\/3039"}],"wp:attachment":[{"href":"https:\/\/edublog.educastur.es\/ixuxu\/wp-json\/wp\/v2\/media?parent=3037"}],"wp:term":[{"taxonomy":"category","embeddable":true,"href":"https:\/\/edublog.educastur.es\/ixuxu\/wp-json\/wp\/v2\/categories?post=3037"},{"taxonomy":"post_tag","embeddable":true,"href":"https:\/\/edublog.educastur.es\/ixuxu\/wp-json\/wp\/v2\/tags?post=3037"}],"curies":[{"name":"wp","href":"https:\/\/api.w.org\/{rel}","templated":true}]}}