{"id":30531,"date":"2024-09-05T09:15:50","date_gmt":"2024-09-05T07:15:50","guid":{"rendered":"https:\/\/edublog.educastur.es\/ixuxu\/?p=30531"},"modified":"2024-09-05T17:37:32","modified_gmt":"2024-09-05T15:37:32","slug":"fervor-pol-ave-nasturies","status":"publish","type":"post","link":"https:\/\/edublog.educastur.es\/ixuxu\/2024\/09\/fervor-pol-ave-nasturies\/","title":{"rendered":"Fervor pol AVE n&#8217;Asturies"},"content":{"rendered":"<ul>\n<li><a href=\"https:\/\/www.lne.es\/asturias\/2024\/09\/05\/fervor-ave-asturias-brutal-cifra-107759527.html?utm_medium=Social&amp;utm_campaign=Echobox&amp;utm_source=Facebook&amp;fbclid=IwY2xjawFGhG9leHRuA2FlbQIxMQABHYhk778fjKZe9AdQN74II3QNy8xsCHti0Tr_IJN845qeI6RW4Ht7FFhWDw_aem_Qm8u-dZvnl61Zh0Rve9Tkw#Echobox=1725512994\">LNE<\/a> \/<span style=\"text-decoration: underline\"><span style=\"color: #800080;text-decoration: underline\"><em><strong> AVE: Alta Velocid\u00e1 Espa\u00f1ola<\/strong><\/em><\/span><\/span><\/li>\n<li>La Corredoria, Uvi\u00e9u \/<span class=\"valueWrap\" title=\"Ver Ficha (el enlace se abre en nueva ventana)\"><a href=\"http:\/\/data.renfe.com\/files\/estaciones\/FichaEstacion15217.pdf\" target=\"_blank\" rel=\"noopener\">Ver Ficha<\/a><\/span>\/<span class=\"valueWrap\" title=\"Ver Ubicaci\u00f3n (el enlace se abre en nueva ventana)\"><a href=\"https:\/\/www.google.es\/maps?q=43.387845,-5.826901\" target=\"_blank\" rel=\"noopener\">Ver Ubicaci\u00f3n<\/a><\/span><\/li>\n<\/ul>\n<p style=\"text-align: center\"><a href=\"https:\/\/estaticos-cdn.prensaiberica.es\/clip\/8f5e4bc2-89b9-408e-9ffc-9351bc1bda90_16-9-discover-aspect-ratio_default_0.webp\"><img loading=\"lazy\" decoding=\"async\" class=\"aligncenter \" src=\"https:\/\/estaticos-cdn.prensaiberica.es\/clip\/8f5e4bc2-89b9-408e-9ffc-9351bc1bda90_16-9-discover-aspect-ratio_default_0.webp\" width=\"710\" height=\"399\" \/><\/a><\/p>\n<p>Fervor pol AVE n&#8217;Asturies: la brutal cifra qu&#8217;abre la puerta a que la rex\u00f3n pida m\u00e1s frecuencies. El porcentaxe mediu de viaxeros de mayu a agostu na rex\u00f3n alzose al 94,4 per cientu, percima del corredor ente Madrid y Barcelona.<\/p>\n<ul>\n<li><span style=\"color: #800080\">Recorr\u00edu: <em><strong>Xix\u00f3n &#8211; Uvi\u00e9u &#8211; Mieres &#8211; Pola L.lena &#8211; Lli\u00f3n &#8211; Palencia &#8211; Valladolid &#8211; \u00c1vila &#8211; Segovia &#8211; Madrid<\/strong><\/em><\/span><\/li>\n<\/ul>\n<p>&nbsp;<\/p>\n<p><!--more--><\/p>\n<p style=\"text-align: center\"><a href=\"https:\/\/asturias.com\/wp-content\/uploads\/2023\/12\/mapa-ave-madrid-asturias.jpg\"><img loading=\"lazy\" decoding=\"async\" class=\"aligncenter size-full\" src=\"https:\/\/asturias.com\/wp-content\/uploads\/2023\/12\/mapa-ave-madrid-asturias.jpg\" width=\"956\" height=\"636\" \/><\/a><\/p>\n<p><a href=\"https:\/\/s03.s3c.es\/imag\/_v0\/1200x779\/c\/4\/9\/mapa-web-recorrido-ave-madrid-asturias-enrique-boyero.jpg\"><img loading=\"lazy\" decoding=\"async\" class=\"aligncenter size-full\" src=\"https:\/\/s03.s3c.es\/imag\/_v0\/1200x779\/c\/4\/9\/mapa-web-recorrido-ave-madrid-asturias-enrique-boyero.jpg\" width=\"1200\" height=\"779\" \/><\/a><\/p>\n<p style=\"text-align: center\"><a href=\"https:\/\/cdn.businessinsider.es\/sites\/navi.axelspringer.es\/public\/media\/image\/2018\/06\/ave-tren-renfe.jpg?tf=1200x900\"><img loading=\"lazy\" decoding=\"async\" class=\"aligncenter size-full\" src=\"https:\/\/cdn.businessinsider.es\/sites\/navi.axelspringer.es\/public\/media\/image\/2018\/06\/ave-tren-renfe.jpg?tf=1200x900\" width=\"1200\" height=\"900\" \/><\/a><\/p>\n<p style=\"text-align: center\"><a href=\"https:\/\/estaticos-cdn.prensaiberica.es\/clip\/d487dbae-adc2-4e50-9d31-ed9c68f39317_16-9-discover-aspect-ratio_default_0.jpg\"><img loading=\"lazy\" decoding=\"async\" class=\"aligncenter size-full\" src=\"https:\/\/estaticos-cdn.prensaiberica.es\/clip\/d487dbae-adc2-4e50-9d31-ed9c68f39317_16-9-discover-aspect-ratio_default_0.jpg\" width=\"1200\" height=\"675\" \/><\/a><\/p>\n","protected":false},"excerpt":{"rendered":"<p>LNE \/ AVE: Alta Velocid\u00e1 Espa\u00f1ola La Corredoria, Uvi\u00e9u \/Ver Ficha\/Ver Ubicaci\u00f3n Fervor pol AVE n&#8217;Asturies: la brutal cifra qu&#8217;abre la puerta a que la rex\u00f3n pida m\u00e1s frecuencies. El porcentaxe mediu de viaxeros de mayu a agostu na rex\u00f3n alzose al 94,4 per cientu, percima del corredor ente Madrid y Barcelona. Recorr\u00edu: Xix\u00f3n &#8211; [&hellip;]<\/p>\n","protected":false},"author":117,"featured_media":0,"comment_status":"open","ping_status":"open","sticky":false,"template":"","format":"standard","meta":{"footnotes":""},"categories":[232],"tags":[],"class_list":["post-30531","post","type-post","status-publish","format-standard","hentry","category-tresportes"],"_links":{"self":[{"href":"https:\/\/edublog.educastur.es\/ixuxu\/wp-json\/wp\/v2\/posts\/30531","targetHints":{"allow":["GET"]}}],"collection":[{"href":"https:\/\/edublog.educastur.es\/ixuxu\/wp-json\/wp\/v2\/posts"}],"about":[{"href":"https:\/\/edublog.educastur.es\/ixuxu\/wp-json\/wp\/v2\/types\/post"}],"author":[{"embeddable":true,"href":"https:\/\/edublog.educastur.es\/ixuxu\/wp-json\/wp\/v2\/users\/117"}],"replies":[{"embeddable":true,"href":"https:\/\/edublog.educastur.es\/ixuxu\/wp-json\/wp\/v2\/comments?post=30531"}],"version-history":[{"count":6,"href":"https:\/\/edublog.educastur.es\/ixuxu\/wp-json\/wp\/v2\/posts\/30531\/revisions"}],"predecessor-version":[{"id":30553,"href":"https:\/\/edublog.educastur.es\/ixuxu\/wp-json\/wp\/v2\/posts\/30531\/revisions\/30553"}],"wp:attachment":[{"href":"https:\/\/edublog.educastur.es\/ixuxu\/wp-json\/wp\/v2\/media?parent=30531"}],"wp:term":[{"taxonomy":"category","embeddable":true,"href":"https:\/\/edublog.educastur.es\/ixuxu\/wp-json\/wp\/v2\/categories?post=30531"},{"taxonomy":"post_tag","embeddable":true,"href":"https:\/\/edublog.educastur.es\/ixuxu\/wp-json\/wp\/v2\/tags?post=30531"}],"curies":[{"name":"wp","href":"https:\/\/api.w.org\/{rel}","templated":true}]}}