{"id":30558,"date":"2024-09-04T22:10:27","date_gmt":"2024-09-04T20:10:27","guid":{"rendered":"https:\/\/edublog.educastur.es\/ixuxu\/?p=30558"},"modified":"2024-09-05T17:53:09","modified_gmt":"2024-09-05T15:53:09","slug":"30558","status":"publish","type":"post","link":"https:\/\/edublog.educastur.es\/ixuxu\/2024\/09\/30558\/","title":{"rendered":"Asina funciona&#8217;l sanatoriu del Acuariu de Xix\u00f3n"},"content":{"rendered":"<ul>\n<li>Fonte:<a href=\"https:\/\/www.lne.es\/fotos\/gijon\/2024\/09\/04\/funciona-sanatorio-acuario-gijon-imagenes-107735072.html?sfnsn=scwspwa\"> LNE<\/a> \/ <a href=\"https:\/\/acuariogijon.es\/inauguracion-del-crama\/\">Inauguraci\u00f3n CRAMA<\/a> \/ <strong><a href=\"https:\/\/acuariogijon.es\/\"><em><span style=\"color: #008080\">https:\/\/acuariogijon.es\/<\/span><\/em><\/a><\/strong><\/li>\n<\/ul>\n<p>Asina funciona&#8217;l sanatoriu del Acuariu de Xix\u00f3n: dos tort\u00faes bobes recuperaes para volver al mar. Los animales, unu con una aleta amputada y otru ensin un g\u00fceyu, llistos para volver al mar: <em>\u00abT\u00e1n perfectos\u00bb. \u00abY\u00e1 t\u00e1n perfectes para volver al mar\u00bb<\/em>. Son palabres de Susana Acle, responsable de Veterinaria ya Investigaci\u00f3n del Bioparc Acuariu de Xix\u00f3n. Nel<a href=\"https:\/\/fundacionbioparc.org\/conoce-nuestro-centro-de-recuperacion-de-animales-marinos-de-asturias-crama-en-bioparc-acuario-de-gijon\/\"><span style=\"color: #008080\"><strong> Centru de Recuperaci\u00f3n d&#8217;Animales Marinos d&#8217;Asturies (CRAMA),<\/strong><\/span><\/a> allug\u00e1u ell\u00ed, aguarden para retornar al Cant\u00e1bricu dos tort\u00faes bobes rehabilitaes nes instalaciones.<\/p>\n<p style=\"text-align: center\"><a href=\"https:\/\/estaticos-cdn.prensaiberica.es\/clip\/706b373b-43cd-4b5d-91f2-79a7a3ad5aa9_source-aspect-ratio_default_0.jpg\"><img loading=\"lazy\" decoding=\"async\" class=\"aligncenter size-full\" src=\"https:\/\/estaticos-cdn.prensaiberica.es\/clip\/706b373b-43cd-4b5d-91f2-79a7a3ad5aa9_source-aspect-ratio_default_0.jpg\" width=\"1920\" height=\"1280\" \/><\/a><\/p>\n<p><!--more--><\/p>\n<p>La idea yera reintroduciles nel mediu mar\u00edn esti martes, pero l&#8217;equipu del CRAMA y la Direcci\u00f3n Xeneral de Pesca del Princip\u00e1u tornaron esa posibilid\u00e1 poles desfavorables condiciones de les ag\u00fces.<\/p>\n<p style=\"text-align: center\"><a href=\"https:\/\/estaticos-cdn.prensaiberica.es\/clip\/e84ddf79-8f94-4103-86e1-c2bb9611eafd_source-aspect-ratio_default_0.jpg\"><img loading=\"lazy\" decoding=\"async\" class=\"aligncenter size-full\" src=\"https:\/\/estaticos-cdn.prensaiberica.es\/clip\/e84ddf79-8f94-4103-86e1-c2bb9611eafd_source-aspect-ratio_default_0.jpg\" width=\"1920\" height=\"1280\" \/><\/a><\/p>\n<p><a href=\"https:\/\/estaticos-cdn.prensaiberica.es\/clip\/9b4392c1-0258-454c-8402-eaaa566f4a50_source-aspect-ratio_default_0.jpg\"><img loading=\"lazy\" decoding=\"async\" class=\"aligncenter size-full\" src=\"https:\/\/estaticos-cdn.prensaiberica.es\/clip\/9b4392c1-0258-454c-8402-eaaa566f4a50_source-aspect-ratio_default_0.jpg\" width=\"1920\" height=\"1280\" \/><\/a><\/p>\n<p><strong>BIOPARC Acuariu de Xix\u00f3n, un centru habilit\u00e1u para la recoyida d&#8217;animales selvaxes, como tort\u00faes o foques.<\/strong> Animales qu&#8217;apaecen, desgraciadamente, varaos nes mari\u00f1es del Princip\u00e1u d&#8217;Asturies que precisen ser rescataos pol personal de la Rede de Varamientos.<\/p>\n<p>Nes nueses instalaciones<strong> tenemos cubes para agospiar a los animales recoy\u00edos<\/strong>, y tami\u00e9n, zones auxiliares como<strong> un llaboratoriu para anal\u00edtiques y el so posterior toma de datos.<\/strong> El BIOPARC Acuariu de Xix\u00f3n ta nun llugar privilex\u00e1u para una see d&#8217;esti tipu y\u00e1 que, ente otres coses, <strong>tien accesu directu a l&#8217;agua de mar<\/strong>. Ensin resalvar, el gran llabor que desempe\u00f1a&#8217;l nuesu personal, apurriendo ilusi\u00f3n, alta cualificaci\u00f3n, amplies conocencies y munchos a\u00f1os d&#8217;esperiencia pa tratar y recuperar a esta tipolox\u00eda d&#8217;animales.<\/p>\n<p>El centru inaugurose con una inquilina, una tort\u00faa boba que pes\u00f3 1,867 quilos cuando foi recoyida pol Princip\u00e1u. Por cuenta de el so mala traza, tuvimos que toye-y xuna pata, lo que trai que nestos momentos siga recuper\u00e1ndose y acostum\u00e1ndose a nadar con 3 aletes por que pueda consiguir el so propiu alimentu. Tamos bien satisfechos col so ameyoramientu y\u00e1 que angua\u00f1o pesa 3,630 quilos, y si sigue con esta progresi\u00f3n va completar la so recuperaci\u00f3n pa volver al mar.<\/p>\n<p><strong>El trabayu de recuperaci\u00f3n va xun\u00edu a llabores d&#8217;investigaci\u00f3n<\/strong> que&#8217;l so fin, ye poder ampliar la conocencia cient\u00edfica-t\u00e9cnicu de la fauna marina, de la situaci\u00f3n de contaminaci\u00f3n de los oc\u00e9anos y a ayudar a protexer el mediu ambiente.<\/p>\n<p>Otru de los nuesos oxetivos fundamentales, ye enfocanos na <strong>educaci\u00f3n y la divulgaci\u00f3n<\/strong>. Y\u00e1 que tamos convenc\u00edos, de que ye&#8217;l meyor mediu pa sensibilizar a la ciudadan\u00eda sobro la importancia del caltenimientu del mediu ambiente. Y que meyor que crear acciones pa los nuesos mozos y ne\u00f1os, que son el nuesu futuru, hasta la fecha rexuntemos a m\u00e1s de 1.800 estudiantes de toles edaes.<\/p>\n","protected":false},"excerpt":{"rendered":"<p>Fonte: LNE \/ Inauguraci\u00f3n CRAMA \/ https:\/\/acuariogijon.es\/ Asina funciona&#8217;l sanatoriu del Acuariu de Xix\u00f3n: dos tort\u00faes bobes recuperaes para volver al mar. Los animales, unu con una aleta amputada y otru ensin un g\u00fceyu, llistos para volver al mar: \u00abT\u00e1n perfectos\u00bb. \u00abY\u00e1 t\u00e1n perfectes para volver al mar\u00bb. Son palabres de Susana Acle, responsable de [&hellip;]<\/p>\n","protected":false},"author":117,"featured_media":0,"comment_status":"open","ping_status":"open","sticky":false,"template":"","format":"standard","meta":{"footnotes":""},"categories":[15],"tags":[],"class_list":["post-30558","post","type-post","status-publish","format-standard","hentry","category-museos"],"_links":{"self":[{"href":"https:\/\/edublog.educastur.es\/ixuxu\/wp-json\/wp\/v2\/posts\/30558","targetHints":{"allow":["GET"]}}],"collection":[{"href":"https:\/\/edublog.educastur.es\/ixuxu\/wp-json\/wp\/v2\/posts"}],"about":[{"href":"https:\/\/edublog.educastur.es\/ixuxu\/wp-json\/wp\/v2\/types\/post"}],"author":[{"embeddable":true,"href":"https:\/\/edublog.educastur.es\/ixuxu\/wp-json\/wp\/v2\/users\/117"}],"replies":[{"embeddable":true,"href":"https:\/\/edublog.educastur.es\/ixuxu\/wp-json\/wp\/v2\/comments?post=30558"}],"version-history":[{"count":8,"href":"https:\/\/edublog.educastur.es\/ixuxu\/wp-json\/wp\/v2\/posts\/30558\/revisions"}],"predecessor-version":[{"id":30566,"href":"https:\/\/edublog.educastur.es\/ixuxu\/wp-json\/wp\/v2\/posts\/30558\/revisions\/30566"}],"wp:attachment":[{"href":"https:\/\/edublog.educastur.es\/ixuxu\/wp-json\/wp\/v2\/media?parent=30558"}],"wp:term":[{"taxonomy":"category","embeddable":true,"href":"https:\/\/edublog.educastur.es\/ixuxu\/wp-json\/wp\/v2\/categories?post=30558"},{"taxonomy":"post_tag","embeddable":true,"href":"https:\/\/edublog.educastur.es\/ixuxu\/wp-json\/wp\/v2\/tags?post=30558"}],"curies":[{"name":"wp","href":"https:\/\/api.w.org\/{rel}","templated":true}]}}