{"id":30567,"date":"2024-09-05T17:56:53","date_gmt":"2024-09-05T15:56:53","guid":{"rendered":"https:\/\/edublog.educastur.es\/ixuxu\/?p=30567"},"modified":"2024-09-05T18:11:41","modified_gmt":"2024-09-05T16:11:41","slug":"30567","status":"publish","type":"post","link":"https:\/\/edublog.educastur.es\/ixuxu\/2024\/09\/30567\/","title":{"rendered":"El Princip\u00e1u inaugura \u00abLes Escuelines\u00bb"},"content":{"rendered":"<ul>\n<li>Les Escuelines: Fonte: LNE \/ <a href=\"https:\/\/estaticos-cdn.prensaiberica.es\/clip\/acfc433f-6b19-4522-8d00-5169e95a11ba_16-9-aspect-ratio_default_0.jpg\">imaxe<\/a> \/<a href=\"https:\/\/mas.lne.es\/escuelinas\/?_gl=1*zn6jc5*_ga*MjI0NTEzODcwLjE3MjU1NTA5MzE.*_ga_LH29TC7DZF*MTcyNTU1MDkzMS4xLjEuMTcyNTU1MTA2OC4yLjAuMA..\"> mapa<\/a> \/<\/li>\n<\/ul>\n<p style=\"text-align: center\"><a href=\"https:\/\/estaticos-cdn.prensaiberica.es\/clip\/acfc433f-6b19-4522-8d00-5169e95a11ba_16-9-aspect-ratio_default_0.jpg\"><img loading=\"lazy\" decoding=\"async\" class=\"aligncenter size-full\" src=\"https:\/\/estaticos-cdn.prensaiberica.es\/clip\/acfc433f-6b19-4522-8d00-5169e95a11ba_16-9-aspect-ratio_default_0.jpg\" width=\"880\" height=\"495\" \/><\/a><\/p>\n<p>El Gobiernu d&#8217;Asturies inaugur\u00f3 esti xueves los cinco primeros centros de 0 a 3 a\u00f1os de la rede auton\u00f3mica, p\u00fablica y gratuita \u00abLes Escuelines\u00bb:\u00a0 Los Esguinos, de Trev\u00edas (<strong>Vald\u00e9s<\/strong>); As Paxar\u00edas, de <strong>Bual<\/strong>, y Los Pequen\u00edos, de <strong>Villay\u00f3n<\/strong>. Otres dos qu&#8217;abrieron g\u00fcei les sos puertes son Los Indianinos, de Colombres<strong> (Ribedeva)<\/strong>, y La Bra\u00f1ona, de Panes (<strong>Pe\u00f1amellera Baxa<\/strong>), a les que la conseyera va mover en pr\u00f3ximes feches. Ta previstu que n&#8217;ochobre puedan abrise\u00a0 otros cuatro centros: La Veiga, de Sotu (<strong>Sotu&#8217;l Barcu<\/strong>); La Cuevona d\u00b4Av\u00edn, de Benia (<strong>On\u00eds<\/strong>); Vos Ferreir\u00edos, de<strong> Santalla d&#8217;Ozcos<\/strong>, y Vos Esgu\u00edn, de<strong> Santiso d&#8217;Abres.<\/strong><\/p>\n<p><!--more--><a href=\"http:\/\/edublog.educastur.es\/corredoria3\/files\/2021\/02\/concejos_asturianos_web.jpg\"><img loading=\"lazy\" decoding=\"async\" class=\"aligncenter size-full\" src=\"http:\/\/edublog.educastur.es\/corredoria3\/files\/2021\/02\/concejos_asturianos_web.jpg\" width=\"1752\" height=\"1238\" \/><\/a><\/p>\n","protected":false},"excerpt":{"rendered":"<p>Les Escuelines: Fonte: LNE \/ imaxe \/ mapa \/ El Gobiernu d&#8217;Asturies inaugur\u00f3 esti xueves los cinco primeros centros de 0 a 3 a\u00f1os de la rede auton\u00f3mica, p\u00fablica y gratuita \u00abLes Escuelines\u00bb:\u00a0 Los Esguinos, de Trev\u00edas (Vald\u00e9s); As Paxar\u00edas, de Bual, y Los Pequen\u00edos, de Villay\u00f3n. Otres dos qu&#8217;abrieron g\u00fcei les sos puertes son [&hellip;]<\/p>\n","protected":false},"author":117,"featured_media":0,"comment_status":"open","ping_status":"open","sticky":false,"template":"","format":"standard","meta":{"footnotes":""},"categories":[341],"tags":[],"class_list":["post-30567","post","type-post","status-publish","format-standard","hentry","category-escuelines"],"_links":{"self":[{"href":"https:\/\/edublog.educastur.es\/ixuxu\/wp-json\/wp\/v2\/posts\/30567","targetHints":{"allow":["GET"]}}],"collection":[{"href":"https:\/\/edublog.educastur.es\/ixuxu\/wp-json\/wp\/v2\/posts"}],"about":[{"href":"https:\/\/edublog.educastur.es\/ixuxu\/wp-json\/wp\/v2\/types\/post"}],"author":[{"embeddable":true,"href":"https:\/\/edublog.educastur.es\/ixuxu\/wp-json\/wp\/v2\/users\/117"}],"replies":[{"embeddable":true,"href":"https:\/\/edublog.educastur.es\/ixuxu\/wp-json\/wp\/v2\/comments?post=30567"}],"version-history":[{"count":7,"href":"https:\/\/edublog.educastur.es\/ixuxu\/wp-json\/wp\/v2\/posts\/30567\/revisions"}],"predecessor-version":[{"id":30574,"href":"https:\/\/edublog.educastur.es\/ixuxu\/wp-json\/wp\/v2\/posts\/30567\/revisions\/30574"}],"wp:attachment":[{"href":"https:\/\/edublog.educastur.es\/ixuxu\/wp-json\/wp\/v2\/media?parent=30567"}],"wp:term":[{"taxonomy":"category","embeddable":true,"href":"https:\/\/edublog.educastur.es\/ixuxu\/wp-json\/wp\/v2\/categories?post=30567"},{"taxonomy":"post_tag","embeddable":true,"href":"https:\/\/edublog.educastur.es\/ixuxu\/wp-json\/wp\/v2\/tags?post=30567"}],"curies":[{"name":"wp","href":"https:\/\/api.w.org\/{rel}","templated":true}]}}