{"id":3060,"date":"2021-01-10T00:02:40","date_gmt":"2021-01-09T22:02:40","guid":{"rendered":"https:\/\/edublog.educastur.es\/ixuxu\/?p=3060"},"modified":"2021-01-16T00:10:03","modified_gmt":"2021-01-15T22:10:03","slug":"musica-asturiana-top-2020","status":"publish","type":"post","link":"https:\/\/edublog.educastur.es\/ixuxu\/2021\/01\/musica-asturiana-top-2020\/","title":{"rendered":"M\u00fasica asturiana: TOP 2020"},"content":{"rendered":"<div>\n<div role=\"button\"><\/div>\n<\/div>\n<section class=\"EDfFK ygqzn\">\n<div class=\"                     Igw0E     IwRSH      eGOV_     ybXk5   vwCYk                                                                                                               \"><\/div>\n<\/section>\n<div class=\"                     Igw0E     IwRSH      eGOV_         _4EzTm                                                                                                              \">\n<div class=\"                     Igw0E     IwRSH      eGOV_         _4EzTm   pjcA_                                                                                                           \">\n<div class=\"            QzzMF         Igw0E     IwRSH      eGOV_        vwCYk                                                                                                               \" style=\"text-align: center\" data-testid=\"post-comment-root\"><span style=\"font-size: 20px\"><em><span class=\"_8Pl3R\">VENTES F\u00cdSIQUES\u00a0 En 2020 musicasturiana.com vendi\u00f3 m\u00e1s de 500 CDs\u00a0<\/span><\/em><\/span><\/div>\n<div class=\"            QzzMF         Igw0E     IwRSH      eGOV_        vwCYk                                                                                                               \" style=\"text-align: center\" data-testid=\"post-comment-root\"><span class=\"_8Pl3R\" style=\"font-size: 20px\"><em> Milenta gracies a tola xente que sigu\u00eds mercando m\u00fasica en formatu f\u00edsicu<\/em><\/span><\/div>\n<div style=\"text-align: center\" data-testid=\"post-comment-root\"><a href=\"https:\/\/www.instagram.com\/musicasturiana\/\"><img loading=\"lazy\" decoding=\"async\" class=\"alignnone\" src=\"https:\/\/instagram.fmad7-1.fna.fbcdn.net\/v\/t51.2885-15\/fr\/e15\/s1080x1080\/138722954_486471222341352_1744984998125208118_n.jpg?_nc_ht=instagram.fmad7-1.fna.fbcdn.net&amp;_nc_cat=100&amp;_nc_ohc=S_-_huCTFw0AX8dkNow&amp;tp=1&amp;oh=51dab9fc7e469cc7be22354397c6256b&amp;oe=602BBBA9\" alt=\"\" width=\"520\" height=\"520\" \/><\/a><\/div>\n<div class=\"            QzzMF         Igw0E     IwRSH      eGOV_        vwCYk                                                                                                               \" data-testid=\"post-comment-root\"><\/div>\n<div class=\"            QzzMF         Igw0E     IwRSH      eGOV_        vwCYk                                                                                                               \" data-testid=\"post-comment-root\"><span class=\"_8Pl3R\" style=\"font-size: 20px\"><strong>\u2b07<em> \u00c9stos son los discos m\u00e1s vend\u00edos:<\/em><\/strong><br \/>\n<em>1\ufe0f\u20e3<a href=\"https:\/\/www.musicasturiana.com\/l\/llan-de-cubel-cd-la-lluz-encesa\/\"> Llan de Cubel &#8216;La Lluz Encesa&#8217;<\/a><\/em><br \/>\n<em>2\ufe0f\u20e3 <a href=\"https:\/\/www.musicasturiana.com\/c\/caldo-y-os-rabizos-llibru-cd-a-musica-tradicional-del-eo-navia\/\">Caldo y Os Rabizos &#8216;A M\u00fasica Tradicional del Eo-Navia&#8217;<\/a><\/em><br \/>\n<em>3\ufe0f\u20e3 Lucas15 &#8216;Lucas 15&#8217;<\/em><br \/>\n<em>4\ufe0f\u20e3<a class=\"notranslate\" href=\"https:\/\/www.instagram.com\/lrpostfolk\/\">@lrpostfolk<\/a> &#8211; &#8216;post-folk-asturianu&#8217;<\/em><br \/>\n<em>5\ufe0f\u20e3<a class=\"notranslate\" href=\"https:\/\/www.instagram.com\/quesada_silvia\/\">@quesada_silvia<\/a> &#8216;Prefiero Ver Llover&#8217;<\/em><br \/>\n<em>6\ufe0f\u20e3<a class=\"notranslate\" href=\"https:\/\/www.instagram.com\/cerezalfolk\/\">@cerezalfolk<\/a> &#8216;La Cereza&#8217;l Cielu&#8217;<\/em><br \/>\n<em>7\ufe0f\u20e3<a class=\"notranslate\" href=\"https:\/\/www.instagram.com\/felpeyuoficial\/\">@felpeyuoficial<\/a> &#8216;Cerquina&#8217;<\/em><br \/>\n<em>8\ufe0f\u20e3<a class=\"notranslate\" href=\"https:\/\/www.instagram.com\/josem.tejedor\/\">@josem.tejedor<\/a> &#8216;Miraes&#8217;<\/em><br \/>\n<em>9\ufe0f\u20e3<a class=\"notranslate\" href=\"https:\/\/www.instagram.com\/evatejedor__lespandereteres\/\">@evatejedor__lespandereteres<\/a> &#8216;L&#8217;Entamu&#8217; <\/em><br \/>\n<em>?<a class=\"notranslate\" href=\"https:\/\/www.instagram.com\/amtmuyeres\/\">@amtmuyeres<\/a> &#8216;Humanes&#8217;<\/em><\/span><\/div>\n<\/div>\n<\/div>\n<div data-testid=\"post-comment-root\"><\/div>\n<div style=\"text-align: center\" data-testid=\"post-comment-root\"><a href=\"https:\/\/www.musicasturiana.com\/l\/llan-de-cubel-cd-la-lluz-encesa\/\"><img loading=\"lazy\" decoding=\"async\" class=\"alignnone\" src=\"https:\/\/d1r2szwlgvj8r7.cloudfront.net\/a2pi\/c-fill\/q-auto-good\/ar-1140-300\/w-1387\/images\/banners\/20191229124348_dgxsrv\/llan-de-cubel.jpg\" alt=\"\" width=\"1387\" height=\"365\" \/><\/a><\/div>\n<div class=\"                     Igw0E     IwRSH      eGOV_         _4EzTm                                                                                                              \">\n<div class=\"                     Igw0E     IwRSH      eGOV_         _4EzTm   pjcA_                                                                                                           \">\n<ul>\n<li class=\"            QzzMF         Igw0E     IwRSH      eGOV_        vwCYk                                                                                                               \" data-testid=\"post-comment-root\"><a href=\"http:\/\/www.musicasturiana.com\"><span class=\"_8Pl3R\"><em><span style=\"font-size: 20px\">www.musicasturiana.com<\/span><\/em><\/span><\/a><\/li>\n<li class=\"            QzzMF         Igw0E     IwRSH      eGOV_        vwCYk                                                                                                               \" data-testid=\"post-comment-root\"><span class=\"_8Pl3R\"><a href=\"https:\/\/www.instagram.com\/musicasturiana\/\"><em><span style=\"font-size: 20px\"><strong>Instagram<\/strong><\/span><\/em><\/a><br \/>\n.<\/span><\/li>\n<\/ul>\n<\/div>\n<\/div>\n","protected":false},"excerpt":{"rendered":"<p>VENTES F\u00cdSIQUES\u00a0 En 2020 musicasturiana.com vendi\u00f3 m\u00e1s de 500 CDs\u00a0 Milenta gracies a tola xente que sigu\u00eds mercando m\u00fasica en formatu f\u00edsicu \u2b07 \u00c9stos son los discos m\u00e1s vend\u00edos: 1\ufe0f\u20e3 Llan de Cubel &#8216;La Lluz Encesa&#8217; 2\ufe0f\u20e3 Caldo y Os Rabizos &#8216;A M\u00fasica Tradicional del Eo-Navia&#8217; 3\ufe0f\u20e3 Lucas15 &#8216;Lucas 15&#8217; 4\ufe0f\u20e3@lrpostfolk &#8211; &#8216;post-folk-asturianu&#8217; 5\ufe0f\u20e3@quesada_silvia &#8216;Prefiero [&hellip;]<\/p>\n","protected":false},"author":117,"featured_media":0,"comment_status":"open","ping_status":"open","sticky":false,"template":"","format":"standard","meta":{"footnotes":""},"categories":[35,125],"tags":[],"class_list":["post-3060","post","type-post","status-publish","format-standard","hentry","category-musica","category-musicasturiana-com"],"_links":{"self":[{"href":"https:\/\/edublog.educastur.es\/ixuxu\/wp-json\/wp\/v2\/posts\/3060","targetHints":{"allow":["GET"]}}],"collection":[{"href":"https:\/\/edublog.educastur.es\/ixuxu\/wp-json\/wp\/v2\/posts"}],"about":[{"href":"https:\/\/edublog.educastur.es\/ixuxu\/wp-json\/wp\/v2\/types\/post"}],"author":[{"embeddable":true,"href":"https:\/\/edublog.educastur.es\/ixuxu\/wp-json\/wp\/v2\/users\/117"}],"replies":[{"embeddable":true,"href":"https:\/\/edublog.educastur.es\/ixuxu\/wp-json\/wp\/v2\/comments?post=3060"}],"version-history":[{"count":2,"href":"https:\/\/edublog.educastur.es\/ixuxu\/wp-json\/wp\/v2\/posts\/3060\/revisions"}],"predecessor-version":[{"id":3062,"href":"https:\/\/edublog.educastur.es\/ixuxu\/wp-json\/wp\/v2\/posts\/3060\/revisions\/3062"}],"wp:attachment":[{"href":"https:\/\/edublog.educastur.es\/ixuxu\/wp-json\/wp\/v2\/media?parent=3060"}],"wp:term":[{"taxonomy":"category","embeddable":true,"href":"https:\/\/edublog.educastur.es\/ixuxu\/wp-json\/wp\/v2\/categories?post=3060"},{"taxonomy":"post_tag","embeddable":true,"href":"https:\/\/edublog.educastur.es\/ixuxu\/wp-json\/wp\/v2\/tags?post=3060"}],"curies":[{"name":"wp","href":"https:\/\/api.w.org\/{rel}","templated":true}]}}