{"id":30629,"date":"2024-09-04T22:15:54","date_gmt":"2024-09-04T20:15:54","guid":{"rendered":"https:\/\/edublog.educastur.es\/ixuxu\/?p=30629"},"modified":"2024-09-12T19:57:00","modified_gmt":"2024-09-12T17:57:00","slug":"30629","status":"publish","type":"post","link":"https:\/\/edublog.educastur.es\/ixuxu\/2024\/09\/30629\/","title":{"rendered":"Les dos tort\u00faes recuperaes nel Acuariu, llistes para volver al mar"},"content":{"rendered":"<div>\n<div id=\"engagement-top\" class=\"ev-em-modals ev-em-modal\"><\/div>\n<\/div>\n<div class=\"v-h-mg-m__w v-h-mg-m__w--2\" style=\"text-align: center\"><a href=\"https:\/\/s2.ppllstatics.com\/elcomercio\/www\/multimedia\/2024\/08\/29\/97587765.jpg\"><img loading=\"lazy\" decoding=\"async\" class=\"aligncenter size-full\" src=\"https:\/\/s2.ppllstatics.com\/elcomercio\/www\/multimedia\/2024\/08\/29\/97587765.jpg\" width=\"1400\" height=\"933\" \/><\/a><\/div>\n<ul>\n<li class=\"v-a-img-c v-a-img-c--fw-xs\">Fonte: <a href=\"https:\/\/www.elcomercio.es\/gijon\/dos-tortugas-recuperadas-acuario-listas-volver-mar-20240830223254-nt.html?ref=https%3A%2F%2Fwww.google.com%2F\">El Comercio<\/a> \/ <a href=\"https:\/\/www.eldiario.es\/asturias\/tortugas-bobas-llegaron-colombia-costa-asturiana-vuelven-mar-meses-recuperacion_1_11632036.html\">El Diario<\/a> \/<\/li>\n<\/ul>\n<div class=\"v-a-info-c \">\n<p class=\"v-a-sub-t\">Una perdi\u00f3 una aleta por culpa de la presencia de pl\u00e1sticos na agua y otra, un g\u00fceyu. <strong>Van ser reintegraes al so mediu natural.<\/strong> Y\u00e1 dafechu recuperaes, lleg\u00f3&#8217;l momentu de que vuelvan al mar. De lliberales. La tort\u00faa boba qu&#8217;a principios de 2023 estren\u00f3 les instalaciones del Centru de Recuperaci\u00f3n d&#8217;Animales Marinos d&#8217;Asturies (CRAMA), allug\u00e1u nel Acuariu, y la que lleg\u00f3 fai unos pocos meses \u00abt\u00e1n llistes para ser reintroduc\u00edes nel so mediu natural\u00bb.<\/p>\n<\/div>\n<p><!--more--><\/p>\n<p>El martes van abandonar el tanque onde se recuperaron estos \u00faltimos meses pa, a bordu d&#8217;una embarcaci\u00f3n de la Direcci\u00f3n Xeneral de Pesca del Princip\u00e1u d&#8217;Asturies, ser llevaes a delles milles de la mari\u00f1a, onde van ser soltaes. Pa la so lliberaci\u00f3n, pens\u00f3se en \u00abuna zona segura, llue\u00f1e de los peligros de la mari\u00f1a, como los anzuelos de pesca o les embarcaciones\u00bb. Tou ta llistu pa la so lliberaci\u00f3n, que se va llevar a cabu si les condiciones meteorol\u00f3xiques dexen y con una temperatura de l&#8217;agua que s&#8217;espera tea ente 19 y 20 graos.<\/p>\n<p style=\"text-align: center\"><a href=\"https:\/\/s1.ppllstatics.com\/elcomercio\/www\/multimedia\/2024\/08\/29\/tor2-kAOI--650x455@El%20Comercio.jpg\"><img loading=\"lazy\" decoding=\"async\" class=\"aligncenter size-full\" src=\"https:\/\/s1.ppllstatics.com\/elcomercio\/www\/multimedia\/2024\/08\/29\/tor2-kAOI--650x455@El%20Comercio.jpg\" width=\"649\" height=\"455\" \/><\/a><\/p>\n<p>La suelta non solo va marcar la torna de les tort\u00faes al mar. El CRAMA pretende que tenga tami\u00e9n un componente educativu y de sensibilizaci\u00f3n.<\/p>\n<p>Espaciu informativu. Asina, nel Muelle de Tr\u00e1nsitu, al pie de les oficines del Puertu Deportivu, va instalase un espaciu informativu \u2013que va cuntar con una mesa con material educativo y va tar atend\u00edu por personal d&#8217;Educaci\u00f3n del Bioparc Acuariu de Xix\u00f3n\u2013 empobin\u00e1u a ne\u00f1os, families y cualesquier comenenciudu n&#8217;aprender sobro&#8217;l caltenimientu de les tort\u00faes marines y los peligros acomu\u00f1aos a la contaminaci\u00f3n pl\u00e1stica. <strong>L&#8217;oxetivu ye consiguir que cada vez m\u00e1s xente arr\u00e9yese viviegamente na preservaci\u00f3n del mediu ambiente mar\u00edn.<\/strong><\/p>\n<p>Precisamente, la presencia de pl\u00e1sticos nel mar foi lo que llev\u00f3 a la primer tort\u00faa, l&#8217;atopada en Ba\u00f1ugues, a les instalaciones del CRAMA. Cuando foi rescatada atoparonla en condiciones cr\u00edtiques, con una aleta esga\u00f1ada por pl\u00e1sticos y con presencia de restos pl\u00e1sticos nel so est\u00f3magu. A la fin, hubo que toye-y l&#8217;aleta estropiada. La so recuperaci\u00f3n foi aballadora, rigorosa y lenta, d\u00e1u&#8217;l so est\u00e1u. Pero les pruebes de nataci\u00f3n en fondura a les que se-y someti\u00f3 demuestren que ta llista pa volver al mar.<\/p>\n<p style=\"text-align: center\"><a href=\"https:\/\/static.eldiario.es\/clip\/c9133f94-b757-4ee9-900d-d21879a3ea91_16-9-discover-aspect-ratio_default_0.webp\"><img loading=\"lazy\" decoding=\"async\" class=\"aligncenter size-full\" src=\"https:\/\/static.eldiario.es\/clip\/c9133f94-b757-4ee9-900d-d21879a3ea91_16-9-discover-aspect-ratio_default_0.webp\" width=\"1200\" height=\"675\" \/><\/a><\/p>\n<p><strong>Tresmisor. <\/strong>El llunes, un d\u00eda antes de la suelta, va asiti\u00e1se-y un tresmisor que va ayudar a realiza-y un siguimientu m\u00e1s refechu. Seg\u00fan espliquen fontes del CRAMA, ta descritu qu&#8217;estos individuos, inclusive con tr\u00e9s aletes, pueden sobrevivir nel mediu mar\u00edn, pero dende&#8217;l Centru de Recuperaci\u00f3n \u00abpretende tenese m\u00e1s datos nesti sent\u00edu y monitorear la so adaptaci\u00f3n\u00bb.<\/p>\n<p>La segunda tort\u00faa que va ser lliberada, un exemplar xuvenil, foi atopada nel puertu de Llastres va unos meses. Lleg\u00f3 a les instalaciones de Xix\u00f3n ensin un g\u00fceyu, mancaes nes aletes y pl\u00e1sticos nel est\u00f3magu, am\u00e1s d&#8217;una neumon\u00eda. La intervenci\u00f3n del equipu del CRAMA, col sofitu del personal de Bioparc Acuariu, foi crucial pa la so r\u00e1pida recuperaci\u00f3n.<\/p>\n<p>Al CRAMA lleg\u00f3 angua\u00f1o una tercer tort\u00faa que, magar los esfuerzos del personal, nun consigui\u00f3 sobrevivir.<\/p>\n<p><span style=\"color: #008080\"><em>Les<\/em> <strong>Caretta caretta<\/strong> son les tort\u00faes marines m\u00e1s pequenes y abondoses nel mar Mediterr\u00e1neu, anque podr\u00eden algamar los 120 cm de llargor y 120 quilos de pesu. Gusten de les ag\u00fces non demasi\u00e1u fr\u00edes, por eso son vistes na pr\u00e1ctica totalid\u00e1 d&#8217;oc\u00e9anos y mares templaos del planeta. Asina, dependiendo del so ciclu de vida, podemos atopales en mar abiertu, zones pocu fondes, costeres, badees o estuarios.<\/span><\/p>\n","protected":false},"excerpt":{"rendered":"<p>Fonte: El Comercio \/ El Diario \/ Una perdi\u00f3 una aleta por culpa de la presencia de pl\u00e1sticos na agua y otra, un g\u00fceyu. Van ser reintegraes al so mediu natural. Y\u00e1 dafechu recuperaes, lleg\u00f3&#8217;l momentu de que vuelvan al mar. De lliberales. La tort\u00faa boba qu&#8217;a principios de 2023 estren\u00f3 les instalaciones del Centru [&hellip;]<\/p>\n","protected":false},"author":117,"featured_media":0,"comment_status":"open","ping_status":"open","sticky":false,"template":"","format":"standard","meta":{"footnotes":""},"categories":[1],"tags":[],"class_list":["post-30629","post","type-post","status-publish","format-standard","hentry","category-sin-categoria"],"_links":{"self":[{"href":"https:\/\/edublog.educastur.es\/ixuxu\/wp-json\/wp\/v2\/posts\/30629","targetHints":{"allow":["GET"]}}],"collection":[{"href":"https:\/\/edublog.educastur.es\/ixuxu\/wp-json\/wp\/v2\/posts"}],"about":[{"href":"https:\/\/edublog.educastur.es\/ixuxu\/wp-json\/wp\/v2\/types\/post"}],"author":[{"embeddable":true,"href":"https:\/\/edublog.educastur.es\/ixuxu\/wp-json\/wp\/v2\/users\/117"}],"replies":[{"embeddable":true,"href":"https:\/\/edublog.educastur.es\/ixuxu\/wp-json\/wp\/v2\/comments?post=30629"}],"version-history":[{"count":5,"href":"https:\/\/edublog.educastur.es\/ixuxu\/wp-json\/wp\/v2\/posts\/30629\/revisions"}],"predecessor-version":[{"id":30998,"href":"https:\/\/edublog.educastur.es\/ixuxu\/wp-json\/wp\/v2\/posts\/30629\/revisions\/30998"}],"wp:attachment":[{"href":"https:\/\/edublog.educastur.es\/ixuxu\/wp-json\/wp\/v2\/media?parent=30629"}],"wp:term":[{"taxonomy":"category","embeddable":true,"href":"https:\/\/edublog.educastur.es\/ixuxu\/wp-json\/wp\/v2\/categories?post=30629"},{"taxonomy":"post_tag","embeddable":true,"href":"https:\/\/edublog.educastur.es\/ixuxu\/wp-json\/wp\/v2\/tags?post=30629"}],"curies":[{"name":"wp","href":"https:\/\/api.w.org\/{rel}","templated":true}]}}