{"id":30634,"date":"2024-09-09T08:55:16","date_gmt":"2024-09-09T06:55:16","guid":{"rendered":"https:\/\/edublog.educastur.es\/ixuxu\/?p=30634"},"modified":"2024-09-09T21:15:19","modified_gmt":"2024-09-09T19:15:19","slug":"mctamapar-puso-escuela-nel-nuesu-coleva-unos-anos","status":"publish","type":"post","link":"https:\/\/edublog.educastur.es\/ixuxu\/2024\/09\/mctamapar-puso-escuela-nel-nuesu-coleva-unos-anos\/","title":{"rendered":"Tamara puso escuela nel nuesu cole va cuatro a\u00f1os"},"content":{"rendered":"<p>Esta maestra de M\u00fasica y Primaria, Tamara, puso escuela nel nuesu cole va cuatro a\u00f1os. <a href=\"https:\/\/www.youtube.com\/watch?v=MABHXND93lQ\">Videu<\/a><\/p>\n<p style=\"text-align: center\">\n<!-- iframe plugin v.6.0 wordpress.org\/plugins\/iframe\/ -->\n<iframe loading=\"lazy\" width=\"100%\" height=\"395\" src=\"https:\/\/www.youtube.com\/embed\/MABHXND93lQ\" title=\"Tamara Jacobo\" frameborder=\"0\" allow=\"accelerometer; autoplay; clipboard-write; encrypted-media; gyroscope; picture-in-picture; web-share\" referrerpolicy=\"strict-origin-when-cross-origin\" 0=\"allowfullscreen\" 1=\"\/iframe\" scrolling=\"yes\" class=\"iframe-class\"><\/iframe>\n<\/p>\n","protected":false},"excerpt":{"rendered":"<p>Esta maestra de M\u00fasica y Primaria, Tamara, puso escuela nel nuesu cole va cuatro a\u00f1os. Videu<\/p>\n","protected":false},"author":117,"featured_media":0,"comment_status":"open","ping_status":"open","sticky":false,"template":"","format":"video","meta":{"footnotes":""},"categories":[35],"tags":[],"class_list":["post-30634","post","type-post","status-publish","format-video","hentry","category-musica","post_format-post-format-video"],"_links":{"self":[{"href":"https:\/\/edublog.educastur.es\/ixuxu\/wp-json\/wp\/v2\/posts\/30634","targetHints":{"allow":["GET"]}}],"collection":[{"href":"https:\/\/edublog.educastur.es\/ixuxu\/wp-json\/wp\/v2\/posts"}],"about":[{"href":"https:\/\/edublog.educastur.es\/ixuxu\/wp-json\/wp\/v2\/types\/post"}],"author":[{"embeddable":true,"href":"https:\/\/edublog.educastur.es\/ixuxu\/wp-json\/wp\/v2\/users\/117"}],"replies":[{"embeddable":true,"href":"https:\/\/edublog.educastur.es\/ixuxu\/wp-json\/wp\/v2\/comments?post=30634"}],"version-history":[{"count":4,"href":"https:\/\/edublog.educastur.es\/ixuxu\/wp-json\/wp\/v2\/posts\/30634\/revisions"}],"predecessor-version":[{"id":30769,"href":"https:\/\/edublog.educastur.es\/ixuxu\/wp-json\/wp\/v2\/posts\/30634\/revisions\/30769"}],"wp:attachment":[{"href":"https:\/\/edublog.educastur.es\/ixuxu\/wp-json\/wp\/v2\/media?parent=30634"}],"wp:term":[{"taxonomy":"category","embeddable":true,"href":"https:\/\/edublog.educastur.es\/ixuxu\/wp-json\/wp\/v2\/categories?post=30634"},{"taxonomy":"post_tag","embeddable":true,"href":"https:\/\/edublog.educastur.es\/ixuxu\/wp-json\/wp\/v2\/tags?post=30634"}],"curies":[{"name":"wp","href":"https:\/\/api.w.org\/{rel}","templated":true}]}}