{"id":30644,"date":"2024-09-09T10:00:03","date_gmt":"2024-09-09T08:00:03","guid":{"rendered":"https:\/\/edublog.educastur.es\/ixuxu\/?p=30644"},"modified":"2024-09-09T14:35:35","modified_gmt":"2024-09-09T12:35:35","slug":"el-calentamientu-global-ta-aumentando-la-frecuencia-y-el-tamanu-del-xarazo","status":"publish","type":"post","link":"https:\/\/edublog.educastur.es\/ixuxu\/2024\/09\/el-calentamientu-global-ta-aumentando-la-frecuencia-y-el-tamanu-del-xarazo\/","title":{"rendered":"El calentamientu global ta aumentando la frecuencia y el tama\u00f1u del xarazo"},"content":{"rendered":"<div class=\"css-175oi2r r-18kxxzh r-1wron08 r-onrtq4 r-1awozwy\">\n<div class=\"css-175oi2r\" data-testid=\"Tweet-User-Avatar\">\n<div class=\"css-175oi2r r-18kxxzh r-1wbh5a2 r-13qz1uu\">\n<div class=\"css-175oi2r r-1wbh5a2 r-dnmrzs\">\n<div class=\"css-175oi2r r-bztko3 r-1adg3ll\" data-testid=\"UserAvatar-Container-A3Noticias\">\n<div style=\"text-align: center\"><a href=\"https:\/\/fotografias.antena3.com\/clipping\/cmsimages01\/2023\/07\/07\/60941BA1-3511-4788-A92E-0AD0DB1F8A3F\/efectos-cambio-climatico_97.jpg?crop=2200,1238,x0,y131&amp;width=1600&amp;height=900&amp;optimize=low&amp;format=webply\"><img loading=\"lazy\" decoding=\"async\" class=\"aligncenter size-full\" src=\"https:\/\/fotografias.antena3.com\/clipping\/cmsimages01\/2023\/07\/07\/60941BA1-3511-4788-A92E-0AD0DB1F8A3F\/efectos-cambio-climatico_97.jpg?crop=2200,1238,x0,y131&amp;width=1600&amp;height=900&amp;optimize=low&amp;format=webply\" width=\"1600\" height=\"900\" \/><\/a><\/div>\n<div class=\"r-1adg3ll r-13qz1uu\">El calentamientu global ta aumentando la frecuencia y el tama\u00f1u del xarazo\/granizu, lo que podr\u00eda causar perdes econ\u00f3miques masives nos pr\u00f3ximos a\u00f1os.<\/div>\n<ul>\n<li class=\"r-1adg3ll r-13qz1uu\">Fonte:<a href=\"https:\/\/www.antena3.com\/noticias\/ciencia\/sequias-olas-calor-fuertes-tormentas-este-mayor-peligro-cambio-climatico_2024090866dde5b7b3741e0001db96dc.html?so=so%3Asour-twitter%3Acn-antena3noticias\"> Antena3<\/a> \/<\/li>\n<\/ul>\n<p><!--more--><\/p>\n<p>Les seques, foles de calor y nubes violentes son dalgunes de les consecuencies que nos vienen a la cabeza cuando pensamos nesti procesu. Sicas\u00ed, un reci\u00e9n estudiu public\u00e1u na revista &#8216;Nature&#8217; sosprendi\u00f3 poniendo&#8217;l focu nun peligru menos coment\u00e1u, el xarazo. Seg\u00fan la investigaci\u00f3n, realizada por cient\u00edficos de la Universid\u00e1 del Norte d&#8217;Illinois, <strong>el xarazo podr\u00eda convertise n&#8217;una de les amenaces m\u00e1s graves del camb\u00e9u clim\u00e1ticu, especialmente en zones con climes templaos.<\/strong><\/p>\n<p>L&#8217;estudiu destaca que, a midida que el calentamientu global avanza, <strong>el tama\u00f1u y la frecuencia del xarazo tami\u00e9n van aumentar.<\/strong> Enval\u00f3rase que la cantid\u00e1 de nubes con granizos de siquier 3,8 cent\u00edmetros de di\u00e1metru podr\u00eda amontase ente un 15% y un 75%, dependiendo de les emisiones de gases d&#8217;efectu invernaderu. Esti aumentu nel tama\u00f1u del xarazo d\u00e9bese principalmente a les altes temperatures que potencien les corrientes ascendentes d&#8217;aire templao y h\u00famedu, esenciales pa la so formaci\u00f3n.<\/p>\n<p><strong>Procesu de formaci\u00f3n del xarazo. <\/strong>El procesu de formaci\u00f3n del xarazo ye senciellu. Mientres les nubes, les gotes d&#8217;agua son impulsaes escontra les partes m\u00e1s fr\u00edes de l&#8217;atm\u00f3sfera por corrientes d&#8217;aire templao. Al llegar a eses zones fr\u00edes, les gotes conx\u00e9lense y formen granos de xelu. Si estes corrientes son lo suficientemente fuertes, les part\u00edcules de xelu son impulsaes repetidamente escontra riba y escontra baxo na nube, atropando m\u00e1s capes de xelu hasta que&#8217;l xarazo vu\u00e9lvese demasiao pes\u00e1u y cai a la tierra.<\/p>\n<p>El calentamientu global apurre m\u00e1s enerx\u00eda a estes corrientes ascendentes, lo que provoca que&#8217;l ciclu de formaci\u00f3n del xarazo repitase m\u00e1s vegaes dientro de la nube. Como resultancia,<strong> el xarazo crez en tama\u00f1u antes de cayer<\/strong>. V\u00edctor Gensini, autor principal del estudiu, esplic\u00f3 a &#8216;NBC News&#8217; qu&#8217;esti fen\u00f3menu ye xuna clara consecuencia del aumentu de les temperatures globales.<\/p>\n<p><strong>Impactu econ\u00f3micu. <\/strong>La situaci\u00f3n ye esmolecedora, una y bones el xarazo de grandes dimensiones y\u00e1 se convirti\u00f3 n&#8217;una de les principales causes de perdes econ\u00f3miques en pa\u00edses como Estaos Xun\u00edos. Steve Bowen, director cient\u00edficu de Gallagher Re, afirm\u00f3 nuna entrevista que&#8217;l <strong>xarazo ye responsable del 50 % al 80 % de les reclamaciones por da\u00f1os econ\u00f3micos rellacionaes con nubes el\u00e9ctriques<\/strong> n&#8217;EE.XX. No que va de 2024, les perdes causaes pol xarazo enval\u00f3rense ente 31.000 y 49.000 millones de d\u00f3lares, superando llargamente los da\u00f1os provocaos por nubes tropicales, furacanes ya hinchentes, que xuben a 14.000 millones de d\u00f3lares.<\/p>\n<div class=\"r-1p0dtai r-1pi2tsx r-1d2f490 r-u8s1d r-ipm5af r-13qz1uu\">\n<div class=\"css-175oi2r r-1adg3ll r-1pi2tsx r-13qz1uu r-45ll9u r-u8s1d r-1v2oles r-176fswd r-bztko3\">\n<div class=\"r-1adg3ll r-13qz1uu\"><\/div>\n<div class=\"r-1p0dtai r-1pi2tsx r-1d2f490 r-u8s1d r-ipm5af r-13qz1uu\">\n<div class=\"css-175oi2r r-sdzlij r-1udh08x r-5f1w11 r-u8s1d r-8jfcpp\">\n<div class=\"css-175oi2r r-sdzlij r-1udh08x r-633pao r-45ll9u r-u8s1d r-1v2oles r-176fswd\">\n<div class=\"css-175oi2r r-1pi2tsx r-13qz1uu\"><\/div>\n<\/div>\n<div class=\"css-175oi2r r-sdzlij r-1udh08x r-633pao r-45ll9u r-u8s1d r-1v2oles r-176fswd\">\n<div class=\"css-175oi2r r-1pi2tsx r-13qz1uu r-kemksi\"><\/div>\n<\/div>\n<div class=\"css-175oi2r r-sdzlij r-1udh08x r-633pao r-45ll9u r-u8s1d r-1v2oles r-176fswd\">\n<div class=\"css-175oi2r r-1adg3ll r-1udh08x\"><\/div>\n<\/div>\n<\/div>\n<\/div>\n<\/div>\n<\/div>\n<\/div>\n<\/div>\n<\/div>\n<\/div>\n<\/div>\n<p>&nbsp;<\/p>\n<div class=\"css-175oi2r r-1kkk96v\">\n<div class=\"css-175oi2r r-1awozwy r-18u37iz r-1cmwbt1 r-1wtj0ep\">\n<div class=\"css-175oi2r r-1awozwy r-6koalj r-18u37iz\">\n<div class=\"css-175oi2r\"><\/div>\n<\/div>\n<\/div>\n<\/div>\n<div class=\"css-175oi2r\">\n<div class=\"css-175oi2r r-1s2bzr4\">\n<div id=\"id__19lz9e5aezi\" class=\"css-146c3p1 r-bcqeeo r-1ttztb7 r-qvutc0 r-37j5jr r-1inkyih r-16dba41 r-bnwqim r-135wba7\" dir=\"auto\" lang=\"es\" data-testid=\"tweetText\"><\/div>\n<\/div>\n<\/div>\n","protected":false},"excerpt":{"rendered":"<p>El calentamientu global ta aumentando la frecuencia y el tama\u00f1u del xarazo\/granizu, lo que podr\u00eda causar perdes econ\u00f3miques masives nos pr\u00f3ximos a\u00f1os. Fonte: Antena3 \/<\/p>\n","protected":false},"author":117,"featured_media":0,"comment_status":"open","ping_status":"open","sticky":false,"template":"","format":"standard","meta":{"footnotes":""},"categories":[5],"tags":[],"class_list":["post-30644","post","type-post","status-publish","format-standard","hentry","category-tiempu"],"_links":{"self":[{"href":"https:\/\/edublog.educastur.es\/ixuxu\/wp-json\/wp\/v2\/posts\/30644","targetHints":{"allow":["GET"]}}],"collection":[{"href":"https:\/\/edublog.educastur.es\/ixuxu\/wp-json\/wp\/v2\/posts"}],"about":[{"href":"https:\/\/edublog.educastur.es\/ixuxu\/wp-json\/wp\/v2\/types\/post"}],"author":[{"embeddable":true,"href":"https:\/\/edublog.educastur.es\/ixuxu\/wp-json\/wp\/v2\/users\/117"}],"replies":[{"embeddable":true,"href":"https:\/\/edublog.educastur.es\/ixuxu\/wp-json\/wp\/v2\/comments?post=30644"}],"version-history":[{"count":4,"href":"https:\/\/edublog.educastur.es\/ixuxu\/wp-json\/wp\/v2\/posts\/30644\/revisions"}],"predecessor-version":[{"id":30679,"href":"https:\/\/edublog.educastur.es\/ixuxu\/wp-json\/wp\/v2\/posts\/30644\/revisions\/30679"}],"wp:attachment":[{"href":"https:\/\/edublog.educastur.es\/ixuxu\/wp-json\/wp\/v2\/media?parent=30644"}],"wp:term":[{"taxonomy":"category","embeddable":true,"href":"https:\/\/edublog.educastur.es\/ixuxu\/wp-json\/wp\/v2\/categories?post=30644"},{"taxonomy":"post_tag","embeddable":true,"href":"https:\/\/edublog.educastur.es\/ixuxu\/wp-json\/wp\/v2\/tags?post=30644"}],"curies":[{"name":"wp","href":"https:\/\/api.w.org\/{rel}","templated":true}]}}