{"id":30648,"date":"2024-09-08T13:00:39","date_gmt":"2024-09-08T11:00:39","guid":{"rendered":"https:\/\/edublog.educastur.es\/ixuxu\/?p=30648"},"modified":"2024-09-09T15:49:43","modified_gmt":"2024-09-09T13:49:43","slug":"techau-dhorros-mercau-y-conciertos-en-samartin","status":"publish","type":"post","link":"https:\/\/edublog.educastur.es\/ixuxu\/2024\/09\/techau-dhorros-mercau-y-conciertos-en-samartin\/","title":{"rendered":"Tech\u00e1u d&#8217;horros, merc\u00e1u y conciertos en Samart\u00edn"},"content":{"rendered":"<ul>\n<li>Fonte: <a href=\"https:\/\/www.rtpa.es\/noticias-asturias-ast\/2024-09-08\/Techau-d'horros,-mercau-y-conciertos-en-Samartin_111725795987.html\">RTPA<\/a> \/<\/li>\n<\/ul>\n<div id=\"multimedia\" class=\"capa_imagen_player img-det-not\">\n<div id=\"mediaplayer\">\n<div id=\"video-a-reproducir8014617700\" class=\"video-js vjs-default-skin vjs-16-9 vjs-big-play-centered vjs-paused vjs-controls-enabled vjs-workinghover vjs-v8 vjs-user-active video-a-reproducir8014617700-dimensions\" lang=\"es\" style=\"text-align: center\" role=\"region\" aria-label=\"Reproductor de Video\">\n<p><a href=\"https:\/\/www.rtpa.es\/fotos\/\/24\/09\/20240908135921_RTPA5508829.jpg\"><img loading=\"lazy\" decoding=\"async\" class=\"aligncenter size-full\" src=\"https:\/\/www.rtpa.es\/fotos\/\/24\/09\/20240908135921_RTPA5508829.jpg\" width=\"853\" height=\"480\" \/><\/a><\/p>\n<div class=\"vjs-poster\"><\/div>\n<div class=\"vjs-text-track-display\" aria-live=\"off\">\n<div><\/div>\n<\/div>\n<\/div>\n<\/div>\n<\/div>\n<section class=\"contenido \">\n<div class=\"container\">\n<div class=\"row\">\n<div class=\"col-lg-8 col-md-12 col-xs-12\" role=\"main\" aria-label=\"Bloque del titular, texto imagen o v\u00eddeo de la noticia\">\n<div id=\"noticiacompleta\" class=\"parragraph-padding font-c-conent\">\n<h2 class=\"font-size-m padding-b-20 font-weight-b margin-t-16\">Os Ozcos despiden tres d\u00edes de celebraciones<\/h2>\n<p>Samart\u00edn punxo&#8217;l broche d&#8217;oru a la celebraci\u00f3n del D\u00eda d&#8217;Asturies na contorna d&#8217;Os Ozcos. Un d\u00eda festivu qu&#8217;empez\u00f3 col <strong>merc\u00e1u tradicional<\/strong> nel centru del pueblu con tou tipu d&#8217;ufierta gastron\u00f3mica y artesana a la qu&#8217;hai qu&#8217;amestar los<strong> deportes tradicionales<\/strong> que foi lo que m\u00e1s llam\u00f3 l&#8217;atenci\u00f3n a los m\u00e1s peque\u00f1os.<\/p>\n<p>Otra de les actividaes fuertes foi&#8217;l <strong>tech\u00e1u d&#8217;horros<\/strong> que convoc\u00f3 a la gran mayor\u00eda d&#8217;asistentes pa conocer de cerca una de les tradiciones de la zona. Una ma\u00f1ana repleta d&#8217;actividaes pa tolos p\u00fablicos dende <strong>amuesa de gan\u00e1u vacuno<\/strong> hasta los conciertos que punxeron el ritmu a esti 8 de setiembre en Samart\u00edn d&#8217;Ozcos.<\/p>\n<\/div>\n<\/div>\n<\/div>\n<\/div>\n<\/section>\n","protected":false},"excerpt":{"rendered":"<p>Fonte: RTPA \/ Os Ozcos despiden tres d\u00edes de celebraciones Samart\u00edn punxo&#8217;l broche d&#8217;oru a la celebraci\u00f3n del D\u00eda d&#8217;Asturies na contorna d&#8217;Os Ozcos. Un d\u00eda festivu qu&#8217;empez\u00f3 col merc\u00e1u tradicional nel centru del pueblu con tou tipu d&#8217;ufierta gastron\u00f3mica y artesana a la qu&#8217;hai qu&#8217;amestar los deportes tradicionales que foi lo que m\u00e1s llam\u00f3 [&hellip;]<\/p>\n","protected":false},"author":117,"featured_media":0,"comment_status":"open","ping_status":"open","sticky":false,"template":"","format":"standard","meta":{"footnotes":""},"categories":[6],"tags":[],"class_list":["post-30648","post","type-post","status-publish","format-standard","hentry","category-dia-de"],"_links":{"self":[{"href":"https:\/\/edublog.educastur.es\/ixuxu\/wp-json\/wp\/v2\/posts\/30648","targetHints":{"allow":["GET"]}}],"collection":[{"href":"https:\/\/edublog.educastur.es\/ixuxu\/wp-json\/wp\/v2\/posts"}],"about":[{"href":"https:\/\/edublog.educastur.es\/ixuxu\/wp-json\/wp\/v2\/types\/post"}],"author":[{"embeddable":true,"href":"https:\/\/edublog.educastur.es\/ixuxu\/wp-json\/wp\/v2\/users\/117"}],"replies":[{"embeddable":true,"href":"https:\/\/edublog.educastur.es\/ixuxu\/wp-json\/wp\/v2\/comments?post=30648"}],"version-history":[{"count":2,"href":"https:\/\/edublog.educastur.es\/ixuxu\/wp-json\/wp\/v2\/posts\/30648\/revisions"}],"predecessor-version":[{"id":30692,"href":"https:\/\/edublog.educastur.es\/ixuxu\/wp-json\/wp\/v2\/posts\/30648\/revisions\/30692"}],"wp:attachment":[{"href":"https:\/\/edublog.educastur.es\/ixuxu\/wp-json\/wp\/v2\/media?parent=30648"}],"wp:term":[{"taxonomy":"category","embeddable":true,"href":"https:\/\/edublog.educastur.es\/ixuxu\/wp-json\/wp\/v2\/categories?post=30648"},{"taxonomy":"post_tag","embeddable":true,"href":"https:\/\/edublog.educastur.es\/ixuxu\/wp-json\/wp\/v2\/tags?post=30648"}],"curies":[{"name":"wp","href":"https:\/\/api.w.org\/{rel}","templated":true}]}}