{"id":30655,"date":"2024-09-07T14:10:12","date_gmt":"2024-09-07T12:10:12","guid":{"rendered":"https:\/\/edublog.educastur.es\/ixuxu\/?p=30655"},"modified":"2024-09-09T14:10:45","modified_gmt":"2024-09-09T12:10:45","slug":"los-3-conceyos-de-los-ozcos-acueyen-del-6-al-8-de-setiembre-los-actos-del-dia-dasturies","status":"publish","type":"post","link":"https:\/\/edublog.educastur.es\/ixuxu\/2024\/09\/los-3-conceyos-de-los-ozcos-acueyen-del-6-al-8-de-setiembre-los-actos-del-dia-dasturies\/","title":{"rendered":"Los 3 conceyos de los Ozcos acueyen del 6 al 8 de setiembre los actos del D\u00eda d&#8217;Asturies"},"content":{"rendered":"<div id=\"noticiacompleta\" class=\"parragraph-padding font-c-conent\">\n<ul>\n<li>Fonte: R<a href=\"https:\/\/www.rtpa.es\/noticias-asturias-ast\/2024-08-29\/Los-3-conceyos-de-los-Ozcos-acueyen-del-6-al-8-de-setiembre-los-actos-del-Dia-d'Asturies_111724930969.html\">TPA<\/a> \/<\/li>\n<\/ul>\n<p style=\"text-align: center\"><a href=\"https:\/\/www.oscos-eo.net\/sites\/default\/files\/inline-images\/situacion.png\"><img loading=\"lazy\" decoding=\"async\" class=\"aligncenter size-full\" src=\"https:\/\/www.oscos-eo.net\/sites\/default\/files\/inline-images\/situacion.png\" width=\"714\" height=\"506\" \/><\/a><\/p>\n<p>Los tres conceyos de los Ozcos -Vilanova, Santalla y Samart\u00edn- van allugar los pr\u00f3ximos 6, 7 y 8 de setiembre los actos qu&#8217;entama&#8217;l Princip\u00e1u pa celebrar el D\u00eda d&#8217;Asturies.<\/p>\n<p>La vicepresidenta del Gobiernu rexonal, Gimena Llamedo, y el director xeneral de Retu Demogr\u00e1ficu, Marcos Ni\u00f1o, xunto colos alcaldes anfitriones, presentaron esti xueves el programa d&#8217;actividaes gratuites que cada d\u00eda va acoyer unu de los conceyos, titul\u00e1u &#8216;Reflexu de la nuesa identid\u00e1&#8217;. Ye la primer vegada que&#8217;l D\u00eda d&#8217;Asturies faise en tres conceyos, nesti casu los mesmos qu&#8217;en 2016 xuni\u00e9ronse pa llograr el premiu al Pueblu Exemplar d&#8217;Asturies.<\/p>\n<p style=\"text-align: center\"><a href=\"https:\/\/upload.wikimedia.org\/wikipedia\/commons\/thumb\/f\/f3\/Mancomunidad_concejosdeoscoseo.png\/640px-Mancomunidad_concejosdeoscoseo.png\"><img loading=\"lazy\" decoding=\"async\" class=\"aligncenter size-full\" src=\"https:\/\/upload.wikimedia.org\/wikipedia\/commons\/thumb\/f\/f3\/Mancomunidad_concejosdeoscoseo.png\/640px-Mancomunidad_concejosdeoscoseo.png\" width=\"640\" height=\"340\" \/><\/a><\/p>\n<\/div>\n","protected":false},"excerpt":{"rendered":"<p>Fonte: RTPA \/ Los tres conceyos de los Ozcos -Vilanova, Santalla y Samart\u00edn- van allugar los pr\u00f3ximos 6, 7 y 8 de setiembre los actos qu&#8217;entama&#8217;l Princip\u00e1u pa celebrar el D\u00eda d&#8217;Asturies. La vicepresidenta del Gobiernu rexonal, Gimena Llamedo, y el director xeneral de Retu Demogr\u00e1ficu, Marcos Ni\u00f1o, xunto colos alcaldes anfitriones, presentaron esti xueves [&hellip;]<\/p>\n","protected":false},"author":117,"featured_media":0,"comment_status":"open","ping_status":"open","sticky":false,"template":"","format":"standard","meta":{"footnotes":""},"categories":[6,1],"tags":[],"class_list":["post-30655","post","type-post","status-publish","format-standard","hentry","category-dia-de","category-sin-categoria"],"_links":{"self":[{"href":"https:\/\/edublog.educastur.es\/ixuxu\/wp-json\/wp\/v2\/posts\/30655","targetHints":{"allow":["GET"]}}],"collection":[{"href":"https:\/\/edublog.educastur.es\/ixuxu\/wp-json\/wp\/v2\/posts"}],"about":[{"href":"https:\/\/edublog.educastur.es\/ixuxu\/wp-json\/wp\/v2\/types\/post"}],"author":[{"embeddable":true,"href":"https:\/\/edublog.educastur.es\/ixuxu\/wp-json\/wp\/v2\/users\/117"}],"replies":[{"embeddable":true,"href":"https:\/\/edublog.educastur.es\/ixuxu\/wp-json\/wp\/v2\/comments?post=30655"}],"version-history":[{"count":1,"href":"https:\/\/edublog.educastur.es\/ixuxu\/wp-json\/wp\/v2\/posts\/30655\/revisions"}],"predecessor-version":[{"id":30656,"href":"https:\/\/edublog.educastur.es\/ixuxu\/wp-json\/wp\/v2\/posts\/30655\/revisions\/30656"}],"wp:attachment":[{"href":"https:\/\/edublog.educastur.es\/ixuxu\/wp-json\/wp\/v2\/media?parent=30655"}],"wp:term":[{"taxonomy":"category","embeddable":true,"href":"https:\/\/edublog.educastur.es\/ixuxu\/wp-json\/wp\/v2\/categories?post=30655"},{"taxonomy":"post_tag","embeddable":true,"href":"https:\/\/edublog.educastur.es\/ixuxu\/wp-json\/wp\/v2\/tags?post=30655"}],"curies":[{"name":"wp","href":"https:\/\/api.w.org\/{rel}","templated":true}]}}