{"id":30685,"date":"2024-09-09T14:44:02","date_gmt":"2024-09-09T12:44:02","guid":{"rendered":"https:\/\/edublog.educastur.es\/ixuxu\/?p=30685"},"modified":"2024-09-09T14:46:05","modified_gmt":"2024-09-09T12:46:05","slug":"lecomuseu-de-samuno-bate-recor-historicu-de-visites-en-branu-con-14-144-persones","status":"publish","type":"post","link":"https:\/\/edublog.educastur.es\/ixuxu\/2024\/09\/lecomuseu-de-samuno-bate-recor-historicu-de-visites-en-branu-con-14-144-persones\/","title":{"rendered":"L&#8217;Ecomus\u00e9u de Samu\u00f1o bate r\u00e9cor hist\u00f3ricu de visites en branu con 14.144 persones"},"content":{"rendered":"<div class=\"padding-t-35\">\n<ul>\n<li class=\"font-size-xxl margin-b-5 font-weight-b color-b-050 letter-spacing--1 fuente-corporativa\">Fonte: <a href=\"https:\/\/www.rtpa.es\/noticias-asturias-ast\/2024-09-07\/L'Ecomuseu-de-Samu%C3%B1o-bate-recor-historicu-de-visites-en-branu-con-14.144-persones_111725713230.html\">RTPA<\/a> \/ Ecomuseo Valle de Samu\u00f1o: <a href=\"https:\/\/ecomuseo.ayto-langreo.es\/\">web<\/a> \/ <a href=\"https:\/\/www.google.com\/search?client=firefox-b-d&amp;sca_esv=0bf7fb3a22d86ef4&amp;q=ecomuseo+samu%C3%B1o&amp;udm=2&amp;fbs=AEQNm0CbCVgAZ5mWEJDg6aoPVcBgWizR0-0aFOH11Sb5tlNhdzTfxpAVBoexMFZnKJBpl_OnTFfcge8advfRBIXE7C_RTWsQyN_EAXpveg0t_aQzyue0QLBdLIIB4yPNh3d_PJPUzbsSXZ5v66lKVX9VeVq7X0wPEHFSSCnwDKA27vYqLsW9OaXj1B6MnDW-62zIxs_sHuC8&amp;sa=X&amp;ved=2ahUKEwj9roCB8rWIAxVDT6QEHQXvFyMQtKgLegQIDRAB&amp;biw=1536&amp;bih=739&amp;dpr=1.25\">semeyes<\/a><\/li>\n<\/ul>\n<\/div>\n<div class=\"padding-t-0 padding-b-20\">\n<div class=\"link-container\"><\/div>\n<\/div>\n<figure class=\"position-r hover-zoom\"><img decoding=\"async\" class=\"img-responsive position-a top-0 left-0 width-0100\" src=\"https:\/\/www.rtpa.es\/fotos\/\/24\/09\/20240907144605_RTPA5507072.jpg\" alt=\"El Ecomuseo de Samu\u00f1o bate r\u00e9cord hist\u00f3rico de visitas en verano con 14.144 personas\" \/><\/figure>\n<div id=\"noticiacompleta\" class=\"parragraph-padding font-c-conent\">\n<p class=\"font-size-m padding-b-20 font-weight-b margin-t-16\"><strong>&#8216;El tren gastron\u00f3micu con dest\u00edn a los cinco sent\u00edos&#8217; tien nueves cites programaes n&#8217;ochobre y payares. <\/strong>L\u2019Ecomus\u00e9u Mineru Valle de Samu\u00f1o bate\u2019l so r\u00e9cor hist\u00f3ricu de visites en branu. L\u2019equipamientu acoy\u00f3 a 14.144 persones nos meses de xunetu y agostu: 800 m\u00e1s que\u2019l branu de 2023. Con estos datos, calti\u00e9n la tendencia de dir ganando visitantes cada a\u00f1u, menos en 2020 pol par\u00f3n de la pandemia. Agora, busca l\u2019oxetivu de la desestacionalizaci\u00f3n.<\/p>\n<p><!--more--><\/p>\n<p>Ente les iniciatives p\u2019algamalo: &#8216;El tren gastron\u00f3micu con dest\u00edn a los cinco sent\u00edos&#8217;. Una visita al Ecomus\u00e9u esfrutando de la gastronom\u00eda asturiana con nueves cites programaes n\u2019ochobre y payares.<\/p>\n<\/div>\n<p style=\"text-align: center\"><a href=\"https:\/\/ecomuseo.ayto-langreo.es\/documents\/1925719\/1926279\/recorrido1.jpg\/b18297f5-30ee-48ae-a04c-94a682b2f054?t=1668668986643\"><img loading=\"lazy\" decoding=\"async\" class=\"aligncenter size-full\" src=\"https:\/\/ecomuseo.ayto-langreo.es\/documents\/1925719\/1926279\/recorrido1.jpg\/b18297f5-30ee-48ae-a04c-94a682b2f054?t=1668668986643\" width=\"1000\" height=\"1004\" \/><\/a><\/p>\n<p>&nbsp;<\/p>\n","protected":false},"excerpt":{"rendered":"<p>Fonte: RTPA \/ Ecomuseo Valle de Samu\u00f1o: web \/ semeyes &#8216;El tren gastron\u00f3micu con dest\u00edn a los cinco sent\u00edos&#8217; tien nueves cites programaes n&#8217;ochobre y payares. L\u2019Ecomus\u00e9u Mineru Valle de Samu\u00f1o bate\u2019l so r\u00e9cor hist\u00f3ricu de visites en branu. L\u2019equipamientu acoy\u00f3 a 14.144 persones nos meses de xunetu y agostu: 800 m\u00e1s que\u2019l branu de [&hellip;]<\/p>\n","protected":false},"author":117,"featured_media":0,"comment_status":"open","ping_status":"open","sticky":false,"template":"","format":"standard","meta":{"footnotes":""},"categories":[15],"tags":[],"class_list":["post-30685","post","type-post","status-publish","format-standard","hentry","category-museos"],"_links":{"self":[{"href":"https:\/\/edublog.educastur.es\/ixuxu\/wp-json\/wp\/v2\/posts\/30685","targetHints":{"allow":["GET"]}}],"collection":[{"href":"https:\/\/edublog.educastur.es\/ixuxu\/wp-json\/wp\/v2\/posts"}],"about":[{"href":"https:\/\/edublog.educastur.es\/ixuxu\/wp-json\/wp\/v2\/types\/post"}],"author":[{"embeddable":true,"href":"https:\/\/edublog.educastur.es\/ixuxu\/wp-json\/wp\/v2\/users\/117"}],"replies":[{"embeddable":true,"href":"https:\/\/edublog.educastur.es\/ixuxu\/wp-json\/wp\/v2\/comments?post=30685"}],"version-history":[{"count":3,"href":"https:\/\/edublog.educastur.es\/ixuxu\/wp-json\/wp\/v2\/posts\/30685\/revisions"}],"predecessor-version":[{"id":30688,"href":"https:\/\/edublog.educastur.es\/ixuxu\/wp-json\/wp\/v2\/posts\/30685\/revisions\/30688"}],"wp:attachment":[{"href":"https:\/\/edublog.educastur.es\/ixuxu\/wp-json\/wp\/v2\/media?parent=30685"}],"wp:term":[{"taxonomy":"category","embeddable":true,"href":"https:\/\/edublog.educastur.es\/ixuxu\/wp-json\/wp\/v2\/categories?post=30685"},{"taxonomy":"post_tag","embeddable":true,"href":"https:\/\/edublog.educastur.es\/ixuxu\/wp-json\/wp\/v2\/tags?post=30685"}],"curies":[{"name":"wp","href":"https:\/\/api.w.org\/{rel}","templated":true}]}}