{"id":30694,"date":"2024-09-10T09:00:26","date_gmt":"2024-09-10T07:00:26","guid":{"rendered":"https:\/\/edublog.educastur.es\/ixuxu\/?p=30694"},"modified":"2024-09-09T18:23:09","modified_gmt":"2024-09-09T16:23:09","slug":"entamal-cursu-escolar-2024-2025-nasturies","status":"publish","type":"post","link":"https:\/\/edublog.educastur.es\/ixuxu\/2024\/09\/entamal-cursu-escolar-2024-2025-nasturies\/","title":{"rendered":"Entama&#8217;l cursu escolar 2024-2025 n&#8217;Asturies"},"content":{"rendered":"<p style=\"text-align: center\"><a href=\"https:\/\/s3.ppllstatics.com\/elcomercio\/www\/multimedia\/2024\/09\/04\/calendario-escolar-asturias-2024-2025.jpg\"><img loading=\"lazy\" decoding=\"async\" class=\"aligncenter size-full\" src=\"https:\/\/s3.ppllstatics.com\/elcomercio\/www\/multimedia\/2024\/09\/04\/calendario-escolar-asturias-2024-2025.jpg\" width=\"1290\" height=\"911\" \/><\/a><\/p>\n<ul>\n<li><strong>Primer trimestre: 69 d\u00edes<\/strong><\/li>\n<li>Segundu trimestre: <strong>65 d\u00edes<\/strong><\/li>\n<li>Tercer trimestre: <strong>39 d\u00edes<\/strong><\/li>\n<li>Fiestes locales n&#8217;Uvi\u00e9u: <strong>llunes 9 xunu (S. Mateo) y 10, Martes de Campu<\/strong><\/li>\n<\/ul>\n","protected":false},"excerpt":{"rendered":"<p>Primer trimestre: 69 d\u00edes Segundu trimestre: 65 d\u00edes Tercer trimestre: 39 d\u00edes Fiestes locales n&#8217;Uvi\u00e9u: llunes 9 xunu (S. Mateo) y 10, Martes de Campu<\/p>\n","protected":false},"author":117,"featured_media":0,"comment_status":"open","ping_status":"open","sticky":false,"template":"","format":"standard","meta":{"footnotes":""},"categories":[73],"tags":[],"class_list":["post-30694","post","type-post","status-publish","format-standard","hentry","category-calendariu"],"_links":{"self":[{"href":"https:\/\/edublog.educastur.es\/ixuxu\/wp-json\/wp\/v2\/posts\/30694","targetHints":{"allow":["GET"]}}],"collection":[{"href":"https:\/\/edublog.educastur.es\/ixuxu\/wp-json\/wp\/v2\/posts"}],"about":[{"href":"https:\/\/edublog.educastur.es\/ixuxu\/wp-json\/wp\/v2\/types\/post"}],"author":[{"embeddable":true,"href":"https:\/\/edublog.educastur.es\/ixuxu\/wp-json\/wp\/v2\/users\/117"}],"replies":[{"embeddable":true,"href":"https:\/\/edublog.educastur.es\/ixuxu\/wp-json\/wp\/v2\/comments?post=30694"}],"version-history":[{"count":2,"href":"https:\/\/edublog.educastur.es\/ixuxu\/wp-json\/wp\/v2\/posts\/30694\/revisions"}],"predecessor-version":[{"id":30696,"href":"https:\/\/edublog.educastur.es\/ixuxu\/wp-json\/wp\/v2\/posts\/30694\/revisions\/30696"}],"wp:attachment":[{"href":"https:\/\/edublog.educastur.es\/ixuxu\/wp-json\/wp\/v2\/media?parent=30694"}],"wp:term":[{"taxonomy":"category","embeddable":true,"href":"https:\/\/edublog.educastur.es\/ixuxu\/wp-json\/wp\/v2\/categories?post=30694"},{"taxonomy":"post_tag","embeddable":true,"href":"https:\/\/edublog.educastur.es\/ixuxu\/wp-json\/wp\/v2\/tags?post=30694"}],"curies":[{"name":"wp","href":"https:\/\/api.w.org\/{rel}","templated":true}]}}