{"id":30723,"date":"2024-09-09T19:11:11","date_gmt":"2024-09-09T17:11:11","guid":{"rendered":"https:\/\/edublog.educastur.es\/ixuxu\/?p=30723"},"modified":"2024-09-10T19:59:54","modified_gmt":"2024-09-10T17:59:54","slug":"conoce-al-trasgu-asturianu","status":"publish","type":"post","link":"https:\/\/edublog.educastur.es\/ixuxu\/2024\/09\/conoce-al-trasgu-asturianu\/","title":{"rendered":"\u00a1Conoce al\u00a0 Trasgu Asturianu!"},"content":{"rendered":"<p class=\"_ap3a _aaco _aacu _aacx _aad7 _aade\" dir=\"auto\">\u00a1Conoce al\u00a0 Trasgu Asturianu! Este peque\u00f1u duende ye una de les figures m\u00e1s quer\u00edes de la mitolox\u00eda asturiana. Midiendo nam\u00e1s 30 cm, tien la piel arrugada y escura, g\u00fceyos verdes brillantes y siempre lleva un gorru color\u00e1u puntiag\u00fau y un traxe verde remend\u00e1u. ??<\/p>\n<p>? <span style=\"text-decoration: underline\">Curiosidaes del trasgu:<\/span><br \/>\n\u2728 Tien un furacu na palma de la mano que-y impide agarrar l\u2019oru ?.<br \/>\n\u2728 Pue facese invisible y-y presta facer trastaes nes cases ?. Pero con ufirendes de lleche ? y galletes ?, calma\u2019l so enfadu.<br \/>\n\u2728 A vegaes ye un ayudante secretu nos trabayos del campu ?.<br \/>\n\u2728 Les sos travesures ll\u00e1manse \u201ctrasnadas\u201d ?.<\/p>\n<p>El trasgu ye un ser complexu: pue ser traviesu o protector, seg\u00fan c\u00f3mo lu traten. \u00a1Asina que si tienes \u00fan en casa, cu\u00eddalu bien! ?\u200d\u2642\ufe0f<\/p>\n<p class=\"_ap3a _aaco _aacu _aacx _aad7 _aade\" dir=\"auto\" style=\"text-align: center\">\n<!-- iframe plugin v.6.0 wordpress.org\/plugins\/iframe\/ -->\n<iframe loading=\"lazy\" src=\"https:\/\/www.instagram.com\/reel\/C_nsLRFMBEE\/embed\" width=\"480\" height=\"600\" 0=\"\/iframe\" scrolling=\"yes\" class=\"iframe-class\" frameborder=\"0\"><\/iframe>\n<\/p>\n","protected":false},"excerpt":{"rendered":"<p>\u00a1Conoce al\u00a0 Trasgu Asturianu! Este peque\u00f1u duende ye una de les figures m\u00e1s quer\u00edes de la mitolox\u00eda asturiana. Midiendo nam\u00e1s 30 cm, tien la piel arrugada y escura, g\u00fceyos verdes brillantes y siempre lleva un gorru color\u00e1u puntiag\u00fau y un traxe verde remend\u00e1u. ?? ? Curiosidaes del trasgu: \u2728 Tien un furacu na palma de [&hellip;]<\/p>\n","protected":false},"author":117,"featured_media":0,"comment_status":"open","ping_status":"open","sticky":false,"template":"","format":"standard","meta":{"footnotes":""},"categories":[356],"tags":[],"class_list":["post-30723","post","type-post","status-publish","format-standard","hentry","category-asturian-words"],"_links":{"self":[{"href":"https:\/\/edublog.educastur.es\/ixuxu\/wp-json\/wp\/v2\/posts\/30723","targetHints":{"allow":["GET"]}}],"collection":[{"href":"https:\/\/edublog.educastur.es\/ixuxu\/wp-json\/wp\/v2\/posts"}],"about":[{"href":"https:\/\/edublog.educastur.es\/ixuxu\/wp-json\/wp\/v2\/types\/post"}],"author":[{"embeddable":true,"href":"https:\/\/edublog.educastur.es\/ixuxu\/wp-json\/wp\/v2\/users\/117"}],"replies":[{"embeddable":true,"href":"https:\/\/edublog.educastur.es\/ixuxu\/wp-json\/wp\/v2\/comments?post=30723"}],"version-history":[{"count":2,"href":"https:\/\/edublog.educastur.es\/ixuxu\/wp-json\/wp\/v2\/posts\/30723\/revisions"}],"predecessor-version":[{"id":30726,"href":"https:\/\/edublog.educastur.es\/ixuxu\/wp-json\/wp\/v2\/posts\/30723\/revisions\/30726"}],"wp:attachment":[{"href":"https:\/\/edublog.educastur.es\/ixuxu\/wp-json\/wp\/v2\/media?parent=30723"}],"wp:term":[{"taxonomy":"category","embeddable":true,"href":"https:\/\/edublog.educastur.es\/ixuxu\/wp-json\/wp\/v2\/categories?post=30723"},{"taxonomy":"post_tag","embeddable":true,"href":"https:\/\/edublog.educastur.es\/ixuxu\/wp-json\/wp\/v2\/tags?post=30723"}],"curies":[{"name":"wp","href":"https:\/\/api.w.org\/{rel}","templated":true}]}}