{"id":30744,"date":"2024-09-09T20:23:15","date_gmt":"2024-09-09T18:23:15","guid":{"rendered":"https:\/\/edublog.educastur.es\/ixuxu\/?p=30744"},"modified":"2024-09-10T17:03:46","modified_gmt":"2024-09-10T15:03:46","slug":"nun-lo-llames-bable","status":"publish","type":"post","link":"https:\/\/edublog.educastur.es\/ixuxu\/2024\/09\/nun-lo-llames-bable\/","title":{"rendered":"Nun lo llames \u00abbable\u00bb"},"content":{"rendered":"<ul>\n<li><a href=\"https:\/\/www.elindependiente.com\/tendencias\/2024\/09\/08\/asturiano-prejuicios-enemigo-oficialidad\/?fbclid=IwY2xjawFMGHFleHRuA2FlbQIxMQABHfLnjKDmXUwQGJ3sWLTc-xvEAqNFQPAT6ok4uiLtxMs9uHdH510Q05xsIQ_aem_DDqp_wgy6154rNxMnw4sNQ#google_vignette\">Nun lo llames \u00abbable\u00bb: prexuicios y mitos del asturianu na so llucha pola oficialid\u00e1<\/a><\/li>\n<\/ul>\n<p style=\"text-align: center\"><a href=\"https:\/\/www.elindependiente.com\/wp-content\/uploads\/2024\/09\/asturiano3-1200x675.jpg\"><img loading=\"lazy\" decoding=\"async\" class=\"aligncenter size-full\" src=\"https:\/\/www.elindependiente.com\/wp-content\/uploads\/2024\/09\/asturiano3-1200x675.jpg\" width=\"1200\" height=\"675\" \/><\/a>Ne\u00f1u vist\u00edu col traxe tradicional d&#8217;Asturies apaez arrodi\u00e1u de delles palabres t\u00edpiques n&#8217;asturianu. | Carmen Vivas<\/p>\n<p>Al travi\u00e9s de la m\u00fasica de Rodrigo Cueves o de la moda local d&#8217;Asturies, la &#8216;lingua asturiana&#8217; ta consiguiendo esaniciar los complexos que lu amenorgaben a un dialectu de pueblu, pocu cultu o probe.<\/p>\n<ul>\n<li>Fonte: <a href=\"https:\/\/www.elindependiente.com\/tendencias\/2024\/09\/08\/asturiano-prejuicios-enemigo-oficialidad\/?fbclid=IwY2xjawFMGHFleHRuA2FlbQIxMQABHfLnjKDmXUwQGJ3sWLTc-xvEAqNFQPAT6ok4uiLtxMs9uHdH510Q05xsIQ_aem_DDqp_wgy6154rNxMnw4sNQ\">El Independiente<\/a> \/ <a href=\"https:\/\/www.elindependiente.com\/wp-content\/uploads\/2024\/09\/asturiano3-1200x675.jpg\">Imaxe<\/a><\/li>\n<\/ul>\n<p><!--more--><\/p>\n<p>Esti 8 de setiembre celebra&#8217;l d\u00eda de Cuadonga, xuno de los mayores s\u00edmbolos d&#8217;Asturies, polo que&#8217;l d\u00eda festivu del Princip\u00e1u nun pod\u00eda ser otru. La Santina, despinta ente los montes de los Picos d&#8217;Europa, representa cola so hestoria&#8217;l calter asturianu que tami\u00e9n s&#8217;aprecia n&#8217;otra llucha: la de la oficializaci\u00f3n de la llingua asturiana. Xuna batalla que puede celebrar angua\u00f1o xuna pequena victoria, cuidao que l&#8217;Institutu Cervantes de Nueva York present\u00f3 fai solo unos d\u00edes un cursu col t\u00edtulu <strong>Introduction to Asturian Language and Culture.<\/strong><\/p>\n<p>\u00abEsti cursu va favorecer que los estudiantes se familiaricen col asturianu, una llingua romance falada en delles partes del noroeste d&#8217;Espa\u00f1a (Asturies) p&#8217;averase a la so hestoria y conocer delles de les particularidaes de la cultura\u00bb, se\u00f1ala la web del Institutu Cervantes de la Gran Mazana.<\/p>\n<p>\u00abYe una cosa simb\u00f3lica pero bien importante porque lo que fai ye dignificar l&#8217;asturianu\u00bb, respuende Iv\u00e1n Llera, presidente d&#8217;Iniciativa pol Asturianu, en conversaci\u00f3n telef\u00f3nica con esti peri\u00f3dicu. Paquita Su\u00e1rez Coalla, doctora en Filolox\u00eda Espa\u00f1ola pola Universid\u00e1 d&#8217;Uvi\u00e9u y que mora dende 1994 en Nueva York, va ser la encargada d&#8217;impartir esti cursu de 10 selmanes. \u00abCuando pasen esti tipu de coses, cuando l&#8217;asturianu vese reconoc\u00edu fora, ru\u00e9mpense munches barreres. Son pasos importantes por que equ\u00ed veamos tami\u00e9n qu&#8217;interesa\u00bb, a\u00f1ede Llera. Porque, anque nos \u00faltimos a\u00f1os hubo un resurdir pola cultura del Princip\u00e1u, sigue siendo una tema cuestionada.<br \/>\n\u00abComo se fala nos pueblos\u00bb, el mayor prexuiciu<\/p>\n<p>Mientres el gallegu, catal\u00e1n, valencianu y euskera son lling\u00fces oficiales d&#8217;Espa\u00f1a, la llingua d&#8217;Asturies y Lli\u00f3n amenorgase a dialectu. \u00bfPor qu\u00e9 l&#8217;asturianu tien tan poca presencia nel alderique nacional? Iv\u00e1n Llera culpar a los complexos\u00bb qu&#8217;amenorgaron el so impactu. Ta inda arreyada a estereotipos y prexuicios, a la idea de que falar n&#8217;asturianu ye falar mal.<\/p>\n<p>Inda a d\u00eda de g\u00fcei nos n\u00facleos de poblaci\u00f3n m\u00e1s grandes la llingua de la tierra m\u00edrase de reg\u00fceyu, como la fala de los pueblos, de los incultos. Unu de los motivos principales ye que, cola crecedera econ\u00f3mica y la culturizaci\u00f3n del sieglu XX, los qu&#8217;estudiaben diben a les ciudaes. O inclusive fora d&#8217;Asturies. Apinaes d&#8217;inmigrantes o viaxeros, clases medies y baxes buscando xuna vida meyor, l&#8217;idioma principal yera l&#8217;espa\u00f1ol. L&#8217;asturianu se confin\u00f3 a la intimid\u00e1 del llar o, peor ent\u00e1, a lo que se falaba en casa de los tos g\u00fcelos. Anticu\u00e1u, recluy\u00edu, escaec\u00edu nel tiempu.<\/p>\n<p>D&#8217;ende surde tami\u00e9n esti conceutu de \u00abnaide\u00bb nes ciudaes fala o de que ye \u00aba cencielles castell\u00e1n antiguu\u00bb. <strong>\u00abEvidentemente tanto&#8217;l castell\u00e1n como l&#8217;asturianu evolucionen del llat\u00edn, asina que tienen xuna raiga\u00f1u com\u00fan\u00bb<\/strong>, se\u00f1ala Llera. Pero se desenvolvieron distintu, en parte pol aislamientu xeogr\u00e1ficu d&#8217;Asturies, dixebr\u00e1u del pandu pelos Picos d&#8217;Europa. Otros directamente ataquen a la llingua asturiana diciendo que ye \u00abinventada\u00bb. Sicas\u00ed, \u00ablos fil\u00f3logos y\u00e1 resolvieron esi alderique\u00bb, a\u00f1ede&#8217;l presidente d&#8217;Iniciativa pol Asturianu.<\/p>\n","protected":false},"excerpt":{"rendered":"<p>Nun lo llames \u00abbable\u00bb: prexuicios y mitos del asturianu na so llucha pola oficialid\u00e1 Ne\u00f1u vist\u00edu col traxe tradicional d&#8217;Asturies apaez arrodi\u00e1u de delles palabres t\u00edpiques n&#8217;asturianu. | Carmen Vivas Al travi\u00e9s de la m\u00fasica de Rodrigo Cueves o de la moda local d&#8217;Asturies, la &#8216;lingua asturiana&#8217; ta consiguiendo esaniciar los complexos que lu amenorgaben [&hellip;]<\/p>\n","protected":false},"author":117,"featured_media":0,"comment_status":"open","ping_status":"open","sticky":false,"template":"","format":"standard","meta":{"footnotes":""},"categories":[29],"tags":[],"class_list":["post-30744","post","type-post","status-publish","format-standard","hentry","category-articulos"],"_links":{"self":[{"href":"https:\/\/edublog.educastur.es\/ixuxu\/wp-json\/wp\/v2\/posts\/30744","targetHints":{"allow":["GET"]}}],"collection":[{"href":"https:\/\/edublog.educastur.es\/ixuxu\/wp-json\/wp\/v2\/posts"}],"about":[{"href":"https:\/\/edublog.educastur.es\/ixuxu\/wp-json\/wp\/v2\/types\/post"}],"author":[{"embeddable":true,"href":"https:\/\/edublog.educastur.es\/ixuxu\/wp-json\/wp\/v2\/users\/117"}],"replies":[{"embeddable":true,"href":"https:\/\/edublog.educastur.es\/ixuxu\/wp-json\/wp\/v2\/comments?post=30744"}],"version-history":[{"count":4,"href":"https:\/\/edublog.educastur.es\/ixuxu\/wp-json\/wp\/v2\/posts\/30744\/revisions"}],"predecessor-version":[{"id":30748,"href":"https:\/\/edublog.educastur.es\/ixuxu\/wp-json\/wp\/v2\/posts\/30744\/revisions\/30748"}],"wp:attachment":[{"href":"https:\/\/edublog.educastur.es\/ixuxu\/wp-json\/wp\/v2\/media?parent=30744"}],"wp:term":[{"taxonomy":"category","embeddable":true,"href":"https:\/\/edublog.educastur.es\/ixuxu\/wp-json\/wp\/v2\/categories?post=30744"},{"taxonomy":"post_tag","embeddable":true,"href":"https:\/\/edublog.educastur.es\/ixuxu\/wp-json\/wp\/v2\/tags?post=30744"}],"curies":[{"name":"wp","href":"https:\/\/api.w.org\/{rel}","templated":true}]}}