{"id":30764,"date":"2024-09-08T21:00:59","date_gmt":"2024-09-08T19:00:59","guid":{"rendered":"https:\/\/edublog.educastur.es\/ixuxu\/?p=30764"},"modified":"2024-09-09T21:16:25","modified_gmt":"2024-09-09T19:16:25","slug":"lasturies-del-futuru","status":"publish","type":"post","link":"https:\/\/edublog.educastur.es\/ixuxu\/2024\/09\/lasturies-del-futuru\/","title":{"rendered":"L&#8217;Asturies del futuru: \u00abRepresenta nuna cara nueva a l&#8217;Asturies moderna\u00bb"},"content":{"rendered":"<ul>\n<li>Fonte: <a href=\"https:\/\/www.lne.es\/dia-de-asturias\/2024\/09\/08\/seran-asturianos-treinta-anos-inteligencia-107866395.html?utm_medium=Social&amp;utm_campaign=Echobox&amp;utm_source=Facebook&amp;fbclid=IwY2xjawFMJ2tleHRuA2FlbQIxMQABHY6QK5T-89QAtpeLbTmlns9lcJgLwRaY7Dzn5hCUevAUgg-lG49V-dlRVg_aem_yhy22tbedFqqnlE61teJnw#Echobox=1725775363\">LNE<\/a> \/<\/li>\n<\/ul>\n<p style=\"text-align: center\"><a href=\"https:\/\/estaticos-cdn.prensaiberica.es\/clip\/af5325e7-095b-46cd-bdfd-d89a59e1f09e_16-9-discover-aspect-ratio_default_0.webp\"><img loading=\"lazy\" decoding=\"async\" class=\"aligncenter size-full\" src=\"https:\/\/estaticos-cdn.prensaiberica.es\/clip\/af5325e7-095b-46cd-bdfd-d89a59e1f09e_16-9-discover-aspect-ratio_default_0.webp\" width=\"1200\" height=\"675\" \/><\/a><\/p>\n<p>\u00bfC\u00f3mo van ser los asturianos dientro de trenta a\u00f1os?: la Intelixencia Artificial respuende. Una aplicaci\u00f3n ufierta una imaxe del futuru de la rex\u00f3n a partir d&#8217;una \u00fanica instrucci\u00f3n: <strong>\u00abRepresenta nuna cara nueva a l&#8217;Asturies moderna\u00bb<\/strong> L&#8217;Asturies del futuru.<\/p>\n<p>La imaxe qu&#8217;acompa\u00f1a estes ll\u00ednees ye una semeya xenerada por una aplicaci\u00f3n d&#8217;intelixencia artificial a partir d&#8217;una \u00fanica instrucci\u00f3n: <span style=\"color: #008080\"><strong>\u00abRepresenta nuna cara nueva a l&#8217;Asturies moderna\u00bb<\/strong><\/span>. Tr\u00e1tase d&#8217;una imaxe fresca, garapolera\/xovial, sele, col negru de les coraes de la tierra nel pelo y el verde de les fasteres de los montes nos g\u00fceyos. Solo hubo qu&#8217;<strong>a\u00f1edir los pindios coles lletres Alfa y Omega de la Cruz de la Victoria,<\/strong> para da-y un toque acorde a la celebraci\u00f3n, y equ\u00ed ta: una asturiana que va nacer dientro de dos o tr\u00e9s xeneraciones, desafiando ensin complexos al futuru.<\/p>\n","protected":false},"excerpt":{"rendered":"<p>Fonte: LNE \/ \u00bfC\u00f3mo van ser los asturianos dientro de trenta a\u00f1os?: la Intelixencia Artificial respuende. Una aplicaci\u00f3n ufierta una imaxe del futuru de la rex\u00f3n a partir d&#8217;una \u00fanica instrucci\u00f3n: \u00abRepresenta nuna cara nueva a l&#8217;Asturies moderna\u00bb L&#8217;Asturies del futuru. La imaxe qu&#8217;acompa\u00f1a estes ll\u00ednees ye una semeya xenerada por una aplicaci\u00f3n d&#8217;intelixencia artificial [&hellip;]<\/p>\n","protected":false},"author":117,"featured_media":0,"comment_status":"open","ping_status":"open","sticky":false,"template":"","format":"standard","meta":{"footnotes":""},"categories":[261],"tags":[],"class_list":["post-30764","post","type-post","status-publish","format-standard","hentry","category-intelixencia-artificial"],"_links":{"self":[{"href":"https:\/\/edublog.educastur.es\/ixuxu\/wp-json\/wp\/v2\/posts\/30764","targetHints":{"allow":["GET"]}}],"collection":[{"href":"https:\/\/edublog.educastur.es\/ixuxu\/wp-json\/wp\/v2\/posts"}],"about":[{"href":"https:\/\/edublog.educastur.es\/ixuxu\/wp-json\/wp\/v2\/types\/post"}],"author":[{"embeddable":true,"href":"https:\/\/edublog.educastur.es\/ixuxu\/wp-json\/wp\/v2\/users\/117"}],"replies":[{"embeddable":true,"href":"https:\/\/edublog.educastur.es\/ixuxu\/wp-json\/wp\/v2\/comments?post=30764"}],"version-history":[{"count":5,"href":"https:\/\/edublog.educastur.es\/ixuxu\/wp-json\/wp\/v2\/posts\/30764\/revisions"}],"predecessor-version":[{"id":30770,"href":"https:\/\/edublog.educastur.es\/ixuxu\/wp-json\/wp\/v2\/posts\/30764\/revisions\/30770"}],"wp:attachment":[{"href":"https:\/\/edublog.educastur.es\/ixuxu\/wp-json\/wp\/v2\/media?parent=30764"}],"wp:term":[{"taxonomy":"category","embeddable":true,"href":"https:\/\/edublog.educastur.es\/ixuxu\/wp-json\/wp\/v2\/categories?post=30764"},{"taxonomy":"post_tag","embeddable":true,"href":"https:\/\/edublog.educastur.es\/ixuxu\/wp-json\/wp\/v2\/tags?post=30764"}],"curies":[{"name":"wp","href":"https:\/\/api.w.org\/{rel}","templated":true}]}}