{"id":30771,"date":"2024-09-08T20:00:22","date_gmt":"2024-09-08T18:00:22","guid":{"rendered":"https:\/\/edublog.educastur.es\/ixuxu\/?p=30771"},"modified":"2024-09-09T21:25:58","modified_gmt":"2024-09-09T19:25:58","slug":"dia-internacional-de-lalfabetizacion","status":"publish","type":"post","link":"https:\/\/edublog.educastur.es\/ixuxu\/2024\/09\/dia-internacional-de-lalfabetizacion\/","title":{"rendered":"D\u00eda Internacional de l&#8217;Alfabetizaci\u00f3n (llectura y escritura)"},"content":{"rendered":"<div class=\"xdj266r x11i5rnm xat24cr x1mh8g0r x1vvkbs x126k92a\">\n<p style=\"text-align: center\">\n<p style=\"text-align: center\"><a href=\"https:\/\/leer.es\/wp-content\/uploads\/2021\/10\/Dia-Internacional-de-la-Alfabetizacion-Imagen-de-cabecera.jpg\"><img loading=\"lazy\" decoding=\"async\" class=\"aligncenter size-full\" src=\"https:\/\/leer.es\/wp-content\/uploads\/2021\/10\/Dia-Internacional-de-la-Alfabetizacion-Imagen-de-cabecera.jpg\" width=\"938\" height=\"346\" \/><\/a><\/p>\n<p>Cada a\u00f1u dende 1967, el 8 de setiembre celebra&#8217;l <strong>D\u00eda Internacional de l&#8217;Alfabetizaci\u00f3n coles mires de recordar la importancia de la llectura y l&#8217;escritura como base de los derechos humanos.<\/strong> A pesar de les meyores nesta \u00e1rea, en 2020 ent\u00e1 esisten alredor de 773 millones d&#8217;adultos que nun disponen de les competencies b\u00e1siques en lectoescritura que puedan garantizar la so total autonom\u00eda n&#8217;una socied\u00e1 como la nuesa.<\/p>\n<p><!--more--><\/p>\n<p>&nbsp;<\/p>\n<p style=\"text-align: center\"><a href=\"https:\/\/scout.es\/wp-content\/uploads\/2019\/09\/ODS4.png\"><img loading=\"lazy\" decoding=\"async\" class=\"alignnone \" src=\"https:\/\/scout.es\/wp-content\/uploads\/2019\/09\/ODS4.png\" width=\"261\" height=\"261\" \/><\/a><\/p>\n<p style=\"text-align: center\"><a href=\"https:\/\/i.ytimg.com\/vi\/gQBJfYlDOvA\/maxresdefault.jpg\"><img loading=\"lazy\" decoding=\"async\" class=\"aligncenter size-full\" src=\"https:\/\/i.ytimg.com\/vi\/gQBJfYlDOvA\/maxresdefault.jpg\" width=\"1280\" height=\"720\" \/><\/a><\/p>\n<p><strong>L&#8217;alfabetizaci\u00f3n ye una de les metes de los Oxetivos de Desenvolvimientu Sostenible dientro del marcu de l&#8217;Axenda 2030<\/strong>. En concretu, l&#8217;Oxetivu 4 recueye la necesid\u00e1 d&#8217;amenorgar el porcentaxe d&#8217;analfabetismu ente la poblaci\u00f3n adulta, lo mesmo que de asegurar que tolos y les moces sepan lleer y escribir. D&#8217;ende la importancia d&#8217;usar esti d\u00eda internacional pa sensibilizar a la poblaci\u00f3n sobro una tema tan fundamental dientro de les problem\u00e1tiques educatives.<\/p>\n<p style=\"text-align: center\"><a href=\"https:\/\/www.scout.es\/wp-content\/uploads\/2020\/09\/alfabetizacion_2.jpg?_gl=1*1qbd7pc*_gcl_au*MTU1MjAzMjU2My4xNzI1OTA5NjU3*_ga*NTg1ODE4MzA5LjE3MjU5MDk2NTY.*_ga_0Z6VDVP3MR*MTcyNTkwOTY1Ni4xLjEuMTcyNTkwOTY2MS4wLjAuMA..\"><img loading=\"lazy\" decoding=\"async\" class=\"aligncenter size-full\" src=\"https:\/\/www.scout.es\/wp-content\/uploads\/2020\/09\/alfabetizacion_2.jpg?_gl=1*1qbd7pc*_gcl_au*MTU1MjAzMjU2My4xNzI1OTA5NjU3*_ga*NTg1ODE4MzA5LjE3MjU5MDk2NTY.*_ga_0Z6VDVP3MR*MTcyNTkwOTY1Ni4xLjEuMTcyNTkwOTY2MS4wLjAuMA..\" width=\"1200\" height=\"1200\" \/><\/a><\/p>\n<p>&nbsp;<\/p>\n<\/div>\n<p>&nbsp;<\/p>\n","protected":false},"excerpt":{"rendered":"<p>Cada a\u00f1u dende 1967, el 8 de setiembre celebra&#8217;l D\u00eda Internacional de l&#8217;Alfabetizaci\u00f3n coles mires de recordar la importancia de la llectura y l&#8217;escritura como base de los derechos humanos. A pesar de les meyores nesta \u00e1rea, en 2020 ent\u00e1 esisten alredor de 773 millones d&#8217;adultos que nun disponen de les competencies b\u00e1siques en lectoescritura [&hellip;]<\/p>\n","protected":false},"author":117,"featured_media":0,"comment_status":"open","ping_status":"open","sticky":false,"template":"","format":"standard","meta":{"footnotes":""},"categories":[6],"tags":[],"class_list":["post-30771","post","type-post","status-publish","format-standard","hentry","category-dia-de"],"_links":{"self":[{"href":"https:\/\/edublog.educastur.es\/ixuxu\/wp-json\/wp\/v2\/posts\/30771","targetHints":{"allow":["GET"]}}],"collection":[{"href":"https:\/\/edublog.educastur.es\/ixuxu\/wp-json\/wp\/v2\/posts"}],"about":[{"href":"https:\/\/edublog.educastur.es\/ixuxu\/wp-json\/wp\/v2\/types\/post"}],"author":[{"embeddable":true,"href":"https:\/\/edublog.educastur.es\/ixuxu\/wp-json\/wp\/v2\/users\/117"}],"replies":[{"embeddable":true,"href":"https:\/\/edublog.educastur.es\/ixuxu\/wp-json\/wp\/v2\/comments?post=30771"}],"version-history":[{"count":5,"href":"https:\/\/edublog.educastur.es\/ixuxu\/wp-json\/wp\/v2\/posts\/30771\/revisions"}],"predecessor-version":[{"id":30776,"href":"https:\/\/edublog.educastur.es\/ixuxu\/wp-json\/wp\/v2\/posts\/30771\/revisions\/30776"}],"wp:attachment":[{"href":"https:\/\/edublog.educastur.es\/ixuxu\/wp-json\/wp\/v2\/media?parent=30771"}],"wp:term":[{"taxonomy":"category","embeddable":true,"href":"https:\/\/edublog.educastur.es\/ixuxu\/wp-json\/wp\/v2\/categories?post=30771"},{"taxonomy":"post_tag","embeddable":true,"href":"https:\/\/edublog.educastur.es\/ixuxu\/wp-json\/wp\/v2\/tags?post=30771"}],"curies":[{"name":"wp","href":"https:\/\/api.w.org\/{rel}","templated":true}]}}