{"id":30777,"date":"2024-09-09T21:28:37","date_gmt":"2024-09-09T19:28:37","guid":{"rendered":"https:\/\/edublog.educastur.es\/ixuxu\/?p=30777"},"modified":"2024-09-09T21:40:45","modified_gmt":"2024-09-09T19:40:45","slug":"el-nuesu-historicu-camin-primitivu-foi-escoyiu-comol-meyor-destin-cultural-del-pais","status":"publish","type":"post","link":"https:\/\/edublog.educastur.es\/ixuxu\/2024\/09\/el-nuesu-historicu-camin-primitivu-foi-escoyiu-comol-meyor-destin-cultural-del-pais\/","title":{"rendered":"El nuesu hist\u00f3ricu Cam\u00edn Primitivu foi escoy\u00edu como&#8217;l meyor dest\u00edn cultural del pa\u00eds"},"content":{"rendered":"<div class=\"html-div xdj266r x11i5rnm xat24cr x1mh8g0r xexx8yu x4uap5 x18d9i69 xkhd6sd\">\n<div class=\"x78zum5 xdt5ytf xz62fqu x16ldp7u\">\n<div class=\"xu06os2 x1ok221b\">\n<ul>\n<li class=\"html-h3 x11i5rnm xat24cr x1mh8g0r xexx8yu x4uap5 x18d9i69 xkhd6sd x1vvkbs x1heor9g x1qlqyl8 x1pd3egz x1a2a7pz x1gslohp x1yc453h\"><span class=\"x1lliihq x6ikm8r x10wlt62 x1n2onr6\"><span class=\"xt0psk2\"><a class=\"x1i10hfl xjbqb8w x1ejq31n xd10rxx x1sy0etr x17r0tee x972fbf xcfux6l x1qhh985 xm0m39n x9f619 x1ypdohk xt0psk2 xe8uvvx xdj266r x11i5rnm xat24cr x1mh8g0r xexx8yu x4uap5 x18d9i69 xkhd6sd x16tdsg8 x1hl2dhg xggy1nq x1a2a7pz x1sur9pj xkrqix3 xzsf02u x1s688f\" role=\"link\" href=\"https:\/\/www.facebook.com\/aecaminoprimitivo?__cft__[0]=AZX0eJAb3TiMA7OOU7Wdt024_TnKXl7kInt6IjEBfQAEf0cb791oITq_9qMPr9Af0H6_WAortSJk1_ZBsje7WGVYaIJzptT8phlvCqnJQizvmJg6hebAo3MarvGToGK2W57Isv0ZV-iBn6Ze2GmLBKG3SA-o7iifJkxGkkQhs_w7Cjk7VTCS2nyvmXg1yDUw7iRjBuc4otIQ4OWigD5saC1I-bPJRx6GASyn3DmN14jo5g&amp;__tn__=-UC%2CP-y-R\"><strong class=\"html-strong xdj266r x11i5rnm xat24cr x1mh8g0r xexx8yu x4uap5 x18d9i69 xkhd6sd x1hl2dhg x16tdsg8 x1vvkbs x1s688f\"><span class=\"html-span xdj266r x11i5rnm xat24cr x1mh8g0r xexx8yu x4uap5 x18d9i69 xkhd6sd x1hl2dhg x16tdsg8 x1vvkbs\">A. E. Camino Primitivo<\/span><\/strong><\/a><\/span><\/span>\/ Info: <span class=\"html-span xdj266r x11i5rnm xat24cr x1mh8g0r xexx8yu x4uap5 x18d9i69 xkhd6sd x1hl2dhg x16tdsg8 x1vvkbs\"><a class=\"x1i10hfl xjbqb8w x1ejq31n xd10rxx x1sy0etr x17r0tee x972fbf xcfux6l x1qhh985 xm0m39n x9f619 x1ypdohk xt0psk2 xe8uvvx xdj266r x11i5rnm xat24cr x1mh8g0r xexx8yu x4uap5 x18d9i69 xkhd6sd x16tdsg8 x1hl2dhg xggy1nq x1a2a7pz x1sur9pj xkrqix3 x1fey0fg\" role=\"link\" href=\"https:\/\/l.facebook.com\/l.php?u=http%3A%2F%2Fwww.elcaminoprimitivo.org%2F%3Ffbclid%3DIwZXh0bgNhZW0CMTAAAR0EkX2EKfjrlkGYx2P_6XKetE0eEW6F5vLSUZKSTwRKfAmMCXFORZ-FiGY_aem_kAuOq17BY2RzxpvOId9XOg&amp;h=AT0s2jcTdifPLqfGg5p72bkp4RKqUmh2VoaPh3MIIeVE1gjBt6qy0XHwoVaFut2wEWldvilx_QY0H2y2cCYwMRPcOxcY5vrajB5xxWjK1fLg0AVrz-V-wrnS6hL-8ebcfd3yHKGfyf7JpW_PKA&amp;__tn__=-UK-y-R&amp;c[0]=AT3gG1F2aDKy3iQmuqg1jS7ckFwF2wlCVYECW1__Eu-B4S1qhEKrGG5fABThd82ioI-hKDONmM9yU2S9Bng8FYzyQNJX4D86SP_Tg58yOgr8Kdjaz5V9k2Q0uwFfGKAhu7rmVTFGWqeVR9SSI3H7wEqaqVmHDZtcpWtVY09lWYFWKILUTfMk4vdZBcEiE6TuFoPb29TixAXM9Z8EmdTilLAjdxIOoeTKm6Tu2ToppL1_EWGEdIwFrmykOKdE784\" target=\"_blank\" rel=\"nofollow noopener noreferrer\">www.elcaminoprimitivo.org<\/a><\/span>\n<div class=\"x9f619 x1n2onr6 x1ja2u2z x78zum5 x2lah0s x1nhvcw1 x1qjc9v5 xozqiw3 x1q0g3np xyamay9 xykv574 xbmpl8g x4cne27 xifccgj\">\n<div class=\"x9f619 x1n2onr6 x1ja2u2z x78zum5 xdt5ytf x2lah0s x193iq5w xeuugli xsyo7zv x16hj40l x10b6aqq x1yrsyyn\"><span class=\"x193iq5w xeuugli x13faqbe x1vvkbs x1xmvt09 x1lliihq x1s928wv xhkezso x1gmr53x x1cpjm7i x1fgarty x1943h6x xudqn12 x3x7a5m x1f6kntn xvq8zen xo1l8bm x1qq9wsj x1yc453h\" dir=\"auto\">\u00a0<\/span><\/div>\n<\/div>\n<\/li>\n<\/ul>\n<p style=\"text-align: center\"><a href=\"https:\/\/caminodesantiago20.es\/wp-content\/uploads\/2019\/05\/Mapa-Camino-Primitivo-1024x527.png\"><img loading=\"lazy\" decoding=\"async\" class=\"aligncenter \" src=\"https:\/\/caminodesantiago20.es\/wp-content\/uploads\/2019\/05\/Mapa-Camino-Primitivo-1024x527.png\" width=\"660\" height=\"340\" \/><\/a><\/p>\n<\/div>\n<\/div>\n<\/div>\n<div class=\"html-div xdj266r x11i5rnm xat24cr x1mh8g0r xexx8yu x4uap5 x18d9i69 xkhd6sd\" dir=\"auto\">\n<div class=\"x1l90r2v x1pi30zi x1swvt13 x1iorvi4\" data-ad-comet-preview=\"message\" data-ad-preview=\"message\">\n<div class=\"x78zum5 xdt5ytf xz62fqu x16ldp7u\">\n<div class=\"xu06os2 x1ok221b\">\n<div dir=\"auto\">El nuesu hist\u00f3ricu Cam\u00edn Primitivu, la ruta m\u00e1s antigua escontra Santiago de Compostela<strong>, foi escoy\u00edu como&#8217;l meyor dest\u00edn cultural del pa\u00eds<\/strong> por <span class=\"html-span xdj266r x11i5rnm xat24cr x1mh8g0r xexx8yu x4uap5 x18d9i69 xkhd6sd x1hl2dhg x16tdsg8 x1vvkbs\"><a class=\"x1i10hfl xjbqb8w x1ejq31n xd10rxx x1sy0etr x17r0tee x972fbf xcfux6l x1qhh985 xm0m39n x9f619 x1ypdohk xt0psk2 xe8uvvx xdj266r x11i5rnm xat24cr x1mh8g0r xexx8yu x4uap5 x18d9i69 xkhd6sd x16tdsg8 x1hl2dhg xggy1nq x1a2a7pz x1sur9pj xkrqix3 x1fey0fg xo1l8bm\" role=\"link\" href=\"https:\/\/www.facebook.com\/NationalGeographicEsp?__cft__[0]=AZX0eJAb3TiMA7OOU7Wdt024_TnKXl7kInt6IjEBfQAEf0cb791oITq_9qMPr9Af0H6_WAortSJk1_ZBsje7WGVYaIJzptT8phlvCqnJQizvmJg6hebAo3MarvGToGK2W57Isv0ZV-iBn6Ze2GmLBKG3SA-o7iifJkxGkkQhs_w7Cjk7VTCS2nyvmXg1yDUw7iRjBuc4otIQ4OWigD5saC1I-bPJRx6GASyn3DmN14jo5g&amp;__tn__=-]K-y-R\"><span class=\"xt0psk2\">National Geographic Espa\u00f1a<\/span><\/a><\/span>. Destaca la guapura natural de la ruta, el so inmensu valor cultural y patrimonial, que conecta Uvi\u00e9u con Santiago de Compostela al travi\u00e9s de paisaxes \u00fanicos y esperiencies inolvidables. Ye muncho m\u00e1s qu&#8217;una traves\u00eda; <strong>ye un viaxe al travi\u00e9s de la hestoria, la espiritualid\u00e1 y la cultura.<\/strong> Dende los sos antiguos monesterios hasta les sos impresionantes vistes montascoses, esti itinerariu sigue cautivando a pelegrinos y viaxeros de too el mundu. Esta distinci\u00f3n pon en valor l&#8217;esfuerzu de toos aquellos que trabayaron por caltener y promover esta xoya hist\u00f3rica.<\/div>\n<\/div>\n<\/div>\n<\/div>\n<\/div>\n<p>&nbsp;<\/p>\n","protected":false},"excerpt":{"rendered":"<p>A. E. Camino Primitivo\/ Info: www.elcaminoprimitivo.org \u00a0 El nuesu hist\u00f3ricu Cam\u00edn Primitivu, la ruta m\u00e1s antigua escontra Santiago de Compostela, foi escoy\u00edu como&#8217;l meyor dest\u00edn cultural del pa\u00eds por National Geographic Espa\u00f1a. Destaca la guapura natural de la ruta, el so inmensu valor cultural y patrimonial, que conecta Uvi\u00e9u con Santiago de Compostela al travi\u00e9s [&hellip;]<\/p>\n","protected":false},"author":117,"featured_media":0,"comment_status":"open","ping_status":"open","sticky":false,"template":"","format":"standard","meta":{"footnotes":""},"categories":[187,1],"tags":[],"class_list":["post-30777","post","type-post","status-publish","format-standard","hentry","category-camin-de-santiagu","category-sin-categoria"],"_links":{"self":[{"href":"https:\/\/edublog.educastur.es\/ixuxu\/wp-json\/wp\/v2\/posts\/30777","targetHints":{"allow":["GET"]}}],"collection":[{"href":"https:\/\/edublog.educastur.es\/ixuxu\/wp-json\/wp\/v2\/posts"}],"about":[{"href":"https:\/\/edublog.educastur.es\/ixuxu\/wp-json\/wp\/v2\/types\/post"}],"author":[{"embeddable":true,"href":"https:\/\/edublog.educastur.es\/ixuxu\/wp-json\/wp\/v2\/users\/117"}],"replies":[{"embeddable":true,"href":"https:\/\/edublog.educastur.es\/ixuxu\/wp-json\/wp\/v2\/comments?post=30777"}],"version-history":[{"count":7,"href":"https:\/\/edublog.educastur.es\/ixuxu\/wp-json\/wp\/v2\/posts\/30777\/revisions"}],"predecessor-version":[{"id":30786,"href":"https:\/\/edublog.educastur.es\/ixuxu\/wp-json\/wp\/v2\/posts\/30777\/revisions\/30786"}],"wp:attachment":[{"href":"https:\/\/edublog.educastur.es\/ixuxu\/wp-json\/wp\/v2\/media?parent=30777"}],"wp:term":[{"taxonomy":"category","embeddable":true,"href":"https:\/\/edublog.educastur.es\/ixuxu\/wp-json\/wp\/v2\/categories?post=30777"},{"taxonomy":"post_tag","embeddable":true,"href":"https:\/\/edublog.educastur.es\/ixuxu\/wp-json\/wp\/v2\/tags?post=30777"}],"curies":[{"name":"wp","href":"https:\/\/api.w.org\/{rel}","templated":true}]}}