{"id":30823,"date":"2024-09-07T09:09:26","date_gmt":"2024-09-07T07:09:26","guid":{"rendered":"https:\/\/edublog.educastur.es\/ixuxu\/?p=30823"},"modified":"2024-09-10T19:29:52","modified_gmt":"2024-09-10T17:29:52","slug":"dia-internacional-del-aire-llimpio","status":"publish","type":"post","link":"https:\/\/edublog.educastur.es\/ixuxu\/2024\/09\/dia-internacional-del-aire-llimpio\/","title":{"rendered":"D\u00eda Internacional del Aire Llimpio per un Cielu Azul."},"content":{"rendered":"<ul>\n<li>Fonte: <a href=\"https:\/\/www.un.org\/es\/observances\/clean-air-day\">UN<\/a> \/ <a href=\"https:\/\/breathelife2030.org\/news\/infographic-library\/\">Recursos<\/a> \/<\/li>\n<\/ul>\n<p>La contaminaci\u00f3n del aire ye&#8217;l mayor riesgu ambiental para la sal\u00fa humana na actualid\u00e1. Coles mesmes, agrava los efectos del camb\u00e9u clim\u00e1ticu, provoca perdes econ\u00f3miques y amenorga la productivid\u00e1 agr\u00edcola. Nun conoz barreres: <strong>toos tenemos la responsabilid\u00e1 de protexer la nuesa atm\u00f3sfera y garantizar un aire sano para toles persones.<\/strong><\/p>\n<p style=\"text-align: center\"><a href=\"https:\/\/img.freepik.com\/fotos-premium\/arbol-forma-conjunto-pulmones-concepto-aire-limpio-fresco-generativo-ai_601748-45199.jpg\"><img loading=\"lazy\" decoding=\"async\" class=\"aligncenter size-full\" src=\"https:\/\/img.freepik.com\/fotos-premium\/arbol-forma-conjunto-pulmones-concepto-aire-limpio-fresco-generativo-ai_601748-45199.jpg\" width=\"626\" height=\"425\" \/><\/a><!--more--><\/p>\n<p>Si collaboramos m\u00e1s all\u00e1 de fronteres, sectores y llendes, vamos amenorgar la contaminaci\u00f3n del aire por aciu inversiones colectives de tiempu, recursos y esfuerzos.<\/p>\n<p style=\"text-align: center\"><a href=\"https:\/\/www.betera.com\/wp-content\/uploads\/2020\/09\/tree-2916763_1920.jpg\"><img loading=\"lazy\" decoding=\"async\" class=\"aligncenter size-full\" src=\"https:\/\/www.betera.com\/wp-content\/uploads\/2020\/09\/tree-2916763_1920.jpg\" width=\"1920\" height=\"1138\" \/><\/a><\/p>\n<p style=\"text-align: center\"><a href=\"https:\/\/www.un.org\/sites\/un2.un.org\/files\/spanish_-_sg_clean_air.png\"><img loading=\"lazy\" decoding=\"async\" class=\"aligncenter \" src=\"https:\/\/www.un.org\/sites\/un2.un.org\/files\/spanish_-_sg_clean_air.png\" width=\"503\" height=\"503\" \/><\/a><\/p>\n<p>Nesti D\u00eda Internacional del Aire Llimpio per un cielu azul, faemos un llamamientu a toos \u2014dende gobiernos y empreses hasta socied\u00e1 civil y particulares\u2014 a invertir en <strong>#AireLimpioAhora<\/strong>. Si faemos frente a la contaminaci\u00f3n atmosf\u00e9rica de forma proactiva, vamos poder llograr un camb\u00e9u tresformador y garantizar un aire sano pa toles persones.<\/p>\n<p style=\"text-align: center\">\n<!-- iframe plugin v.6.0 wordpress.org\/plugins\/iframe\/ -->\n<iframe loading=\"lazy\" width=\"740\" height=\"416\" src=\"https:\/\/www.youtube.com\/embed\/39kyeYrEWIc\" title=\"Invest in #CleanAirNow for a healthier tomorrow\" frameborder=\"0\" allow=\"accelerometer; autoplay; clipboard-write; encrypted-media; gyroscope; picture-in-picture; web-share\" referrerpolicy=\"strict-origin-when-cross-origin\" 0=\"allowfullscreen\" 1=\"\/iframe\" scrolling=\"yes\" class=\"iframe-class\"><\/iframe>\n<\/p>\n<p><strong>L&#8217;aire llimpio y los Oxetivos de Desenvolvimientu Sostenible.<\/strong>\u00a0 Nel documentu final de la Conferencia de les Naciones Xun\u00edes sobro&#8217;l Desenvolvimientu Sostenible, titul\u00e1u <strong>\u201cEl futuru que queremos\u201d<\/strong>, los pa\u00edses comprometense a promover pol\u00edtiques de <strong>desenvolvimientu sostenible que contribuyeren a la bona calid\u00e1 del aire nel contestu de les ciudaes y los asentamientos humanos sostenibles.<\/strong> Coles mesmes, l&#8217;Axenda 2030 pal Desenvolvimientu Sostenible reconoz \u2014na so fueya de ruta pa llograr el desenvolvimientu sostenible, la protecci\u00f3n del mediu ambiente y la prosperid\u00e1 pa toos\u2014qu&#8217;amenorgar la contaminaci\u00f3n atmosf\u00e9rica ye importante pal cumplimientu de los Oxetivos de Desenvolvimientu Sostenible.<\/p>\n<p style=\"text-align: center\">\n<!-- iframe plugin v.6.0 wordpress.org\/plugins\/iframe\/ -->\n<iframe loading=\"lazy\" width=\"436\" height=\"246\" src=\"https:\/\/www.youtube.com\/embed\/vdhDnYdBDhQ\" title=\"OMS: Respira la Vida - C\u00f3mo la contaminaci\u00f3n del aire afecta a tu cuerpo\" frameborder=\"0\" allow=\"accelerometer; autoplay; clipboard-write; encrypted-media; gyroscope; picture-in-picture; web-share\" referrerpolicy=\"strict-origin-when-cross-origin\" 0=\"allowfullscreen\" 1=\"\/iframe\" scrolling=\"yes\" class=\"iframe-class\"><\/iframe>\n<\/p>\n<p style=\"text-align: center\"><a href=\"https:\/\/www.yoinfluyo.com\/wp-content\/uploads\/2022\/09\/info_aire.jpeg\"><img loading=\"lazy\" decoding=\"async\" class=\"aligncenter size-full\" src=\"https:\/\/www.yoinfluyo.com\/wp-content\/uploads\/2022\/09\/info_aire.jpeg\" width=\"1200\" height=\"1200\" \/><\/a><\/p>\n<p>&nbsp;<\/p>\n<p>&nbsp;<\/p>\n","protected":false},"excerpt":{"rendered":"<p>Fonte: UN \/ Recursos \/ La contaminaci\u00f3n del aire ye&#8217;l mayor riesgu ambiental para la sal\u00fa humana na actualid\u00e1. Coles mesmes, agrava los efectos del camb\u00e9u clim\u00e1ticu, provoca perdes econ\u00f3miques y amenorga la productivid\u00e1 agr\u00edcola. Nun conoz barreres: toos tenemos la responsabilid\u00e1 de protexer la nuesa atm\u00f3sfera y garantizar un aire sano para toles persones.<\/p>\n","protected":false},"author":117,"featured_media":0,"comment_status":"open","ping_status":"open","sticky":false,"template":"","format":"standard","meta":{"footnotes":""},"categories":[6],"tags":[],"class_list":["post-30823","post","type-post","status-publish","format-standard","hentry","category-dia-de"],"_links":{"self":[{"href":"https:\/\/edublog.educastur.es\/ixuxu\/wp-json\/wp\/v2\/posts\/30823","targetHints":{"allow":["GET"]}}],"collection":[{"href":"https:\/\/edublog.educastur.es\/ixuxu\/wp-json\/wp\/v2\/posts"}],"about":[{"href":"https:\/\/edublog.educastur.es\/ixuxu\/wp-json\/wp\/v2\/types\/post"}],"author":[{"embeddable":true,"href":"https:\/\/edublog.educastur.es\/ixuxu\/wp-json\/wp\/v2\/users\/117"}],"replies":[{"embeddable":true,"href":"https:\/\/edublog.educastur.es\/ixuxu\/wp-json\/wp\/v2\/comments?post=30823"}],"version-history":[{"count":10,"href":"https:\/\/edublog.educastur.es\/ixuxu\/wp-json\/wp\/v2\/posts\/30823\/revisions"}],"predecessor-version":[{"id":30834,"href":"https:\/\/edublog.educastur.es\/ixuxu\/wp-json\/wp\/v2\/posts\/30823\/revisions\/30834"}],"wp:attachment":[{"href":"https:\/\/edublog.educastur.es\/ixuxu\/wp-json\/wp\/v2\/media?parent=30823"}],"wp:term":[{"taxonomy":"category","embeddable":true,"href":"https:\/\/edublog.educastur.es\/ixuxu\/wp-json\/wp\/v2\/categories?post=30823"},{"taxonomy":"post_tag","embeddable":true,"href":"https:\/\/edublog.educastur.es\/ixuxu\/wp-json\/wp\/v2\/tags?post=30823"}],"curies":[{"name":"wp","href":"https:\/\/api.w.org\/{rel}","templated":true}]}}