{"id":30843,"date":"2024-09-17T23:40:44","date_gmt":"2024-09-17T21:40:44","guid":{"rendered":"https:\/\/edublog.educastur.es\/ixuxu\/?p=30843"},"modified":"2024-09-18T00:12:05","modified_gmt":"2024-09-17T22:12:05","slug":"30843","status":"publish","type":"post","link":"https:\/\/edublog.educastur.es\/ixuxu\/2024\/09\/30843\/","title":{"rendered":"Les primeres cases hobbit d&#8217;Asturies constr\u00fayense n&#8217;Arg\u00fceru, Villaviciosa"},"content":{"rendered":"<ul>\n<li>Fonte:<a href=\"https:\/\/www.rtpa.es\/noticias-asturias-ast\/2024-09-07\/Les-primeres-cases-hobbit-d'Asturies-construyense-n'Argueru,-Villaviciosa_111725708341.html\"> RTPA<\/a> \/<\/li>\n<\/ul>\n<div class=\"padding-t-35\"><\/div>\n<div id=\"multimedia\" class=\"capa_imagen_player img-det-not\">\n<div id=\"mediaplayer\">\n<div id=\"video-a-reproducir5620502049\" class=\"video-js vjs-default-skin vjs-16-9 vjs-big-play-centered vjs-paused vjs-controls-enabled vjs-workinghover vjs-v8 vjs-user-active video-a-reproducir5620502049-dimensions\" lang=\"es\" role=\"region\" aria-label=\"Reproductor de Video\">\n<div class=\"vjs-poster\"><img decoding=\"async\" class=\"aligncenter\" src=\"https:\/\/www.rtpa.es\/fotos\/\/24\/09\/20240907132622_RTPA5506715.jpg\" alt=\"\" \/><\/div>\n<div class=\"vjs-text-track-display\" aria-live=\"off\">\n<div><\/div>\n<\/div>\n<\/div>\n<\/div>\n<\/div>\n<div id=\"noticiacompleta\" class=\"parragraph-padding font-c-conent\">\n<h2 class=\"font-size-m padding-b-20 font-weight-b margin-t-16\"><span style=\"font-size: 20px;color: #008080\">Son cuatro apartamentos, de 50 metros cuadraos, inspiraos na lliteratura de Tolkien y promov\u00edos por una empresa familiar.<\/span><\/h2>\n<p>Nun tar\u00e1n baxo tierra como les de La Comarca de &#8216;El Se\u00f1or de los Anillos&#8217;, pero s\u00ed inspiraes nel so estilu. Tres d\u2019esta fantas\u00eda, que se fadr\u00e1 realid\u00e1 pronto en Villaviciosa, ta una empresa familiar. Y una finca d\u2019Arg\u00fceru ye\u2019l llugar escoy\u00edu apunta Juan Manuel Blanco, promotor del <strong>agospiu &#8216;La peque\u00f1a comarca&#8217;.<\/strong> Y too tar\u00e1 pensao pal esfrute de los m\u00e1s peque\u00f1os, con moblame y propuestes d\u2019entretenimientu a la so midida.\u00a0 Quieren que<strong> &#8216;La peque\u00f1a comarca&#8217; d\u2019Arg\u00fceru<\/strong> abra en Selmana Santa.<\/p>\n<p>&nbsp;<\/p>\n<p><!--more--><\/p>\n<p style=\"text-align: center\">Tar\u00e1n inspir\u00e1es\u00a0 nes cases de los hobbits&#8230;<\/p>\n<p><a href=\"https:\/\/st3.idealista.com\/news\/archivos\/styles\/fullwidth_xl\/public\/2015-12\/100x100_3.jpg?VersionId=GSCr3HYAh06Tb.igNOamFsP9wRTSKaB5&amp;itok=H93CdB4U\"><img loading=\"lazy\" decoding=\"async\" class=\"aligncenter size-full\" src=\"https:\/\/st3.idealista.com\/news\/archivos\/styles\/fullwidth_xl\/public\/2015-12\/100x100_3.jpg?VersionId=GSCr3HYAh06Tb.igNOamFsP9wRTSKaB5&amp;itok=H93CdB4U\" width=\"880\" height=\"463\" \/><\/a><\/p>\n<p style=\"text-align: center\"><a href=\"https:\/\/st3.idealista.com\/news\/archivos\/styles\/fullwidth_xl\/public\/2015-12\/hobbit_01_0.jpg?VersionId=F.jmLxOpLkawLGnnx4Hi85.Zrf5_cK7e&amp;itok=Fkjw30Cm\"><img loading=\"lazy\" decoding=\"async\" class=\"aligncenter size-full\" src=\"https:\/\/st3.idealista.com\/news\/archivos\/styles\/fullwidth_xl\/public\/2015-12\/hobbit_01_0.jpg?VersionId=F.jmLxOpLkawLGnnx4Hi85.Zrf5_cK7e&amp;itok=Fkjw30Cm\" width=\"880\" height=\"660\" \/><\/a><\/p>\n<p style=\"text-align: center\"><a href=\"https:\/\/st3.idealista.com\/news\/archivos\/styles\/fullwidth_xl\/public\/2015-12\/hobbit_05.jpg?VersionId=VXRpqnrhFsLNeTfuMBTJVfyyMZ6QqsLe&amp;itok=o94_L_er\"><img loading=\"lazy\" decoding=\"async\" class=\"aligncenter size-full\" src=\"https:\/\/st3.idealista.com\/news\/archivos\/styles\/fullwidth_xl\/public\/2015-12\/hobbit_05.jpg?VersionId=VXRpqnrhFsLNeTfuMBTJVfyyMZ6QqsLe&amp;itok=o94_L_er\" width=\"948\" height=\"662\" \/><\/a><\/p>\n<p style=\"text-align: center\"><a href=\"https:\/\/hips.hearstapps.com\/hmg-prod\/images\/02-hobbiton-airbnb-yellow-hobbit-hole-credit-larnie-nicolson-1670353269.jpg?crop=1xw:0.84375xh;center,top\"><br \/>\n<img loading=\"lazy\" decoding=\"async\" class=\"aligncenter size-full\" src=\"https:\/\/hips.hearstapps.com\/hmg-prod\/images\/02-hobbiton-airbnb-yellow-hobbit-hole-credit-larnie-nicolson-1670353269.jpg?crop=1xw:0.84375xh;center,top\" width=\"3000\" height=\"1688\" \/><\/a><\/p>\n<p style=\"text-align: center\"><a href=\"https:\/\/sm.ign.com\/t\/ign_es\/screenshot\/default\/hobbit-esdla_4rw5.2560.jpg\"><img loading=\"lazy\" decoding=\"async\" class=\"aligncenter size-full\" src=\"https:\/\/sm.ign.com\/t\/ign_es\/screenshot\/default\/hobbit-esdla_4rw5.2560.jpg\" width=\"1280\" height=\"720\" \/><\/a><\/p>\n<p>&nbsp;<\/p>\n<\/div>\n<p>&nbsp;<\/p>\n","protected":false},"excerpt":{"rendered":"<p>Fonte: RTPA \/ Son cuatro apartamentos, de 50 metros cuadraos, inspiraos na lliteratura de Tolkien y promov\u00edos por una empresa familiar. Nun tar\u00e1n baxo tierra como les de La Comarca de &#8216;El Se\u00f1or de los Anillos&#8217;, pero s\u00ed inspiraes nel so estilu. Tres d\u2019esta fantas\u00eda, que se fadr\u00e1 realid\u00e1 pronto en Villaviciosa, ta una empresa [&hellip;]<\/p>\n","protected":false},"author":117,"featured_media":0,"comment_status":"open","ping_status":"open","sticky":false,"template":"","format":"standard","meta":{"footnotes":""},"categories":[198,1],"tags":[],"class_list":["post-30843","post","type-post","status-publish","format-standard","hentry","category-arquitectura","category-sin-categoria"],"_links":{"self":[{"href":"https:\/\/edublog.educastur.es\/ixuxu\/wp-json\/wp\/v2\/posts\/30843","targetHints":{"allow":["GET"]}}],"collection":[{"href":"https:\/\/edublog.educastur.es\/ixuxu\/wp-json\/wp\/v2\/posts"}],"about":[{"href":"https:\/\/edublog.educastur.es\/ixuxu\/wp-json\/wp\/v2\/types\/post"}],"author":[{"embeddable":true,"href":"https:\/\/edublog.educastur.es\/ixuxu\/wp-json\/wp\/v2\/users\/117"}],"replies":[{"embeddable":true,"href":"https:\/\/edublog.educastur.es\/ixuxu\/wp-json\/wp\/v2\/comments?post=30843"}],"version-history":[{"count":5,"href":"https:\/\/edublog.educastur.es\/ixuxu\/wp-json\/wp\/v2\/posts\/30843\/revisions"}],"predecessor-version":[{"id":30972,"href":"https:\/\/edublog.educastur.es\/ixuxu\/wp-json\/wp\/v2\/posts\/30843\/revisions\/30972"}],"wp:attachment":[{"href":"https:\/\/edublog.educastur.es\/ixuxu\/wp-json\/wp\/v2\/media?parent=30843"}],"wp:term":[{"taxonomy":"category","embeddable":true,"href":"https:\/\/edublog.educastur.es\/ixuxu\/wp-json\/wp\/v2\/categories?post=30843"},{"taxonomy":"post_tag","embeddable":true,"href":"https:\/\/edublog.educastur.es\/ixuxu\/wp-json\/wp\/v2\/tags?post=30843"}],"curies":[{"name":"wp","href":"https:\/\/api.w.org\/{rel}","templated":true}]}}