{"id":30847,"date":"2024-09-09T09:10:01","date_gmt":"2024-09-09T07:10:01","guid":{"rendered":"https:\/\/edublog.educastur.es\/ixuxu\/?p=30847"},"modified":"2024-09-10T22:50:45","modified_gmt":"2024-09-10T20:50:45","slug":"dia-mundial-de-lagricultura","status":"publish","type":"post","link":"https:\/\/edublog.educastur.es\/ixuxu\/2024\/09\/dia-mundial-de-lagricultura\/","title":{"rendered":"D\u00eda Mundial de l&#8217;Agricultura"},"content":{"rendered":"<div class=\"html-div xdj266r x11i5rnm xat24cr x1mh8g0r xexx8yu x4uap5 x18d9i69 xkhd6sd\">\n<div class=\"x78zum5 xdt5ytf xz62fqu x16ldp7u\">\n<div class=\"xu06os2 x1ok221b\">\n<ul>\n<li class=\"html-h3 x11i5rnm xat24cr x1mh8g0r xexx8yu x4uap5 x18d9i69 xkhd6sd x1vvkbs x1heor9g x1qlqyl8 x1pd3egz x1a2a7pz x1gslohp x1yc453h\"><span class=\"x1lliihq x6ikm8r x10wlt62 x1n2onr6\"><span class=\"xt0psk2\"><a class=\"x1i10hfl xjbqb8w x1ejq31n xd10rxx x1sy0etr x17r0tee x972fbf xcfux6l x1qhh985 xm0m39n x9f619 x1ypdohk xt0psk2 xe8uvvx xdj266r x11i5rnm xat24cr x1mh8g0r xexx8yu x4uap5 x18d9i69 xkhd6sd x16tdsg8 x1hl2dhg xggy1nq x1a2a7pz x1sur9pj xkrqix3 xzsf02u x1s688f\" role=\"link\" href=\"https:\/\/www.facebook.com\/aeplaasoc?__cft__[0]=AZXXOuV3rWPmCS0yC9eJ8GMyO4vF-V99Jf_LEaIIrrbfApfH61USjk00piKTFjlHRAoJ_TGqDc7zZzzVWe5e6-hc_5tMe4OfzGWL6Ow7e1g78FjsTKoLhaLu6oU_xjdsfeDgpgZ-QYkn6QxNhJ2HzOZbQKvo6NRlGhrDrNVYjBc46F-SGc5hbcP6LTM6uXezDi_4ns8PSGOQ4Je9hrvPgTwgSLU9yrmVMOHaHPdfQUfS8g&amp;__tn__=-UC%2CP-y-R\"><strong class=\"html-strong xdj266r x11i5rnm xat24cr x1mh8g0r xexx8yu x4uap5 x18d9i69 xkhd6sd x1hl2dhg x16tdsg8 x1vvkbs x1s688f\"><span class=\"html-span xdj266r x11i5rnm xat24cr x1mh8g0r xexx8yu x4uap5 x18d9i69 xkhd6sd x1hl2dhg x16tdsg8 x1vvkbs\">AEPLA<\/span><\/strong><\/a><\/span><\/span>\/<span class=\"html-span xdj266r x11i5rnm xat24cr x1mh8g0r xexx8yu x4uap5 x18d9i69 xkhd6sd x1hl2dhg x16tdsg8 x1vvkbs\"><a class=\"x1i10hfl xjbqb8w x1ejq31n xd10rxx x1sy0etr x17r0tee x972fbf xcfux6l x1qhh985 xm0m39n x9f619 x1ypdohk xt0psk2 xe8uvvx xdj266r x11i5rnm xat24cr x1mh8g0r xexx8yu x4uap5 x18d9i69 xkhd6sd x16tdsg8 x1hl2dhg xggy1nq x1a2a7pz x1sur9pj xkrqix3 x1fey0fg xo1l8bm\" role=\"link\" href=\"https:\/\/www.facebook.com\/hashtag\/d%C3%ADamundialdelaagricultura?__eep__=6&amp;__cft__[0]=AZXXOuV3rWPmCS0yC9eJ8GMyO4vF-V99Jf_LEaIIrrbfApfH61USjk00piKTFjlHRAoJ_TGqDc7zZzzVWe5e6-hc_5tMe4OfzGWL6Ow7e1g78FjsTKoLhaLu6oU_xjdsfeDgpgZ-QYkn6QxNhJ2HzOZbQKvo6NRlGhrDrNVYjBc46F-SGc5hbcP6LTM6uXezDi_4ns8PSGOQ4Je9hrvPgTwgSLU9yrmVMOHaHPdfQUfS8g&amp;__tn__=*NK-y-R\">#D\u00edaMundialdelaAgricultura<\/a><\/span> <span class=\"html-span xexx8yu x4uap5 x18d9i69 xkhd6sd x1hl2dhg x16tdsg8 x1vvkbs x3nfvp2 x1j61x8r x1fcty0u xdj266r xat24cr xgzva0m xhhsvwb xxymvpz xlup9mm x1kky2od\"><img loading=\"lazy\" decoding=\"async\" class=\"xz74otr\" src=\"https:\/\/static.xx.fbcdn.net\/images\/emoji.php\/v9\/t94\/1\/16\/1f49a.png\" alt=\"?\" width=\"16\" height=\"16\" \/>\u00a0 <a href=\"https:\/\/www.facebook.com\/photo\/?fbid=903085608511696&amp;set=a.543507324469528\">Cartelu<\/a><br \/>\n<\/span><\/li>\n<li><a href=\"https:\/\/www.diainternacionalde.com\/ficha\/dia-mundial-agricultura\">D\u00eda de..<\/a>. \/ <strong>#DiaMundialdelaAgricultura #diaagricultura<\/strong><\/li>\n<\/ul>\n<p style=\"text-align: center\"><a href=\"https:\/\/www.randstad.es\/wp-content\/uploads\/2016\/08\/innovar-y-modernizar-la-agricultura-880.jpg\"><img loading=\"lazy\" decoding=\"async\" class=\"aligncenter size-full\" src=\"https:\/\/www.randstad.es\/wp-content\/uploads\/2016\/08\/innovar-y-modernizar-la-agricultura-880.jpg\" width=\"880\" height=\"450\" \/><\/a><\/p>\n<blockquote><p><span style=\"color: #008080\"><em>L&#8217;agricultura ye&#8217;l conxuntu d&#8217;actividaes econ\u00f3miques y <strong>t\u00e9cniques rellacionaes col tratamientu del suelu y el cultivu de la tierra para la producci\u00f3n d&#8217;alimentos<\/strong>. Entiende tou un conxuntu d&#8217;acciones humanes que tresforma&#8217;l mediu ambiente natural.<\/em><\/span><\/p><\/blockquote>\n<p><!--more--><\/p>\n<\/div>\n<\/div>\n<\/div>\n<div class=\"html-div xdj266r x11i5rnm xat24cr x1mh8g0r xexx8yu x4uap5 x18d9i69 xkhd6sd\" dir=\"auto\">\n<div class=\"html-div xdj266r x11i5rnm xat24cr x1mh8g0r xexx8yu x4uap5 x18d9i69 xkhd6sd\" dir=\"auto\">\n<div class=\"x1l90r2v x1pi30zi x1swvt13 x1iorvi4\" data-ad-comet-preview=\"message\" data-ad-preview=\"message\">\n<div class=\"x78zum5 xdt5ytf xz62fqu x16ldp7u\">\n<div class=\"xu06os2 x1ok221b\">\n<div class=\"x11i5rnm xat24cr x1mh8g0r x1vvkbs xtlvy1s x126k92a\">\n<div dir=\"auto\">A pesar del so calter milenariu, l&#8217;agricultura sigue siendo esencial para garantizar el nuesu desenvolvimientu y bienestar como socied\u00e1. Ta na nuesa mano reconocer el so llabor y contribuyir al so futuru.<\/div>\n<\/div>\n<div dir=\"auto\" style=\"text-align: center\"><a href=\"https:\/\/blog.aepla.es\/wp-content\/uploads\/2022\/03\/beneficios-agricultura-conservacion-huerto.jpeg\"><img loading=\"lazy\" decoding=\"async\" class=\"aligncenter size-full\" src=\"https:\/\/blog.aepla.es\/wp-content\/uploads\/2022\/03\/beneficios-agricultura-conservacion-huerto.jpeg\" width=\"1900\" height=\"1266\" \/><\/a><\/div>\n<div dir=\"auto\">\n<p>G\u00fcei rindimos homenaxe a una de les actividaes m\u00e1s antig\u00fces para la subsistencia de la humanid\u00e1. El 9 de setiembre celebra&#8217;l D\u00eda Mundial de l&#8217;Agricultura, una activid\u00e1 de gran importancia para&#8217;l desenvolvimientu sostenible de les naciones nel mundu.<\/p>\n<p>Menci\u00f3n especial merez l&#8217;esfuerzu de los peque\u00f1os, medianos y grandes productores del campu, dedicaos al cultivu de la tierra para la producci\u00f3n d&#8217;alimentos calidable para la poblaci\u00f3n. Con ello reconozse&#8217;l so trabayosu llabor na producci\u00f3n d&#8217;alimentos.<\/p>\n<p>La creaci\u00f3n d&#8217;esta fecha sirve para sopelexar los retos que tien d&#8217;enfrentar el sector agr\u00edcola \u00e9nte&#8217;l camb\u00e9u clim\u00e1ticu nel planeta y otros factores ambientales, seg\u00fan los nuevos patrones de consumu.<\/p>\n<p>Per otra parte, promover l&#8217;estudiu, desenvolvimientu ya innovaci\u00f3n de l&#8217;agricultura y el so impactu nel mediu ambiente, pal beneficiu de futures xeneraciones.<\/p>\n<p style=\"text-align: center\"><a href=\"https:\/\/www.diainternacionalde.com\/imagenes\/dias\/septiembre\/09-09_dia-mundial-agricultura_manzanas_m.jpg\"><img loading=\"lazy\" decoding=\"async\" class=\"aligncenter size-full\" src=\"https:\/\/www.diainternacionalde.com\/imagenes\/dias\/septiembre\/09-09_dia-mundial-agricultura_manzanas_m.jpg\" width=\"650\" height=\"415\" \/><\/a><\/p>\n<p><span style=\"color: #008080\"><em><strong>\u00bfQu\u00e9 ye l&#8217;agricultura?<\/strong> Entendemos por agricultura&#8217;l conxuntu d&#8217;actividaes rellacionaes col cultivu de la tierra y el tratamientu del suelu por aciu la intervenci\u00f3n del home pa la producci\u00f3n y llogru de:<\/em><\/span><\/p>\n<p><span style=\"color: #008080\"><em>Alimentos (verdures, vexetales, frutes, ceberes, tub\u00e9rculos, granos) pal consumu humanu.<\/em><\/span><br \/>\n<span style=\"color: #008080\"><em>Fibres (llinu, algod\u00f3n) utilizaes pa la confecci\u00f3n de prendes de vistir.<\/em><\/span><br \/>\n<span style=\"color: #008080\"><em>Camperes, granes y forraxes p&#8217;alimentar al gan\u00e1u, aves de corrolada y dom\u00e9stiques.<\/em><\/span><br \/>\n<span style=\"color: #008080\"><em>Cultivos enerx\u00e9ticos (ma\u00edz, soya) utilizaos na producci\u00f3n de bio-combustibles.<\/em><\/span><br \/>\n<span style=\"color: #008080\"><em>Productos qu\u00edmicos (etanol, pl\u00e1sticos, almid\u00f3n, azucre).<\/em><\/span><br \/>\n<span style=\"color: #008080\"><em>Productos biofarmac\u00e9uticos y drogues llegales<\/em><\/span>.<\/p>\n<p>Na actualid\u00e1 en dellos pa\u00edses util\u00edcense t\u00e9cniques ya innovaciones aplicaes a la tecnolox\u00eda pal llabr\u00e1u y cultivu de la tierra, seg\u00fan pa efectuar los controles pertinentes para xuna meyor calid\u00e1 de los productos agr\u00edcoles.<\/p>\n<p>Or\u00edxenes de l&#8217;agricultura. Enval\u00f3rase que les actividaes d&#8217;agricultura aniciarense mientres el periodu del<strong> neol\u00edticu<\/strong>, constituyendo xuna evoluci\u00f3n de les actividaes de recueya, caza y pesca. S&#8217;evidenciaron nos primeros cultivos de trigu y cebada, siendo llabores efectuaos poles families pal so propiu sustentu.<\/p>\n<p>Y\u00e1 na ed\u00e1 media aplic\u00e1ronse delles innovaciones, por aciu nueves formes de producci\u00f3n, amontando les colleches y la varied\u00e1 de productos agr\u00edcoles.<\/p>\n<p style=\"text-align: center\"><a href=\"https:\/\/plantae.garden\/wp-content\/uploads\/2022\/02\/agricultura-circular-tradicional-1-1-1024x919.png\"><img loading=\"lazy\" decoding=\"async\" class=\"aligncenter size-full\" src=\"https:\/\/plantae.garden\/wp-content\/uploads\/2022\/02\/agricultura-circular-tradicional-1-1-1024x919.png\" width=\"1024\" height=\"919\" \/><\/a><\/p>\n<p>Na actualid\u00e1, el sector agr\u00edcola dispon de maquinaria y tecnolox\u00eda de punta que facilita los llabores de llabranza, cultivu y collecha, aumentando considerablemente los niveles de producci\u00f3n y la calid\u00e1 de los sos productos, satisfaciendo les necesidaes de consumu de les families a nivel mundial.<\/p>\n<p>El sector agr\u00edcola efectu\u00f3 notables meyores pa la meyora de les t\u00e9cniques y m\u00e9todos de producci\u00f3n, seg\u00fan na calid\u00e1 de los alimentos. <span style=\"color: #008080\"><em>Dalgunos de les meyores tecnol\u00f3xiques que ta revolucionando a l&#8217;agricultura son los siguientes:<\/em><\/span><\/p>\n<ul>\n<li><span style=\"color: #008080\"><em>Tecnolox\u00eda GPS pa la midida, rexistru y c\u00e1lculu d&#8217;\u00e1rea de terrenes.<\/em><\/span><\/li>\n<li><span style=\"color: #008080\"><em>Sensores de temperatura y mugor, pa la midida de diversos \u00cdndices de Vexetaci\u00f3n y conten\u00edu de clorofila, con cuenta d&#8217;embrivir l&#8217;impactu del suelu mientres la etapa de crecedera de les plantes, detectar el conten\u00edu de vexetaci\u00f3n y la cantid\u00e1 de nitr\u00f3xenu nos cultivos.<\/em><\/span><\/li>\n<li><span style=\"color: #008080\"><em>Usu d&#8217;aviones teledirixidos pa la distribuci\u00f3n de plaguicidas pa compensar la invasi\u00f3n d&#8217;insectos y drones pal llogru de datos como niveles de saturaci\u00f3n de l&#8217;agua, altor de les plantes y determinar la biomasa de los cultivos.<\/em><\/span><\/li>\n<li><span style=\"color: #008080\"><em>Software SIG aplic\u00e1u a l&#8217;agricultura, pa la escoyeta de datos, temperatura, condiciones clim\u00e1tiques y del suelu, rendimientu de los cultivos.<\/em><\/span><\/li>\n<\/ul>\n<p>&nbsp;<\/p>\n<\/div>\n<\/div>\n<\/div>\n<\/div>\n<\/div>\n<\/div>\n<p>&nbsp;<\/p>\n","protected":false},"excerpt":{"rendered":"<p>AEPLA\/#D\u00edaMundialdelaAgricultura \u00a0 Cartelu D\u00eda de&#8230; \/ #DiaMundialdelaAgricultura #diaagricultura L&#8217;agricultura ye&#8217;l conxuntu d&#8217;actividaes econ\u00f3miques y t\u00e9cniques rellacionaes col tratamientu del suelu y el cultivu de la tierra para la producci\u00f3n d&#8217;alimentos. Entiende tou un conxuntu d&#8217;acciones humanes que tresforma&#8217;l mediu ambiente natural.<\/p>\n","protected":false},"author":117,"featured_media":0,"comment_status":"open","ping_status":"open","sticky":false,"template":"","format":"standard","meta":{"footnotes":""},"categories":[138,6],"tags":[],"class_list":["post-30847","post","type-post","status-publish","format-standard","hentry","category-alimentos","category-dia-de"],"_links":{"self":[{"href":"https:\/\/edublog.educastur.es\/ixuxu\/wp-json\/wp\/v2\/posts\/30847","targetHints":{"allow":["GET"]}}],"collection":[{"href":"https:\/\/edublog.educastur.es\/ixuxu\/wp-json\/wp\/v2\/posts"}],"about":[{"href":"https:\/\/edublog.educastur.es\/ixuxu\/wp-json\/wp\/v2\/types\/post"}],"author":[{"embeddable":true,"href":"https:\/\/edublog.educastur.es\/ixuxu\/wp-json\/wp\/v2\/users\/117"}],"replies":[{"embeddable":true,"href":"https:\/\/edublog.educastur.es\/ixuxu\/wp-json\/wp\/v2\/comments?post=30847"}],"version-history":[{"count":4,"href":"https:\/\/edublog.educastur.es\/ixuxu\/wp-json\/wp\/v2\/posts\/30847\/revisions"}],"predecessor-version":[{"id":30894,"href":"https:\/\/edublog.educastur.es\/ixuxu\/wp-json\/wp\/v2\/posts\/30847\/revisions\/30894"}],"wp:attachment":[{"href":"https:\/\/edublog.educastur.es\/ixuxu\/wp-json\/wp\/v2\/media?parent=30847"}],"wp:term":[{"taxonomy":"category","embeddable":true,"href":"https:\/\/edublog.educastur.es\/ixuxu\/wp-json\/wp\/v2\/categories?post=30847"},{"taxonomy":"post_tag","embeddable":true,"href":"https:\/\/edublog.educastur.es\/ixuxu\/wp-json\/wp\/v2\/tags?post=30847"}],"curies":[{"name":"wp","href":"https:\/\/api.w.org\/{rel}","templated":true}]}}